{"id":45593,"date":"2022-11-09T10:26:36","date_gmt":"2022-11-09T13:26:36","guid":{"rendered":"https:\/\/www.portalalerta.com.br\/?p=45593"},"modified":"2022-11-09T10:27:19","modified_gmt":"2022-11-09T13:27:19","slug":"tcu-nao-encontra-irregularidades-em-urnas-no-segundo-turno","status":"publish","type":"post","link":"https:\/\/www.portalalerta.com.br\/index.php\/2022\/11\/09\/tcu-nao-encontra-irregularidades-em-urnas-no-segundo-turno\/","title":{"rendered":"TCU n\u00e3o encontra irregularidades em urnas no segundo turno"},"content":{"rendered":"\n<p><em>Tribunal faz parte da comiss\u00e3o de transpar\u00eancia das elei\u00e7\u00f5es<\/em><\/p>\n\n\n\n<!--more-->\n\n\n\n<p>O Tribunal de Contas da Uni\u00e3o (TCU) n\u00e3o encontrou diverg\u00eancias nos boletins das urnas eletr\u00f4nicas que foram analisadas durante auditoria realizada no segundo turno das elei\u00e7\u00f5es.&nbsp;<\/p>\n\n\n\n<p>De acordo com informa\u00e7\u00f5es divulgadas pelo tribunal, nenhuma diverg\u00eancia foi encontrada pelos t\u00e9cnicos do \u00f3rg\u00e3o nos 604 boletins analisados com base nas informa\u00e7\u00f5es disponibilizadas pelo Tribunal Superior Eleitoral (TSE).&nbsp;<\/p>\n\n\n\n<div class=\"wp-block-image\"><figure class=\"aligncenter size-full\"><img fetchpriority=\"high\" decoding=\"async\" width=\"720\" height=\"181\" src=\"https:\/\/www.portalalerta.com.br\/wp-content\/uploads\/2018\/02\/Auto-Escola-Nobre.jpg\" alt=\"\" class=\"wp-image-4869\" srcset=\"https:\/\/www.portalalerta.com.br\/wp-content\/uploads\/2018\/02\/Auto-Escola-Nobre.jpg 720w, https:\/\/www.portalalerta.com.br\/wp-content\/uploads\/2018\/02\/Auto-Escola-Nobre-260x65.jpg 260w, https:\/\/www.portalalerta.com.br\/wp-content\/uploads\/2018\/02\/Auto-Escola-Nobre-50x13.jpg 50w, https:\/\/www.portalalerta.com.br\/wp-content\/uploads\/2018\/02\/Auto-Escola-Nobre-150x38.jpg 150w\" sizes=\"(max-width: 720px) 100vw, 720px\" \/><\/figure><\/div>\n\n\n\n<p>O boletim \u00e9 impresso pelos mes\u00e1rios ap\u00f3s o encerramento da vota\u00e7\u00e3o e afixado na porta da se\u00e7\u00e3o eleitoral. O documento cont\u00e9m o n\u00famero de votos por candidato, nulos, brancos e dados sobre o equipamento de vota\u00e7\u00e3o.&nbsp;<\/p>\n\n\n\n<p>O relat\u00f3rio com as informa\u00e7\u00f5es consolidadas ser\u00e1 anexado ao processo que trata da auditoria das elei\u00e7\u00f5es, iniciada em 2021, em conjunto com a Justi\u00e7a Eleitoral. O resultado final est\u00e1 previsto para o in\u00edcio de 2023.&nbsp;<\/p>\n\n\n\n<p>De acordo com o TCU, sua atua\u00e7\u00e3o no trabalho de auditoria das urnas objetiva garantir a confiabilidade das informa\u00e7\u00f5es p\u00fablicas repassadas \u00e0 sociedade. O tribunal tamb\u00e9m faz parte da comiss\u00e3o de transpar\u00eancia das elei\u00e7\u00f5es, grupo que \u00e9 presidido pelo TSE.&nbsp;<\/p>\n\n\n\n<p>Em julho, antes das elei\u00e7\u00f5es, o TCU concluiu que o sistema eletr\u00f4nico de vota\u00e7\u00e3o do Brasil\u00a0\u00e9 seguro\u00a0e que n\u00e3o havia riscos relevantes para a realiza\u00e7\u00e3o do pleito.<\/p>\n\n\n\n<p><em>Fonte: Ag\u00eancia Brasil<\/em><\/p>\n","protected":false},"excerpt":{"rendered":"<p>Tribunal faz parte da comiss\u00e3o de transpar\u00eancia das elei\u00e7\u00f5es<\/p>\n","protected":false},"author":2,"featured_media":21416,"comment_status":"open","ping_status":"open","sticky":false,"template":"","format":"standard","meta":{"om_disable_all_campaigns":false,"_monsterinsights_skip_tracking":false,"_monsterinsights_sitenote_active":false,"_monsterinsights_sitenote_note":"","_monsterinsights_sitenote_category":0,"footnotes":""},"categories":[34,70,69,21],"tags":[100,71,48,4179,93,75,4178,4180,3181,129,107,4181,132,230,3828,106,203,120,51,199,109,88,47,111,1317],"class_list":["post-45593","post","type-post","status-publish","format-standard","has-post-thumbnail","hentry","category-brasil","category-destaques","category-noticias2","category-politica","tag-adustina","tag-antas","tag-araci","tag-banzae-2","tag-brasil","tag-cicero-dantas","tag-cipo-2","tag-crisopolis-2","tag-eleicoes-2022","tag-euclides-da-cunha","tag-fatima","tag-heliopolis-2","tag-itapicuru","tag-jeremoabo","tag-noticias","tag-nova-soure","tag-novo-triunfo","tag-olindina","tag-paripiranga","tag-politica","tag-quijingue","tag-ribeira-do-amparo","tag-ribeira-do-pombal","tag-sitio-do-quinto","tag-tcu"],"aioseo_notices":[],"_links":{"self":[{"href":"https:\/\/www.portalalerta.com.br\/index.php\/wp-json\/wp\/v2\/posts\/45593","targetHints":{"allow":["GET"]}}],"collection":[{"href":"https:\/\/www.portalalerta.com.br\/index.php\/wp-json\/wp\/v2\/posts"}],"about":[{"href":"https:\/\/www.portalalerta.com.br\/index.php\/wp-json\/wp\/v2\/types\/post"}],"author":[{"embeddable":true,"href":"https:\/\/www.portalalerta.com.br\/index.php\/wp-json\/wp\/v2\/users\/2"}],"replies":[{"embeddable":true,"href":"https:\/\/www.portalalerta.com.br\/index.php\/wp-json\/wp\/v2\/comments?post=45593"}],"version-history":[{"count":2,"href":"https:\/\/www.portalalerta.com.br\/index.php\/wp-json\/wp\/v2\/posts\/45593\/revisions"}],"predecessor-version":[{"id":45596,"href":"https:\/\/www.portalalerta.com.br\/index.php\/wp-json\/wp\/v2\/posts\/45593\/revisions\/45596"}],"wp:featuredmedia":[{"embeddable":true,"href":"https:\/\/www.portalalerta.com.br\/index.php\/wp-json\/wp\/v2\/media\/21416"}],"wp:attachment":[{"href":"https:\/\/www.portalalerta.com.br\/index.php\/wp-json\/wp\/v2\/media?parent=45593"}],"wp:term":[{"taxonomy":"category","embeddable":true,"href":"https:\/\/www.portalalerta.com.br\/index.php\/wp-json\/wp\/v2\/categories?post=45593"},{"taxonomy":"post_tag","embeddable":true,"href":"https:\/\/www.portalalerta.com.br\/index.php\/wp-json\/wp\/v2\/tags?post=45593"}],"curies":[{"name":"wp","href":"https:\/\/api.w.org\/{rel}","templated":true}]}}