{"id":45599,"date":"2022-11-09T15:17:25","date_gmt":"2022-11-09T18:17:25","guid":{"rendered":"https:\/\/www.portalalerta.com.br\/?p=45599"},"modified":"2022-11-09T15:17:26","modified_gmt":"2022-11-09T18:17:26","slug":"programa-de-rastreamento-do-cancer-de-mama-em-ribeira-do-pombal-ba","status":"publish","type":"post","link":"https:\/\/www.portalalerta.com.br\/index.php\/2022\/11\/09\/programa-de-rastreamento-do-cancer-de-mama-em-ribeira-do-pombal-ba\/","title":{"rendered":"Programa de Rastreamento do C\u00e2ncer de Mama em Ribeira do Pombal-BA"},"content":{"rendered":"\n<p>Entre os dias 11 a 26 de novembro 2022, o Programa de Rastreamento Estadual do C\u00e2ncer de Mama, do Estado da Bahia, estar\u00e1 em Ribeira do Pombal-BA para realiza\u00e7\u00e3o de mamografias em mulheres na faixa et\u00e1ria de 40 a 69 anos.<\/p>\n\n\n\n<!--more-->\n\n\n\n<p>Para participar do mutir\u00e3o de atendimento as interessadas devem procurar a sua Unidade de Sa\u00fade e agendar garantindo sua vaga.<\/p>\n\n\n\n<p><em>Fonte: Joilson Costa<\/em><\/p>\n\n\n\n<p><em>Com informa\u00e7\u00f5es: SECOM\/ Ribeira do Pombal<\/em><\/p>\n","protected":false},"excerpt":{"rendered":"<p>Entre os dias 11 a 26 de novembro 2022, o Programa de Rastreamento Estadual do C\u00e2ncer de Mama, do Estado da Bahia, estar\u00e1 em Ribeira do Pombal-BA para realiza\u00e7\u00e3o de mamografias em mulheres na faixa et\u00e1ria de 40 a 69 anos.<\/p>\n","protected":false},"author":2,"featured_media":45235,"comment_status":"open","ping_status":"open","sticky":false,"template":"","format":"standard","meta":{"om_disable_all_campaigns":false,"_monsterinsights_skip_tracking":false,"_monsterinsights_sitenote_active":false,"_monsterinsights_sitenote_note":"","_monsterinsights_sitenote_category":0,"footnotes":""},"categories":[70,69,32,3,19],"tags":[100,71,48,4179,3471,75,4178,4180,129,107,4181,132,230,3828,106,203,120,51,109,5660,88,47,61,111,190],"class_list":["post-45599","post","type-post","status-publish","format-standard","has-post-thumbnail","hentry","category-destaques","category-noticias2","category-regiao","category-ribeira-do-pombal","category-saude","tag-adustina","tag-antas","tag-araci","tag-banzae-2","tag-cancer-de-mama","tag-cicero-dantas","tag-cipo-2","tag-crisopolis-2","tag-euclides-da-cunha","tag-fatima","tag-heliopolis-2","tag-itapicuru","tag-jeremoabo","tag-noticias","tag-nova-soure","tag-novo-triunfo","tag-olindina","tag-paripiranga","tag-quijingue","tag-rastreamento","tag-ribeira-do-amparo","tag-ribeira-do-pombal","tag-saude","tag-sitio-do-quinto","tag-tucano"],"aioseo_notices":[],"_links":{"self":[{"href":"https:\/\/www.portalalerta.com.br\/index.php\/wp-json\/wp\/v2\/posts\/45599","targetHints":{"allow":["GET"]}}],"collection":[{"href":"https:\/\/www.portalalerta.com.br\/index.php\/wp-json\/wp\/v2\/posts"}],"about":[{"href":"https:\/\/www.portalalerta.com.br\/index.php\/wp-json\/wp\/v2\/types\/post"}],"author":[{"embeddable":true,"href":"https:\/\/www.portalalerta.com.br\/index.php\/wp-json\/wp\/v2\/users\/2"}],"replies":[{"embeddable":true,"href":"https:\/\/www.portalalerta.com.br\/index.php\/wp-json\/wp\/v2\/comments?post=45599"}],"version-history":[{"count":1,"href":"https:\/\/www.portalalerta.com.br\/index.php\/wp-json\/wp\/v2\/posts\/45599\/revisions"}],"predecessor-version":[{"id":45600,"href":"https:\/\/www.portalalerta.com.br\/index.php\/wp-json\/wp\/v2\/posts\/45599\/revisions\/45600"}],"wp:featuredmedia":[{"embeddable":true,"href":"https:\/\/www.portalalerta.com.br\/index.php\/wp-json\/wp\/v2\/media\/45235"}],"wp:attachment":[{"href":"https:\/\/www.portalalerta.com.br\/index.php\/wp-json\/wp\/v2\/media?parent=45599"}],"wp:term":[{"taxonomy":"category","embeddable":true,"href":"https:\/\/www.portalalerta.com.br\/index.php\/wp-json\/wp\/v2\/categories?post=45599"},{"taxonomy":"post_tag","embeddable":true,"href":"https:\/\/www.portalalerta.com.br\/index.php\/wp-json\/wp\/v2\/tags?post=45599"}],"curies":[{"name":"wp","href":"https:\/\/api.w.org\/{rel}","templated":true}]}}