{"id":45601,"date":"2022-11-09T15:28:11","date_gmt":"2022-11-09T18:28:11","guid":{"rendered":"https:\/\/www.portalalerta.com.br\/?p=45601"},"modified":"2022-11-09T15:28:13","modified_gmt":"2022-11-09T18:28:13","slug":"costa-neto-anuncia-que-pl-fara-oposicao-ao-governo-lula","status":"publish","type":"post","link":"https:\/\/www.portalalerta.com.br\/index.php\/2022\/11\/09\/costa-neto-anuncia-que-pl-fara-oposicao-ao-governo-lula\/","title":{"rendered":"Costa Neto anuncia que PL far\u00e1 oposi\u00e7\u00e3o ao governo Lula"},"content":{"rendered":"\n<p><strong>Ex-deputado \u00e9 presidente do partido ao qual Bolsonaro \u00e9 filiado e pelo qual tentou a reelei\u00e7\u00e3o. Segundo Costa Neto, presidente foi convidado a assumir presid\u00eancia de honra do PL.<\/strong><\/p>\n\n\n\n<!--more-->\n\n\n\n<p>O presidente do\u00a0PL,\u00a0Valdemar Costa Neto, afirmou nesta ter\u00e7a-feira (8) que o partido far\u00e1 oposi\u00e7\u00e3o ao governo do presidente eleito, Luiz In\u00e1cio\u00a0Lula\u00a0da Silva (PT), a partir do ano que vem. Sigla \u00e0 qual o presidente\u00a0Jair Bolsonaro\u00a0\u00e9 filiado e pelo qual tentou a reelei\u00e7\u00e3o em 2022, o PL apoiou Lula e esteve na base de apoio do petista quando ele foi presidente, entre 2003 e 2010.<\/p>\n\n\n\n<p>Nas elei\u00e7\u00f5es de 2022, impulsionado pelo bolsonarismo e tendo como candidatos nomes ligados ao presidente da Rep\u00fablica, o PL foi o\u00a0partido que mais elegeu deputados federais (99). Tamb\u00e9m ter\u00e1\u00a0a maior bancada do Senado em 2023 (15 cadeiras ao todo).<\/p>\n\n\n\n<div class=\"wp-block-image\"><figure class=\"alignleft size-full is-resized\"><img fetchpriority=\"high\" decoding=\"async\" src=\"https:\/\/www.portalalerta.com.br\/wp-content\/uploads\/2021\/04\/ELAB.jpg\" alt=\"\" class=\"wp-image-34795\" width=\"393\" height=\"314\" srcset=\"https:\/\/www.portalalerta.com.br\/wp-content\/uploads\/2021\/04\/ELAB.jpg 1000w, https:\/\/www.portalalerta.com.br\/wp-content\/uploads\/2021\/04\/ELAB-300x240.jpg 300w, https:\/\/www.portalalerta.com.br\/wp-content\/uploads\/2021\/04\/ELAB-768x614.jpg 768w, https:\/\/www.portalalerta.com.br\/wp-content\/uploads\/2021\/04\/ELAB-183x146.jpg 183w, https:\/\/www.portalalerta.com.br\/wp-content\/uploads\/2021\/04\/ELAB-50x40.jpg 50w, https:\/\/www.portalalerta.com.br\/wp-content\/uploads\/2021\/04\/ELAB-94x75.jpg 94w\" sizes=\"(max-width: 393px) 100vw, 393px\" \/><\/figure><\/div>\n\n\n\n<p>Em entrevista coletiva nesta ter\u00e7a, Costa Neto apontou que &#8220;a maioria dos deputados e senadores escolhida pela na\u00e7\u00e3o s\u00e3o defensores dos mesmos ideais que o PL defende&#8221; e que esses valores &#8220;foram glorificados&#8221; com a chegada Bolsonaro ao partido.<\/p>\n\n\n\n<p><strong><em>&#8220;Portanto o PL n\u00e3o renunciar\u00e1 \u00e0s suas bandeiras de ideias, ser\u00e1 oposi\u00e7\u00e3o aos valores comunistas e socialistas, ser\u00e1 oposi\u00e7\u00e3o ao futuro presidente&#8221;<\/em><\/strong>, disse Costa Neto, que \u00e9 ex-deputado federal.<\/p>\n\n\n\n<p>Em dezembro de 2013, Costa Neto\u00a0foi preso ap\u00f3s ter sido condenado a sete anos e dez meses de pris\u00e3o\u00a0pelos crimes de corrup\u00e7\u00e3o passiva e lavagem de dinheiro, dentro do processo que ficou conhecido como\u00a0&#8220;mensal\u00e3o&#8221;.<\/p>\n\n\n\n<p>Costa Neto foi questionado se o PL reconhece a vit\u00f3ria de Lula. Ele evitou responder diretamente, apesar de pouco antes ter dito que far\u00e1 oposi\u00e7\u00e3o ao novo presidente.<\/p>\n\n\n\n<p><strong><em>&#8220;Dif\u00edcil, vamos ter que esperar o relat\u00f3rio do Ex\u00e9rcito amanh\u00e3. Temos diversos questionamentos que fizemos ao TSE, vamos esperar essas respostas&#8221;<\/em><\/strong>, disse o presidente do PL.<\/p>\n\n\n\n<p><strong>Vota\u00e7\u00e3o de projetos<\/strong><\/p>\n\n\n\n<p>De acordo com o presidente do PL, a oposi\u00e7\u00e3o a Lula n\u00e3o impede que o partido vote, por exemplo, a favor da\u00a0Proposta de Emenda \u00e0 Constitui\u00e7\u00e3o (PEC) de transi\u00e7\u00e3o, articulada pelo presidente eleito para viabilizar o pagamento de promessas de campanha, como o Bolsa Fam\u00edlia no valor de R$ 600.<\/p>\n\n\n\n<p><strong><em>&#8220;Conversei longamente com o presidente Bolsonaro. Ele falou que todos esses assuntos t\u00eam que ser levados \u00e0 bancada e resolvemos juntos. Se \u00e9 de interesse p\u00fablico, e interesse do pa\u00eds, n\u00f3s vamos votar a favor, mas tudo tem que ser muito resolvido junto&#8221;<\/em><\/strong>, disse Costa Neto.<\/p>\n\n\n\n<p>Ainda segundo ele, Bolsonaro ser\u00e1 convidado para ser presidente de honra da sigla.<\/p>\n\n\n\n<p>Ele disse que <strong><em>&#8220;quer pagar o maior valor que puder&#8221;<\/em><\/strong> como sal\u00e1rio de Bolsonaro na fun\u00e7\u00e3o de presidente de honra do PL, mas negou que o partido ir\u00e1 alugar uma casa no Lago Sul, \u00e1rea nobre de\u00a0Bras\u00edlia, para o atual presidente da Rep\u00fablica morar.<\/p>\n\n\n\n<p><strong>Presid\u00eancias da C\u00e2mara e do Senado<\/strong><\/p>\n\n\n\n<p>Segundo Costa Neto, o partido ir\u00e1 apoiar a reelei\u00e7\u00e3o do atual presidente da C\u00e2mara,\u00a0Arthur Lira\u00a0(PP-AL), em fevereiro do ano que vem. A contrapartida, segundo o ex-deputado, \u00e9 que Lira apoie um nome do PL para a presid\u00eancia do Senado.<\/p>\n\n\n\n<p>Ele apontou que o PL fez as maiores bancadas na C\u00e2mara e no Senado e que, por isso, <strong><em>&#8220;n\u00e3o \u00e9 poss\u00edvel que a gente n\u00e3o tenha a presid\u00eancia de uma das Casas&#8221;<\/em><\/strong>.<\/p>\n\n\n\n<p><strong><em>&#8220;Vamos apoiar Arthur Lira com a garantia que ele nos ajude e nos trabalhe a ter o nosso presidente do Senado&#8221;<\/em><\/strong>, disse Valdemar. <strong><em>&#8220;Temos que compor na C\u00e2mara para ter sucesso no Senado.&#8221;<\/em><\/strong><\/p>\n\n\n\n<p><em>Fonte: G1<\/em><\/p>\n","protected":false},"excerpt":{"rendered":"<p>Ex-deputado \u00e9 presidente do partido ao qual Bolsonaro \u00e9 filiado e pelo qual tentou a reelei\u00e7\u00e3o. Segundo Costa Neto, presidente foi convidado a assumir presid\u00eancia de honra do PL.<\/p>\n","protected":false},"author":2,"featured_media":44870,"comment_status":"open","ping_status":"open","sticky":false,"template":"","format":"standard","meta":{"om_disable_all_campaigns":false,"_monsterinsights_skip_tracking":false,"_monsterinsights_sitenote_active":false,"_monsterinsights_sitenote_note":"","_monsterinsights_sitenote_category":0,"footnotes":""},"categories":[34,70,69,21],"tags":[100,71,48,4179,93,75,4178,4180,129,107,4181,132,1395,230,303,3828,106,203,120,646,51,3391,109,88,47,111,190,5065],"class_list":["post-45601","post","type-post","status-publish","format-standard","has-post-thumbnail","hentry","category-brasil","category-destaques","category-noticias2","category-politica","tag-adustina","tag-antas","tag-araci","tag-banzae-2","tag-brasil","tag-cicero-dantas","tag-cipo-2","tag-crisopolis-2","tag-euclides-da-cunha","tag-fatima","tag-heliopolis-2","tag-itapicuru","tag-jair-bolsonaro","tag-jeremoabo","tag-lula","tag-noticias","tag-nova-soure","tag-novo-triunfo","tag-olindina","tag-oposicao","tag-paripiranga","tag-pl","tag-quijingue","tag-ribeira-do-amparo","tag-ribeira-do-pombal","tag-sitio-do-quinto","tag-tucano","tag-valdemar-costa-neto"],"aioseo_notices":[],"_links":{"self":[{"href":"https:\/\/www.portalalerta.com.br\/index.php\/wp-json\/wp\/v2\/posts\/45601","targetHints":{"allow":["GET"]}}],"collection":[{"href":"https:\/\/www.portalalerta.com.br\/index.php\/wp-json\/wp\/v2\/posts"}],"about":[{"href":"https:\/\/www.portalalerta.com.br\/index.php\/wp-json\/wp\/v2\/types\/post"}],"author":[{"embeddable":true,"href":"https:\/\/www.portalalerta.com.br\/index.php\/wp-json\/wp\/v2\/users\/2"}],"replies":[{"embeddable":true,"href":"https:\/\/www.portalalerta.com.br\/index.php\/wp-json\/wp\/v2\/comments?post=45601"}],"version-history":[{"count":1,"href":"https:\/\/www.portalalerta.com.br\/index.php\/wp-json\/wp\/v2\/posts\/45601\/revisions"}],"predecessor-version":[{"id":45602,"href":"https:\/\/www.portalalerta.com.br\/index.php\/wp-json\/wp\/v2\/posts\/45601\/revisions\/45602"}],"wp:featuredmedia":[{"embeddable":true,"href":"https:\/\/www.portalalerta.com.br\/index.php\/wp-json\/wp\/v2\/media\/44870"}],"wp:attachment":[{"href":"https:\/\/www.portalalerta.com.br\/index.php\/wp-json\/wp\/v2\/media?parent=45601"}],"wp:term":[{"taxonomy":"category","embeddable":true,"href":"https:\/\/www.portalalerta.com.br\/index.php\/wp-json\/wp\/v2\/categories?post=45601"},{"taxonomy":"post_tag","embeddable":true,"href":"https:\/\/www.portalalerta.com.br\/index.php\/wp-json\/wp\/v2\/tags?post=45601"}],"curies":[{"name":"wp","href":"https:\/\/api.w.org\/{rel}","templated":true}]}}