{"id":45606,"date":"2022-11-09T16:20:37","date_gmt":"2022-11-09T19:20:37","guid":{"rendered":"https:\/\/www.portalalerta.com.br\/?p=45606"},"modified":"2022-11-09T16:20:39","modified_gmt":"2022-11-09T19:20:39","slug":"morre-gal-costa-uma-das-maiores-vozes-da-musica-brasileira-aos-77-anos","status":"publish","type":"post","link":"https:\/\/www.portalalerta.com.br\/index.php\/2022\/11\/09\/morre-gal-costa-uma-das-maiores-vozes-da-musica-brasileira-aos-77-anos\/","title":{"rendered":"Morre Gal Costa, uma das maiores vozes da m\u00fasica brasileira, aos 77 anos"},"content":{"rendered":"\n<p>Gal Costa, uma das maiores vozes da\u00a0m\u00fasicapopular brasileira, morreu na manh\u00e3 desta quarta-feira (9), aos 77 anos. A informa\u00e7\u00e3o foi confirmada pela assessoria de imprensa da artista e at\u00e9 o momento, a causa da morte \u00e9 desconhecida. Ainda n\u00e3o h\u00e1 detalhes a respeito do vel\u00f3rio e do sepultamento da cantora.<\/p>\n\n\n\n<!--more-->\n\n\n\n<p>A cantora, autora e int\u00e9rprete de\u00a0grandes sucessos nos 50 anos de carreira, era uma das atra\u00e7\u00f5es do festival\u00a0Primavera Sound, que aconteceu em S\u00e3o Paulo no \u00faltimo fim de semana, mas teve sua participa\u00e7\u00e3o cancelada de \u00faltima hora.<\/p>\n\n\n\n<p>Gal estava em S\u00e3o Paulo e n\u00e3o estava internada, segundo apura\u00e7\u00e3o preliminar. De acordo com a equipe da pr\u00f3pria Gal Costa, ela precisava se recuperar ap\u00f3s a retirada de um n\u00f3dulo na fossa nasal direita e\u00a0ficaria fora dos palcos at\u00e9 o final de novembro, seguindo recomenda\u00e7\u00f5es m\u00e9dicas.<\/p>\n\n\n\n<div class=\"wp-block-image\"><figure class=\"alignleft size-full is-resized\"><img fetchpriority=\"high\" decoding=\"async\" src=\"https:\/\/www.portalalerta.com.br\/wp-content\/uploads\/2022\/03\/Cred-Real.1.jpg\" alt=\"\" class=\"wp-image-41523\" width=\"405\" height=\"324\" srcset=\"https:\/\/www.portalalerta.com.br\/wp-content\/uploads\/2022\/03\/Cred-Real.1.jpg 500w, https:\/\/www.portalalerta.com.br\/wp-content\/uploads\/2022\/03\/Cred-Real.1-300x240.jpg 300w, https:\/\/www.portalalerta.com.br\/wp-content\/uploads\/2022\/03\/Cred-Real.1-183x146.jpg 183w, https:\/\/www.portalalerta.com.br\/wp-content\/uploads\/2022\/03\/Cred-Real.1-50x40.jpg 50w, https:\/\/www.portalalerta.com.br\/wp-content\/uploads\/2022\/03\/Cred-Real.1-94x75.jpg 94w\" sizes=\"(max-width: 405px) 100vw, 405px\" \/><\/figure><\/div>\n\n\n\n<p>A cirurgia ocorreu em setembro, pouco ap\u00f3s sua apresenta\u00e7\u00e3o em outro festival de m\u00fasica em S\u00e3o Paulo, o\u00a0Coala. De l\u00e1 para c\u00e1, ela n\u00e3o havia voltado a se apresentar, mas j\u00e1 tinha datas de shows da turn\u00ea &#8220;As V\u00e1rias Pontas de uma Estrela&#8221; marcadas para dezembro e janeiro.<\/p>\n\n\n\n<p>Em 2011, ela venceu o Grammy Latino \u00e0 Excel\u00eancia Musical na categoria &#8220;conjunto da obra&#8221;&#8221;.<\/p>\n\n\n\n<p>Ao todo,\u00a0Gal produziu 31 \u00e1lbuns de est\u00fadio desde 1967, quando estreou na cena musical com o disco &#8220;Domingo&#8221;, ao lado de Caetano Veloso.<\/p>\n\n\n\n<p>Ela tamb\u00e9m gravou nove DVDs, o \u00faltimo deles em 2018, com Gilberto Gil e Nando Reis.<\/p>\n\n\n\n<p><strong>Quem foi Gal Costa?<\/strong><\/p>\n\n\n\n<p>Nascida Maria da Gra\u00e7a Costa Penna Burgos em Salvador, na Bahia, em 1945, Gal Costa sempre foi incentivada pela m\u00e3e a seguir carreira na m\u00fasica. J\u00e1 o pai, morto em sua adolesc\u00eancia, foi uma figura ausente.<\/p>\n\n\n\n<p>No come\u00e7o da vida adulta, ela trabalhou como balconista de uma loja de discos na capital baiana, a Roni Discos, uma das principais da cidade. No in\u00edcio dos anos 1960, foi apresentada a Caetano Veloso, encontro a partir do qual foi criado um v\u00ednculo pessoal a art\u00edstico que perduraria at\u00e9 sua morte.<\/p>\n\n\n\n<p>Gal foi uma revolu\u00e7\u00e3o das vozes e dos costumes na m\u00fasica brasileira desde seu surgimento na cena nacional, nessa mesma d\u00e9cada<\/p>\n\n\n\n<p>Aproximou-se ainda adolescente aos tamb\u00e9m baianos Caetano Veloso,\u00a0Maria Beth\u00e2nia\u00a0e Gilberto Gil, com quem integraria o grupo conhecido como Doces B\u00e1rbaros, respons\u00e1vel mais tarde por um disco definidor da d\u00e9cada de 1970.<\/p>\n\n\n\n<p>Tinha ainda pouco mais de 20 anos quando participou do \u00e1lbum <strong><em>&#8220;Tropic\u00e1lia ou Panis et Circencis&#8221;<\/em><\/strong>, pedra fundamental do movimento tropicalista. Logo depois, em 1971, fez um dos espet\u00e1culos de maior repercuss\u00e3o da hist\u00f3ria da MPB, <strong>&#8220;Fa-Tal&#8221;<\/strong>, que viraria tamb\u00e9m um \u00e1lbum cultuado.<\/p>\n\n\n\n<p>Em 1977, o LP <strong>&#8220;Caras e bocas&#8221;<\/strong>, que incluiu a can\u00e7\u00e3o <strong>&#8220;Tigresa&#8221;<\/strong>, do cantor Caetano Veloso, marcou sua carreira pelas excelentes cr\u00edticas. Em 1980, ganhou seu terceiro Disco de Ouro, com o LP <strong>&#8220;Aquarela do Brasil&#8221;<\/strong>, no qual gravou somente m\u00fasicas de Ary Barroso.<\/p>\n\n\n\n<p>A partir da segunda metade dos anos 1990, Gal Costa passou a reler suas antigas grava\u00e7\u00f5es e sua voz foi se tornando cada vez mais popular por can\u00e7\u00f5es como <strong>&#8220;Modinha para Gabriela&#8221;<\/strong>, sucesso estrondoso de Dorival Caymmi que abria a novela da Globo inspirada em Jorge Amado, e por hits reunidos no \u00e1lbum <strong>&#8220;\u00c1gua Viva&#8221;<\/strong>, de 1978, como <strong>&#8220;Folhetim&#8221;<\/strong>, de Chico Buarque, e <strong>&#8220;Paula e Bebeto&#8221;<\/strong>, de Milton Nascimento e Caetano.<\/p>\n\n\n\n<p>Foi nesta fase que a cantora se incorporou mais ao mainstream das grandes redes e r\u00e1dios, come\u00e7ando a se descolar da imagem de \u00edcone da subvers\u00e3o tropicalista. A parceria com Caetano nunca esmoreceu, mas Gal passou a tirar seus hits de compositores de correntes diversas, como Chico \u2014 <strong>&#8220;A Hist\u00f3ria de Lily Braun&#8221;<\/strong>, <strong>&#8220;Futuros Amantes&#8221;<\/strong>\u2014 , Djavan, de <strong>&#8220;Azul&#8221;<\/strong> e <strong>&#8220;Nuvem Negra&#8221;<\/strong>, e Moraes Moreira, de <strong>&#8220;Festa do Interior&#8221;<\/strong>.<\/p>\n\n\n\n<p>Nos \u00faltimos anos, a cantora quebrou um jejum que usara para se dedicar \u00e0 fam\u00edlia para lan\u00e7ar \u00e1lbuns elogiados como <strong>&#8220;Recanto&#8221;<\/strong>, de 2012, a homenagem a Lupic\u00ednio Rodrigues, uma de suas grandes influ\u00eancias, em 2014, e <strong>&#8220;Estratosf\u00e9rica&#8221;<\/strong>, de 2016.<\/p>\n\n\n\n<p>Mais recentemente ela vinha se unindo a vozes em ascens\u00e3o como maneira de redescobrir sua m\u00fasica e prestar homenagem \u00e0s novas gera\u00e7\u00f5es. Gravou o sucesso <strong>&#8220;Cuidando de Longe&#8221;<\/strong> com a sertaneja Mar\u00edlia Mendon\u00e7a, morta h\u00e1 um ano, e o \u00e1lbum &#8220;Nenhuma Dor&#8221;, em que cantava alguns dos maiores sucessos de sua vida ao lado de nomes com Tim Bernardes, Seu Jorge, Criolo e Jorge Drexler.<\/p>\n\n\n\n<p><em>Fonte: Yahoo Not\u00edcias<\/em><\/p>\n","protected":false},"excerpt":{"rendered":"<p>Gal Costa, uma das maiores vozes da\u00a0m\u00fasicapopular brasileira, morreu na manh\u00e3 desta quarta-feira (9), aos 77 anos. A informa\u00e7\u00e3o foi confirmada pela assessoria de imprensa da artista e at\u00e9 o momento, a causa da morte \u00e9 desconhecida. Ainda n\u00e3o h\u00e1 detalhes a respeito do vel\u00f3rio e do sepultamento da cantora.<\/p>\n","protected":false},"author":2,"featured_media":45608,"comment_status":"open","ping_status":"open","sticky":false,"template":"","format":"standard","meta":{"om_disable_all_campaigns":false,"_monsterinsights_skip_tracking":false,"_monsterinsights_sitenote_active":false,"_monsterinsights_sitenote_note":"","_monsterinsights_sitenote_category":0,"footnotes":""},"categories":[33,34,70,69],"tags":[100,71,48,54,4179,93,75,4178,4180,129,107,5684,4181,132,230,169,3828,106,203,120,51,109,88,47,111],"class_list":["post-45606","post","type-post","status-publish","format-standard","has-post-thumbnail","hentry","category-bahia","category-brasil","category-destaques","category-noticias2","tag-adustina","tag-antas","tag-araci","tag-bahia","tag-banzae-2","tag-brasil","tag-cicero-dantas","tag-cipo-2","tag-crisopolis-2","tag-euclides-da-cunha","tag-fatima","tag-gal-costa","tag-heliopolis-2","tag-itapicuru","tag-jeremoabo","tag-morte","tag-noticias","tag-nova-soure","tag-novo-triunfo","tag-olindina","tag-paripiranga","tag-quijingue","tag-ribeira-do-amparo","tag-ribeira-do-pombal","tag-sitio-do-quinto"],"aioseo_notices":[],"_links":{"self":[{"href":"https:\/\/www.portalalerta.com.br\/index.php\/wp-json\/wp\/v2\/posts\/45606","targetHints":{"allow":["GET"]}}],"collection":[{"href":"https:\/\/www.portalalerta.com.br\/index.php\/wp-json\/wp\/v2\/posts"}],"about":[{"href":"https:\/\/www.portalalerta.com.br\/index.php\/wp-json\/wp\/v2\/types\/post"}],"author":[{"embeddable":true,"href":"https:\/\/www.portalalerta.com.br\/index.php\/wp-json\/wp\/v2\/users\/2"}],"replies":[{"embeddable":true,"href":"https:\/\/www.portalalerta.com.br\/index.php\/wp-json\/wp\/v2\/comments?post=45606"}],"version-history":[{"count":1,"href":"https:\/\/www.portalalerta.com.br\/index.php\/wp-json\/wp\/v2\/posts\/45606\/revisions"}],"predecessor-version":[{"id":45609,"href":"https:\/\/www.portalalerta.com.br\/index.php\/wp-json\/wp\/v2\/posts\/45606\/revisions\/45609"}],"wp:featuredmedia":[{"embeddable":true,"href":"https:\/\/www.portalalerta.com.br\/index.php\/wp-json\/wp\/v2\/media\/45608"}],"wp:attachment":[{"href":"https:\/\/www.portalalerta.com.br\/index.php\/wp-json\/wp\/v2\/media?parent=45606"}],"wp:term":[{"taxonomy":"category","embeddable":true,"href":"https:\/\/www.portalalerta.com.br\/index.php\/wp-json\/wp\/v2\/categories?post=45606"},{"taxonomy":"post_tag","embeddable":true,"href":"https:\/\/www.portalalerta.com.br\/index.php\/wp-json\/wp\/v2\/tags?post=45606"}],"curies":[{"name":"wp","href":"https:\/\/api.w.org\/{rel}","templated":true}]}}