{"id":45611,"date":"2022-11-10T15:29:36","date_gmt":"2022-11-10T18:29:36","guid":{"rendered":"https:\/\/www.portalalerta.com.br\/?p=45611"},"modified":"2022-11-10T15:29:38","modified_gmt":"2022-11-10T18:29:38","slug":"camara-da-premio-a-moraes-por-eleicoes-e-enfurece-bolsonaristas","status":"publish","type":"post","link":"https:\/\/www.portalalerta.com.br\/index.php\/2022\/11\/10\/camara-da-premio-a-moraes-por-eleicoes-e-enfurece-bolsonaristas\/","title":{"rendered":"C\u00e2mara d\u00e1 pr\u00eamio a Moraes por elei\u00e7\u00f5es e enfurece bolsonaristas"},"content":{"rendered":"\n<p>A Comiss\u00e3o de Fiscaliza\u00e7\u00e3o Financeira e Controle da C\u00e2mara da Deputados aprovou nesta quarta-feira (9) um pr\u00eamio ao ministro Alexandre de Moraes, presidente da Corte, por sua atua\u00e7\u00e3o durante as elei\u00e7\u00f5es de 2022.<\/p>\n\n\n\n<!--more-->\n\n\n\n<p>A indica\u00e7\u00e3o enfureceu deputados da base do governo de Jair Bolsonaro (PL), que tentaram derrubar a honraria. Parlamentares pediram a palavra e, em tom acalorado, criticaram a indica\u00e7\u00e3o do ministro.<\/p>\n\n\n\n<p><strong><em>&#8220;N\u00f3s, deputados federais, estamos acompanhando uma cruzada de abusos desse ministro e vamos aqui na C\u00e2mara homenage\u00e1-lo?&#8221;<\/em><\/strong>, questionou Sanderson (PL-RS).<\/p>\n\n\n\n<p>Ele citou que a homenagem foi feita um dia ap\u00f3s o TSE (Tribunal Superior Eleitoral) ter derrubado a conta do Twitter do deputado Jos\u00e9 Medeiros (PL-MT).<\/p>\n\n\n\n<p>A indica\u00e7\u00e3o de Moraes foi feita pelo deputado Aureo Ribeiro (Solidariedade-RJ). Na justificativa, citou sua atua\u00e7\u00e3o <strong><em>&#8220;durante as elei\u00e7\u00f5es do ano de 2022, com uma gest\u00e3o transparente e eficiente&#8221;<\/em><\/strong>.<\/p>\n\n\n\n<p>Bolsonarista, a deputada Caroline de Toni (PL-SC) afirmou que o TSE derrubou a conta no Twitter de Nikolas Ferreira (PL-MG), o parlamentar mais votado nas urnas deste ano.<\/p>\n\n\n\n<p><strong><em>&#8220;Acreditamos que, se tem uma homenagem que n\u00e3o deve ser feita ao Alexandre de Moraes, \u00e9 pela transpar\u00eancia. Ele botou em xeque todo o Estado constitucional brasileiro&#8221;<\/em><\/strong>, afirmou ela.<\/p>\n\n\n\n<p>Durante o per\u00edodo eleitoral, o TSE proferiu v\u00e1rias decis\u00f5es que derrubaram contas, v\u00eddeos ou outros materiais de parlamentares, por violarem leis eleitorais ou serem considerados not\u00edcias falsas.<\/p>\n\n\n\n<p><em>Fonte: Yahoo Not\u00edcias<\/em><\/p>\n","protected":false},"excerpt":{"rendered":"<p>A Comiss\u00e3o de Fiscaliza\u00e7\u00e3o Financeira e Controle da C\u00e2mara da Deputados aprovou nesta quarta-feira (9) um pr\u00eamio ao ministro Alexandre de Moraes, presidente da Corte, por sua atua\u00e7\u00e3o durante as elei\u00e7\u00f5es de 2022.<\/p>\n","protected":false},"author":2,"featured_media":45612,"comment_status":"open","ping_status":"open","sticky":false,"template":"","format":"standard","meta":{"om_disable_all_campaigns":false,"_monsterinsights_skip_tracking":false,"_monsterinsights_sitenote_active":false,"_monsterinsights_sitenote_note":"","_monsterinsights_sitenote_category":0,"footnotes":""},"categories":[34,70,69,21],"tags":[100,1173,71,48,4179,93,186,75,4178,4180,129,107,4181,1271,132,230,3828,106,203,120,51,109,88,47,111,549,190],"class_list":["post-45611","post","type-post","status-publish","format-standard","has-post-thumbnail","hentry","category-brasil","category-destaques","category-noticias2","category-politica","tag-adustina","tag-alexandre-de-moraes","tag-antas","tag-araci","tag-banzae-2","tag-brasil","tag-camara-dos-deputados","tag-cicero-dantas","tag-cipo-2","tag-crisopolis-2","tag-euclides-da-cunha","tag-fatima","tag-heliopolis-2","tag-homenagem","tag-itapicuru","tag-jeremoabo","tag-noticias","tag-nova-soure","tag-novo-triunfo","tag-olindina","tag-paripiranga","tag-quijingue","tag-ribeira-do-amparo","tag-ribeira-do-pombal","tag-sitio-do-quinto","tag-tse","tag-tucano"],"aioseo_notices":[],"_links":{"self":[{"href":"https:\/\/www.portalalerta.com.br\/index.php\/wp-json\/wp\/v2\/posts\/45611","targetHints":{"allow":["GET"]}}],"collection":[{"href":"https:\/\/www.portalalerta.com.br\/index.php\/wp-json\/wp\/v2\/posts"}],"about":[{"href":"https:\/\/www.portalalerta.com.br\/index.php\/wp-json\/wp\/v2\/types\/post"}],"author":[{"embeddable":true,"href":"https:\/\/www.portalalerta.com.br\/index.php\/wp-json\/wp\/v2\/users\/2"}],"replies":[{"embeddable":true,"href":"https:\/\/www.portalalerta.com.br\/index.php\/wp-json\/wp\/v2\/comments?post=45611"}],"version-history":[{"count":1,"href":"https:\/\/www.portalalerta.com.br\/index.php\/wp-json\/wp\/v2\/posts\/45611\/revisions"}],"predecessor-version":[{"id":45613,"href":"https:\/\/www.portalalerta.com.br\/index.php\/wp-json\/wp\/v2\/posts\/45611\/revisions\/45613"}],"wp:featuredmedia":[{"embeddable":true,"href":"https:\/\/www.portalalerta.com.br\/index.php\/wp-json\/wp\/v2\/media\/45612"}],"wp:attachment":[{"href":"https:\/\/www.portalalerta.com.br\/index.php\/wp-json\/wp\/v2\/media?parent=45611"}],"wp:term":[{"taxonomy":"category","embeddable":true,"href":"https:\/\/www.portalalerta.com.br\/index.php\/wp-json\/wp\/v2\/categories?post=45611"},{"taxonomy":"post_tag","embeddable":true,"href":"https:\/\/www.portalalerta.com.br\/index.php\/wp-json\/wp\/v2\/tags?post=45611"}],"curies":[{"name":"wp","href":"https:\/\/api.w.org\/{rel}","templated":true}]}}