{"id":45724,"date":"2022-11-16T16:52:14","date_gmt":"2022-11-16T19:52:14","guid":{"rendered":"https:\/\/www.portalalerta.com.br\/?p=45724"},"modified":"2022-11-16T16:52:16","modified_gmt":"2022-11-16T19:52:16","slug":"isabel-icone-do-volei-morre-dois-dias-apos-entrar-em-grupo-de-transicao-do-governo-lula","status":"publish","type":"post","link":"https:\/\/www.portalalerta.com.br\/index.php\/2022\/11\/16\/isabel-icone-do-volei-morre-dois-dias-apos-entrar-em-grupo-de-transicao-do-governo-lula\/","title":{"rendered":"Isabel, \u00edcone do v\u00f4lei, morre dois dias ap\u00f3s entrar em grupo de transi\u00e7\u00e3o do governo Lula"},"content":{"rendered":"\n<p>Isabel foi a primeira estrela do v\u00f4lei feminino brasileiro<\/p>\n\n\n\n<!--more-->\n\n\n\n<p>Morreu nesta quarta-feira (16) a ex-jogadora de v\u00f4lei e v\u00f4lei de praia Isabel Salgado, a Isabel do V\u00f4lei, aos 62 anos. Na segunda-feira (14), ela havia sido inclu\u00edda no grupo de transi\u00e7\u00e3o do esporte do governo do presidente eleito Lula (PT). Naquele dia, j\u00e1 n\u00e3o estava bem. Ontem foi diagnosticada com uma bact\u00e9ria no pulm\u00e3o, e hoje faleceu de madrugada.\u00a0<\/p>\n\n\n\n<div class=\"wp-block-image\"><figure class=\"alignleft size-full is-resized\"><img fetchpriority=\"high\" decoding=\"async\" src=\"https:\/\/www.portalalerta.com.br\/wp-content\/uploads\/2021\/04\/ELAB.jpg\" alt=\"\" class=\"wp-image-34795\" width=\"360\" height=\"287\" srcset=\"https:\/\/www.portalalerta.com.br\/wp-content\/uploads\/2021\/04\/ELAB.jpg 1000w, https:\/\/www.portalalerta.com.br\/wp-content\/uploads\/2021\/04\/ELAB-300x240.jpg 300w, https:\/\/www.portalalerta.com.br\/wp-content\/uploads\/2021\/04\/ELAB-768x614.jpg 768w, https:\/\/www.portalalerta.com.br\/wp-content\/uploads\/2021\/04\/ELAB-183x146.jpg 183w, https:\/\/www.portalalerta.com.br\/wp-content\/uploads\/2021\/04\/ELAB-50x40.jpg 50w, https:\/\/www.portalalerta.com.br\/wp-content\/uploads\/2021\/04\/ELAB-94x75.jpg 94w\" sizes=\"(max-width: 360px) 100vw, 360px\" \/><\/figure><\/div>\n\n\n\n<p>A morte foi confirmada pela produtora de cinema Paula Barreto, em mensagem no grupo Esporte Pela Democracia. &#8220;Fiz um call com ela na segunda-feira. Ela estava super gripada. Falei para ela ir a um hospital, ela me disse que j\u00e1 tinha ido e testado negativo para Covid. Na segunda a noite foi dormir e passou mal.\u00a0<br>\u00a0<br>Deixou de ir para o hospital S\u00edrio na ter\u00e7a de manh\u00e3. Quando acordou na ter\u00e7a j\u00e1 estava bem pior. Internou no S\u00edrio j\u00e1 no CTI. Detectaram uma bact\u00e9ria que j\u00e1 tinha tomado todo o pulm\u00e3o. Foi entubada e teve uma parada card\u00edaca \u00e0s 4h da manh\u00e3 de hoje&#8221;, escreveu Paula. \u00c0 coluna, a produtora informou que recebeu a informa\u00e7\u00e3o da irm\u00e3 da Isabel, In\u00eas, que \u00e9 figurinista de um filme que ela est\u00e1 rodando.<\/p>\n\n\n\n<p><em>Fonte: Metro1<\/em><\/p>\n","protected":false},"excerpt":{"rendered":"<p>Isabel foi a primeira estrela do v\u00f4lei feminino brasileiro<\/p>\n","protected":false},"author":2,"featured_media":45725,"comment_status":"open","ping_status":"open","sticky":false,"template":"","format":"standard","meta":{"om_disable_all_campaigns":false,"_monsterinsights_skip_tracking":false,"_monsterinsights_sitenote_active":false,"_monsterinsights_sitenote_note":"","_monsterinsights_sitenote_category":0,"footnotes":""},"categories":[34,70,2,69],"tags":[93,96,169,4795],"class_list":["post-45724","post","type-post","status-publish","format-standard","has-post-thumbnail","hentry","category-brasil","category-destaques","category-esportes","category-noticias2","tag-brasil","tag-esporte","tag-morte","tag-voleibol"],"aioseo_notices":[],"_links":{"self":[{"href":"https:\/\/www.portalalerta.com.br\/index.php\/wp-json\/wp\/v2\/posts\/45724","targetHints":{"allow":["GET"]}}],"collection":[{"href":"https:\/\/www.portalalerta.com.br\/index.php\/wp-json\/wp\/v2\/posts"}],"about":[{"href":"https:\/\/www.portalalerta.com.br\/index.php\/wp-json\/wp\/v2\/types\/post"}],"author":[{"embeddable":true,"href":"https:\/\/www.portalalerta.com.br\/index.php\/wp-json\/wp\/v2\/users\/2"}],"replies":[{"embeddable":true,"href":"https:\/\/www.portalalerta.com.br\/index.php\/wp-json\/wp\/v2\/comments?post=45724"}],"version-history":[{"count":1,"href":"https:\/\/www.portalalerta.com.br\/index.php\/wp-json\/wp\/v2\/posts\/45724\/revisions"}],"predecessor-version":[{"id":45726,"href":"https:\/\/www.portalalerta.com.br\/index.php\/wp-json\/wp\/v2\/posts\/45724\/revisions\/45726"}],"wp:featuredmedia":[{"embeddable":true,"href":"https:\/\/www.portalalerta.com.br\/index.php\/wp-json\/wp\/v2\/media\/45725"}],"wp:attachment":[{"href":"https:\/\/www.portalalerta.com.br\/index.php\/wp-json\/wp\/v2\/media?parent=45724"}],"wp:term":[{"taxonomy":"category","embeddable":true,"href":"https:\/\/www.portalalerta.com.br\/index.php\/wp-json\/wp\/v2\/categories?post=45724"},{"taxonomy":"post_tag","embeddable":true,"href":"https:\/\/www.portalalerta.com.br\/index.php\/wp-json\/wp\/v2\/tags?post=45724"}],"curies":[{"name":"wp","href":"https:\/\/api.w.org\/{rel}","templated":true}]}}