{"id":45729,"date":"2022-11-16T17:08:30","date_gmt":"2022-11-16T20:08:30","guid":{"rendered":"https:\/\/www.portalalerta.com.br\/?p=45729"},"modified":"2022-11-16T17:08:31","modified_gmt":"2022-11-16T20:08:31","slug":"nao-ha-seguranca-climatica-sem-amazonia-protegida-diz-lula-na-cop27","status":"publish","type":"post","link":"https:\/\/www.portalalerta.com.br\/index.php\/2022\/11\/16\/nao-ha-seguranca-climatica-sem-amazonia-protegida-diz-lula-na-cop27\/","title":{"rendered":"&#8216;N\u00e3o h\u00e1 seguran\u00e7a clim\u00e1tica sem Amaz\u00f4nia protegida&#8217;, diz Lula na COP27"},"content":{"rendered":"\n<p>O presidente eleito\u00a0Luiz In\u00e1cio Lula da Silva\u00a0(PT) afirmou nesta quarta-feira (16) que n\u00e3o existe seguran\u00e7a clim\u00e1tica sem a Amaz\u00f4nia protegida, e que seu governo n\u00e3o medir\u00e1 esfor\u00e7os para acabar com o desmatamento at\u00e9 2030.<\/p>\n\n\n\n<!--more-->\n\n\n\n<p><strong><em>\u201cNingu\u00e9m est\u00e1 salvo. A emerg\u00eancia clim\u00e1tica afeta a todos, embora seus efeitos recaiam com maior intensidade sobre os maiores vulner\u00e1veis. Por isso, a luta contra o aquecimento global \u00e9 indissoci\u00e1vel da luta contra a pobreza e por um mundo menos desigual e mais justo. N\u00e3o h\u00e1 seguran\u00e7a clim\u00e1tica para o mundo sem uma Amaz\u00f4nia\u201d<\/em><\/strong><em>, disse.<\/em><\/p>\n\n\n\n<div class=\"wp-block-image\"><figure class=\"alignleft size-full is-resized\"><img fetchpriority=\"high\" decoding=\"async\" src=\"https:\/\/www.portalalerta.com.br\/wp-content\/uploads\/2022\/03\/Cred-Real.1.jpg\" alt=\"\" class=\"wp-image-41523\" width=\"402\" height=\"322\" srcset=\"https:\/\/www.portalalerta.com.br\/wp-content\/uploads\/2022\/03\/Cred-Real.1.jpg 500w, https:\/\/www.portalalerta.com.br\/wp-content\/uploads\/2022\/03\/Cred-Real.1-300x240.jpg 300w, https:\/\/www.portalalerta.com.br\/wp-content\/uploads\/2022\/03\/Cred-Real.1-183x146.jpg 183w, https:\/\/www.portalalerta.com.br\/wp-content\/uploads\/2022\/03\/Cred-Real.1-50x40.jpg 50w, https:\/\/www.portalalerta.com.br\/wp-content\/uploads\/2022\/03\/Cred-Real.1-94x75.jpg 94w\" sizes=\"(max-width: 402px) 100vw, 402px\" \/><\/figure><\/div>\n\n\n\n<p>O petista discursou na COP27 (Confer\u00eancia sobre as Mudan\u00e7as Clim\u00e1ticas das Na\u00e7\u00f5es Unidas), realizada em Sharm El Sheik, no Egito.<\/p>\n\n\n\n<p>Segundo ele, com a sua vit\u00f3ria nas elei\u00e7\u00f5es presidenciais deste ano, o Brasil volta para reatar la\u00e7os com o mundo. Lula destacou que o pa\u00eds vai ajudar novamente a combater a fome no mundo, cooperar com os pa\u00edses mais pobres, sobretudo na \u00c1frica, e estreitar rela\u00e7\u00f5es com pa\u00edses latino-americanos.<\/p>\n\n\n\n<p><strong><em>&#8220;Voltamos para ajudar a construir uma ordem mundial pac\u00edfica, assentada no di\u00e1logo, no multilateralismo e na multipolaridade.&#8221;<\/em><\/strong><\/p>\n\n\n\n<p>Lula voltou a dizer que o povo brasileiro fez a sua escolha e que <strong><em>\u201ca democracia venceu\u201d<\/em><\/strong>. <strong><em>\u201cCom isso, volta a vigorar os valores civilizat\u00f3rios, o respeito pelos direitos humanos e o compromisso de enfrentar com determina\u00e7\u00e3o a mudan\u00e7a clim\u00e1tica.\u201d<\/em><\/strong><\/p>\n\n\n\n<p>De acordo com o petista, o pleito que ocorreu em outubro foram respons\u00e1veis por ajudar a conter o avan\u00e7o da <strong><em>\u201cextrema direita autorit\u00e1ria e antidemocr\u00e1tica, e do negacionismo clim\u00e1tico no mundo\u201d<\/em><\/strong>.<\/p>\n\n\n\n<p>O presidente eleito tamb\u00e9m reafirmou o compromisso de criar o Minist\u00e9rio dos Povos Origin\u00e1rios, e disse que os ind\u00edgenas e aqueles que moram na regi\u00e3o amaz\u00f4nica devem ser os <strong><em>\u201cprotagonistas da sua preserva\u00e7\u00e3o\u201d<\/em><\/strong>.<\/p>\n\n\n\n<p><strong><em>&#8220;Os 28 milh\u00f5es de brasileiros que moram na Amaz\u00f4nia t\u00eam que ser os primeiros parceiros, agentes e benefici\u00e1rios de um modelo de desenvolvimento local sustent\u00e1vel, n\u00e3o de um modelo que ao destruir a floresta gera pouca e ef\u00eamera riqueza para poucos, e preju\u00edzo ambiental para muitos.&#8221;<\/em><\/strong><\/p>\n\n\n\n<p>Esta foi a segunda vez que Lula falou na confer\u00eancia. Mais cedo, o presidente eleito fez um pronunciamento no evento, e anunciou que pedir\u00e1 \u00e0 ONU para que o Brasil\u00a0seja sede da COP30, marcada para acontecer em 2025. Ele tamb\u00e9m disse que o pa\u00eds\u00a0<strong><em>&#8220;est\u00e1 de volta&#8221;.<\/em><\/strong><\/p>\n\n\n\n<p><strong><em>&#8220;O Brasil est\u00e1 saindo daquele casulo ao qual foi submetido nos \u00faltimos quatro anos. O Brasil n\u00e3o nasceu para ser isolado. Somos um pa\u00eds muito grande com uma cultura extraordin\u00e1ria&#8221;,<\/em><\/strong><em> <\/em>falou<em>.<\/em><\/p>\n\n\n\n<p><em>Fonte: Yahoo Not\u00edcias<\/em><\/p>\n","protected":false},"excerpt":{"rendered":"<p>O presidente eleito\u00a0Luiz In\u00e1cio Lula da Silva\u00a0(PT) afirmou nesta quarta-feira (16) que n\u00e3o existe seguran\u00e7a clim\u00e1tica sem a Amaz\u00f4nia protegida, e que seu governo n\u00e3o medir\u00e1 esfor\u00e7os para acabar com o desmatamento at\u00e9 2030.<\/p>\n","protected":false},"author":2,"featured_media":45730,"comment_status":"open","ping_status":"open","sticky":false,"template":"","format":"standard","meta":{"om_disable_all_campaigns":false,"_monsterinsights_skip_tracking":false,"_monsterinsights_sitenote_active":false,"_monsterinsights_sitenote_note":"","_monsterinsights_sitenote_category":0,"footnotes":""},"categories":[34,70,35,69,21],"tags":[3063,93,5688,303],"class_list":["post-45729","post","type-post","status-publish","format-standard","has-post-thumbnail","hentry","category-brasil","category-destaques","category-mundo","category-noticias2","category-politica","tag-amazonia","tag-brasil","tag-cop-27","tag-lula"],"aioseo_notices":[],"_links":{"self":[{"href":"https:\/\/www.portalalerta.com.br\/index.php\/wp-json\/wp\/v2\/posts\/45729","targetHints":{"allow":["GET"]}}],"collection":[{"href":"https:\/\/www.portalalerta.com.br\/index.php\/wp-json\/wp\/v2\/posts"}],"about":[{"href":"https:\/\/www.portalalerta.com.br\/index.php\/wp-json\/wp\/v2\/types\/post"}],"author":[{"embeddable":true,"href":"https:\/\/www.portalalerta.com.br\/index.php\/wp-json\/wp\/v2\/users\/2"}],"replies":[{"embeddable":true,"href":"https:\/\/www.portalalerta.com.br\/index.php\/wp-json\/wp\/v2\/comments?post=45729"}],"version-history":[{"count":1,"href":"https:\/\/www.portalalerta.com.br\/index.php\/wp-json\/wp\/v2\/posts\/45729\/revisions"}],"predecessor-version":[{"id":45731,"href":"https:\/\/www.portalalerta.com.br\/index.php\/wp-json\/wp\/v2\/posts\/45729\/revisions\/45731"}],"wp:featuredmedia":[{"embeddable":true,"href":"https:\/\/www.portalalerta.com.br\/index.php\/wp-json\/wp\/v2\/media\/45730"}],"wp:attachment":[{"href":"https:\/\/www.portalalerta.com.br\/index.php\/wp-json\/wp\/v2\/media?parent=45729"}],"wp:term":[{"taxonomy":"category","embeddable":true,"href":"https:\/\/www.portalalerta.com.br\/index.php\/wp-json\/wp\/v2\/categories?post=45729"},{"taxonomy":"post_tag","embeddable":true,"href":"https:\/\/www.portalalerta.com.br\/index.php\/wp-json\/wp\/v2\/tags?post=45729"}],"curies":[{"name":"wp","href":"https:\/\/api.w.org\/{rel}","templated":true}]}}