{"id":45735,"date":"2022-11-17T07:00:00","date_gmt":"2022-11-17T10:00:00","guid":{"rendered":"https:\/\/www.portalalerta.com.br\/?p=45735"},"modified":"2022-11-17T00:35:19","modified_gmt":"2022-11-17T03:35:19","slug":"passageiro-de-onibus-interestadual-e-levado-para-a-delegacia-de-jeremoabo-ba-ao-ser-flagrado-se-masturbando","status":"publish","type":"post","link":"https:\/\/www.portalalerta.com.br\/index.php\/2022\/11\/17\/passageiro-de-onibus-interestadual-e-levado-para-a-delegacia-de-jeremoabo-ba-ao-ser-flagrado-se-masturbando\/","title":{"rendered":"Passageiro de \u00f4nibus interestadual \u00e9 levado para a Delegacia de Jeremoabo-BA, ao ser flagrado se masturbando"},"content":{"rendered":"\n<p>Um \u00f4nibus que seguia viagem para S\u00e3o Paulo SP teve que fazer uma parada for\u00e7ada na Delegacia Territorial da Pol\u00edcia Civil em Jeremoabo-BA, no \u00faltimo s\u00e1bado (12).<\/p>\n\n\n\n<!--more-->\n\n\n\n<p>O passageiro, M.G.B., 32 anos, seguia de Delmiro Gouveia-AL para Monte Carmelo-MG quando come\u00e7ou a praticar atos libidinosos, se masturbando na poltrona onde viajava.&nbsp;&nbsp;<\/p>\n\n\n\n<p>Alguns passageiros perceberam e acionaram o motorista e todos foram parar na Delegacia, onde o acusado e passageiros foram ouvidos e feito o Termo Circunstanciado de Ocorr\u00eancia, mas depois foram todos liberados para seguirem viagem.<\/p>\n\n\n\n<p><em>Fonte: Jeremoabo.com.br<\/em><\/p>\n","protected":false},"excerpt":{"rendered":"<p>Um \u00f4nibus que seguia viagem para S\u00e3o Paulo SP teve que fazer uma parada for\u00e7ada na Delegacia Territorial da Pol\u00edcia Civil em Jeremoabo-BA, no \u00faltimo s\u00e1bado (12).<\/p>\n","protected":false},"author":2,"featured_media":44,"comment_status":"open","ping_status":"open","sticky":false,"template":"","format":"standard","meta":{"om_disable_all_campaigns":false,"_monsterinsights_skip_tracking":false,"_monsterinsights_sitenote_active":false,"_monsterinsights_sitenote_note":"","_monsterinsights_sitenote_category":0,"footnotes":""},"categories":[34,70,9,69,32,22],"tags":[100,454,71,48,5699,4179,93,75,4178,4180,474,129,107,4181,132,230,357,5698,3828,106,203,120,51,109,88,47,111,190],"class_list":["post-45735","post","type-post","status-publish","format-standard","has-post-thumbnail","hentry","category-brasil","category-destaques","category-jeremoabo","category-noticias2","category-regiao","category-seguranca","tag-adustina","tag-alagoas","tag-antas","tag-araci","tag-ato-libidinoso","tag-banzae-2","tag-brasil","tag-cicero-dantas","tag-cipo-2","tag-crisopolis-2","tag-delmiro-gouveia","tag-euclides-da-cunha","tag-fatima","tag-heliopolis-2","tag-itapicuru","tag-jeremoabo","tag-minas-gerais","tag-monte-carmelo","tag-noticias","tag-nova-soure","tag-novo-triunfo","tag-olindina","tag-paripiranga","tag-quijingue","tag-ribeira-do-amparo","tag-ribeira-do-pombal","tag-sitio-do-quinto","tag-tucano"],"aioseo_notices":[],"_links":{"self":[{"href":"https:\/\/www.portalalerta.com.br\/index.php\/wp-json\/wp\/v2\/posts\/45735","targetHints":{"allow":["GET"]}}],"collection":[{"href":"https:\/\/www.portalalerta.com.br\/index.php\/wp-json\/wp\/v2\/posts"}],"about":[{"href":"https:\/\/www.portalalerta.com.br\/index.php\/wp-json\/wp\/v2\/types\/post"}],"author":[{"embeddable":true,"href":"https:\/\/www.portalalerta.com.br\/index.php\/wp-json\/wp\/v2\/users\/2"}],"replies":[{"embeddable":true,"href":"https:\/\/www.portalalerta.com.br\/index.php\/wp-json\/wp\/v2\/comments?post=45735"}],"version-history":[{"count":1,"href":"https:\/\/www.portalalerta.com.br\/index.php\/wp-json\/wp\/v2\/posts\/45735\/revisions"}],"predecessor-version":[{"id":45736,"href":"https:\/\/www.portalalerta.com.br\/index.php\/wp-json\/wp\/v2\/posts\/45735\/revisions\/45736"}],"wp:featuredmedia":[{"embeddable":true,"href":"https:\/\/www.portalalerta.com.br\/index.php\/wp-json\/wp\/v2\/media\/44"}],"wp:attachment":[{"href":"https:\/\/www.portalalerta.com.br\/index.php\/wp-json\/wp\/v2\/media?parent=45735"}],"wp:term":[{"taxonomy":"category","embeddable":true,"href":"https:\/\/www.portalalerta.com.br\/index.php\/wp-json\/wp\/v2\/categories?post=45735"},{"taxonomy":"post_tag","embeddable":true,"href":"https:\/\/www.portalalerta.com.br\/index.php\/wp-json\/wp\/v2\/tags?post=45735"}],"curies":[{"name":"wp","href":"https:\/\/api.w.org\/{rel}","templated":true}]}}