{"id":45737,"date":"2022-11-17T07:01:00","date_gmt":"2022-11-17T10:01:00","guid":{"rendered":"https:\/\/www.portalalerta.com.br\/?p=45737"},"modified":"2022-11-17T00:45:00","modified_gmt":"2022-11-17T03:45:00","slug":"tcu-entrega-relatorios-de-fiscalizacao-sobre-o-governo-federal-a-equipe-de-transicao","status":"publish","type":"post","link":"https:\/\/www.portalalerta.com.br\/index.php\/2022\/11\/17\/tcu-entrega-relatorios-de-fiscalizacao-sobre-o-governo-federal-a-equipe-de-transicao\/","title":{"rendered":"TCU entrega relat\u00f3rios de fiscaliza\u00e7\u00e3o sobre o governo federal \u00e0 equipe de transi\u00e7\u00e3o"},"content":{"rendered":"\n<p><strong>Foram apontados problemas em 29 \u00e1reas, como sa\u00fade, educa\u00e7\u00e3o, transporte, benef\u00edcio assistencial e contrata\u00e7\u00e3o p\u00fablica<\/strong><\/p>\n\n\n\n<!--more-->\n\n\n\n<p>O vice-presidente da Rep\u00fablica eleito e coordenador-geral do governo de transi\u00e7\u00e3o, Geraldo Alckmin (PSB), recebeu nesta quarta-feira (16) do presidente em exerc\u00edcio do Tribunal de Contas da Uni\u00e3o (TCU), Bruno Dantas, quatro relat\u00f3rios com os resultados de fiscaliza\u00e7\u00f5es que a corte de contas fez sobre pol\u00edticas p\u00fablicas adotadas pelo governo federal.<\/p>\n\n\n\n<div class=\"wp-block-image\"><figure class=\"aligncenter size-full\"><img fetchpriority=\"high\" decoding=\"async\" width=\"720\" height=\"181\" src=\"https:\/\/www.portalalerta.com.br\/wp-content\/uploads\/2018\/02\/Auto-Escola-Nobre.jpg\" alt=\"\" class=\"wp-image-4869\" srcset=\"https:\/\/www.portalalerta.com.br\/wp-content\/uploads\/2018\/02\/Auto-Escola-Nobre.jpg 720w, https:\/\/www.portalalerta.com.br\/wp-content\/uploads\/2018\/02\/Auto-Escola-Nobre-260x65.jpg 260w, https:\/\/www.portalalerta.com.br\/wp-content\/uploads\/2018\/02\/Auto-Escola-Nobre-50x13.jpg 50w, https:\/\/www.portalalerta.com.br\/wp-content\/uploads\/2018\/02\/Auto-Escola-Nobre-150x38.jpg 150w\" sizes=\"(max-width: 720px) 100vw, 720px\" \/><\/figure><\/div>\n\n\n\n<p>Um dos materiais foi intitulado pelo TCU como lista de alto risco da administra\u00e7\u00e3o p\u00fablica federal. De acordo com o tribunal, os problemas mapeados podem comprometer tanto a qualidade dos servi\u00e7os ofertados pelo governo quanto a efic\u00e1cia das pol\u00edticas p\u00fablicas. Foram apontados problemas em 29 \u00e1reas, como sa\u00fade, educa\u00e7\u00e3o, transporte, benef\u00edcio assistencial e contrata\u00e7\u00e3o p\u00fablica.<\/p>\n\n\n\n<p><em>Fonte: R7<\/em><\/p>\n","protected":false},"excerpt":{"rendered":"<p>Foram apontados problemas em 29 \u00e1reas, como sa\u00fade, educa\u00e7\u00e3o, transporte, benef\u00edcio assistencial e contrata\u00e7\u00e3o p\u00fablica<\/p>\n","protected":false},"author":2,"featured_media":45738,"comment_status":"open","ping_status":"open","sticky":false,"template":"","format":"standard","meta":{"om_disable_all_campaigns":false,"_monsterinsights_skip_tracking":false,"_monsterinsights_sitenote_active":false,"_monsterinsights_sitenote_note":"","_monsterinsights_sitenote_category":0,"footnotes":""},"categories":[34,70,69,21],"tags":[100,71,48,4179,93,75,4178,4180,5700,129,107,4181,132,230,3828,106,203,120,51,109,88,47,111,1317,190],"class_list":["post-45737","post","type-post","status-publish","format-standard","has-post-thumbnail","hentry","category-brasil","category-destaques","category-noticias2","category-politica","tag-adustina","tag-antas","tag-araci","tag-banzae-2","tag-brasil","tag-cicero-dantas","tag-cipo-2","tag-crisopolis-2","tag-equipe-de-transicao","tag-euclides-da-cunha","tag-fatima","tag-heliopolis-2","tag-itapicuru","tag-jeremoabo","tag-noticias","tag-nova-soure","tag-novo-triunfo","tag-olindina","tag-paripiranga","tag-quijingue","tag-ribeira-do-amparo","tag-ribeira-do-pombal","tag-sitio-do-quinto","tag-tcu","tag-tucano"],"aioseo_notices":[],"_links":{"self":[{"href":"https:\/\/www.portalalerta.com.br\/index.php\/wp-json\/wp\/v2\/posts\/45737","targetHints":{"allow":["GET"]}}],"collection":[{"href":"https:\/\/www.portalalerta.com.br\/index.php\/wp-json\/wp\/v2\/posts"}],"about":[{"href":"https:\/\/www.portalalerta.com.br\/index.php\/wp-json\/wp\/v2\/types\/post"}],"author":[{"embeddable":true,"href":"https:\/\/www.portalalerta.com.br\/index.php\/wp-json\/wp\/v2\/users\/2"}],"replies":[{"embeddable":true,"href":"https:\/\/www.portalalerta.com.br\/index.php\/wp-json\/wp\/v2\/comments?post=45737"}],"version-history":[{"count":1,"href":"https:\/\/www.portalalerta.com.br\/index.php\/wp-json\/wp\/v2\/posts\/45737\/revisions"}],"predecessor-version":[{"id":45739,"href":"https:\/\/www.portalalerta.com.br\/index.php\/wp-json\/wp\/v2\/posts\/45737\/revisions\/45739"}],"wp:featuredmedia":[{"embeddable":true,"href":"https:\/\/www.portalalerta.com.br\/index.php\/wp-json\/wp\/v2\/media\/45738"}],"wp:attachment":[{"href":"https:\/\/www.portalalerta.com.br\/index.php\/wp-json\/wp\/v2\/media?parent=45737"}],"wp:term":[{"taxonomy":"category","embeddable":true,"href":"https:\/\/www.portalalerta.com.br\/index.php\/wp-json\/wp\/v2\/categories?post=45737"},{"taxonomy":"post_tag","embeddable":true,"href":"https:\/\/www.portalalerta.com.br\/index.php\/wp-json\/wp\/v2\/tags?post=45737"}],"curies":[{"name":"wp","href":"https:\/\/api.w.org\/{rel}","templated":true}]}}