{"id":45740,"date":"2022-11-17T07:02:00","date_gmt":"2022-11-17T10:02:00","guid":{"rendered":"https:\/\/www.portalalerta.com.br\/?p=45740"},"modified":"2022-11-17T01:03:56","modified_gmt":"2022-11-17T04:03:56","slug":"adolescente-pombalense-esta-desaparecido-ha-uma-semana-em-aracaju-se","status":"publish","type":"post","link":"https:\/\/www.portalalerta.com.br\/index.php\/2022\/11\/17\/adolescente-pombalense-esta-desaparecido-ha-uma-semana-em-aracaju-se\/","title":{"rendered":"Adolescente pombalense est\u00e1 desaparecido h\u00e1 uma semana, em Aracaju-SE"},"content":{"rendered":"\n<p>Continua desaparecido o pombalense Juan Pablo Santos de Castro, 17 anos.<\/p>\n\n\n\n<!--more-->\n\n\n\n<p>De acordo com relatos, o adolescente saiu de casa na \u00faltima quinta-feira (10), no bairro Coroa do Meio, na capital sergipana, e desde ent\u00e3o n\u00e3o foi mais visto.<\/p>\n\n\n\n<div class=\"wp-block-image\"><figure class=\"alignleft size-full is-resized\"><img fetchpriority=\"high\" decoding=\"async\" src=\"https:\/\/www.portalalerta.com.br\/wp-content\/uploads\/2022\/03\/Cred-Real.1.jpg\" alt=\"\" class=\"wp-image-41523\" width=\"394\" height=\"315\" srcset=\"https:\/\/www.portalalerta.com.br\/wp-content\/uploads\/2022\/03\/Cred-Real.1.jpg 500w, https:\/\/www.portalalerta.com.br\/wp-content\/uploads\/2022\/03\/Cred-Real.1-300x240.jpg 300w, https:\/\/www.portalalerta.com.br\/wp-content\/uploads\/2022\/03\/Cred-Real.1-183x146.jpg 183w, https:\/\/www.portalalerta.com.br\/wp-content\/uploads\/2022\/03\/Cred-Real.1-50x40.jpg 50w, https:\/\/www.portalalerta.com.br\/wp-content\/uploads\/2022\/03\/Cred-Real.1-94x75.jpg 94w\" sizes=\"(max-width: 394px) 100vw, 394px\" \/><\/figure><\/div>\n\n\n\n<p>Familiares de Juan Pablo est\u00e3o desesperados, e suplicam por qualquer informa\u00e7\u00e3o que leve ao paradeiro do jovem. Caso algu\u00e9m saiba onde o adolescente esteja, poder\u00e1 manter contato atrav\u00e9s do n\u00famero: <strong>75-99839-9867<\/strong>.<\/p>\n\n\n\n<p><em>Reda\u00e7\u00e3o: Portal Alerta &nbsp;<\/em><\/p>\n","protected":false},"excerpt":{"rendered":"<p>Continua desaparecido o pombalense Juan Pablo Santos de Castro, 17 anos.<\/p>\n","protected":false},"author":2,"featured_media":45741,"comment_status":"open","ping_status":"open","sticky":false,"template":"","format":"standard","meta":{"om_disable_all_campaigns":false,"_monsterinsights_skip_tracking":false,"_monsterinsights_sitenote_active":false,"_monsterinsights_sitenote_note":"","_monsterinsights_sitenote_category":0,"footnotes":""},"categories":[34,70,69,32,3],"tags":[100,71,487,48,4179,75,4178,4180,1226,129,107,4181,132,230,3828,106,203,120,51,109,88,47,111,190],"class_list":["post-45740","post","type-post","status-publish","format-standard","has-post-thumbnail","hentry","category-brasil","category-destaques","category-noticias2","category-regiao","category-ribeira-do-pombal","tag-adustina","tag-antas","tag-aracaju","tag-araci","tag-banzae-2","tag-cicero-dantas","tag-cipo-2","tag-crisopolis-2","tag-desaparecido","tag-euclides-da-cunha","tag-fatima","tag-heliopolis-2","tag-itapicuru","tag-jeremoabo","tag-noticias","tag-nova-soure","tag-novo-triunfo","tag-olindina","tag-paripiranga","tag-quijingue","tag-ribeira-do-amparo","tag-ribeira-do-pombal","tag-sitio-do-quinto","tag-tucano"],"aioseo_notices":[],"_links":{"self":[{"href":"https:\/\/www.portalalerta.com.br\/index.php\/wp-json\/wp\/v2\/posts\/45740","targetHints":{"allow":["GET"]}}],"collection":[{"href":"https:\/\/www.portalalerta.com.br\/index.php\/wp-json\/wp\/v2\/posts"}],"about":[{"href":"https:\/\/www.portalalerta.com.br\/index.php\/wp-json\/wp\/v2\/types\/post"}],"author":[{"embeddable":true,"href":"https:\/\/www.portalalerta.com.br\/index.php\/wp-json\/wp\/v2\/users\/2"}],"replies":[{"embeddable":true,"href":"https:\/\/www.portalalerta.com.br\/index.php\/wp-json\/wp\/v2\/comments?post=45740"}],"version-history":[{"count":1,"href":"https:\/\/www.portalalerta.com.br\/index.php\/wp-json\/wp\/v2\/posts\/45740\/revisions"}],"predecessor-version":[{"id":45742,"href":"https:\/\/www.portalalerta.com.br\/index.php\/wp-json\/wp\/v2\/posts\/45740\/revisions\/45742"}],"wp:featuredmedia":[{"embeddable":true,"href":"https:\/\/www.portalalerta.com.br\/index.php\/wp-json\/wp\/v2\/media\/45741"}],"wp:attachment":[{"href":"https:\/\/www.portalalerta.com.br\/index.php\/wp-json\/wp\/v2\/media?parent=45740"}],"wp:term":[{"taxonomy":"category","embeddable":true,"href":"https:\/\/www.portalalerta.com.br\/index.php\/wp-json\/wp\/v2\/categories?post=45740"},{"taxonomy":"post_tag","embeddable":true,"href":"https:\/\/www.portalalerta.com.br\/index.php\/wp-json\/wp\/v2\/tags?post=45740"}],"curies":[{"name":"wp","href":"https:\/\/api.w.org\/{rel}","templated":true}]}}