{"id":45743,"date":"2022-11-17T07:03:00","date_gmt":"2022-11-17T10:03:00","guid":{"rendered":"https:\/\/www.portalalerta.com.br\/?p=45743"},"modified":"2022-11-17T01:10:47","modified_gmt":"2022-11-17T04:10:47","slug":"secretaria-de-educacao-da-bahia-abre-processo-seletivo-com-mais-de-duas-mil-vagas","status":"publish","type":"post","link":"https:\/\/www.portalalerta.com.br\/index.php\/2022\/11\/17\/secretaria-de-educacao-da-bahia-abre-processo-seletivo-com-mais-de-duas-mil-vagas\/","title":{"rendered":"Secretaria de Educa\u00e7\u00e3o da Bahia abre processo seletivo com mais de duas mil vagas"},"content":{"rendered":"\n<p>A Secretaria da Educa\u00e7\u00e3o do Estado (SEC) abriu dois processos seletivos para professores da Educa\u00e7\u00e3o B\u00e1sica, Profissional e Ind\u00edgena e mediadores do Ensino M\u00e9dio com Intermedia\u00e7\u00e3o Tecnol\u00f3gica (EMITEC).<\/p>\n\n\n\n<!--more-->\n\n\n\n<p>A sele\u00e7\u00e3o visa a contrata\u00e7\u00e3o de profissionais em Regime Especial de Direito Administrativo (REDA), pelo prazo de 36 meses, podendo ser renovado por igual per\u00edodo, com carga hor\u00e1ria de trabalho de 20 horas semanais.<\/p>\n\n\n\n<p>De acordo com os editais, ser\u00e3o 1.800 vagas para professores, sendo 1.119 para a Educa\u00e7\u00e3o B\u00e1sica, 626 para a Educa\u00e7\u00e3o Profissional e 55 para a Educa\u00e7\u00e3o Ind\u00edgena.<\/p>\n\n\n\n<p>As provas objetivas acontecem para a Educa\u00e7\u00e3o B\u00e1sica e Profissional nos munic\u00edpios de&nbsp;Alagoinhas, Amargosa, Barreiras, Bom Jesus da Lapa, Caetit\u00e9, Eun\u00e1polis, Feira de Santana, Ipir\u00e1, Irec\u00ea, Itaberaba, Itabuna, Itapetinga, Jacobina, Jequi\u00e9, Juazeiro, Maca\u00fabas, Paulo Afonso, Ribeira do Pombal, Salvador, Santa Maria da Vit\u00f3ria, Santo Ant\u00f4nio de Jesus, Seabra, Senhor do Bonfim, Serrinha, Teixeira de Freitas, Valen\u00e7a e Vit\u00f3ria da Conquista. E para a Educa\u00e7\u00e3o Ind\u00edgena, nos munic\u00edpios de Bom Jesus da Lapa, Ribeira do Pombal, Eun\u00e1polis, Itabuna, Paulo Afonso e Teixeira de Freitas.<\/p>\n\n\n\n<p>Tamb\u00e9m s\u00e3o ofertadas 315 vagas para mediadores de Ensino M\u00e9dio com Intermedia\u00e7\u00e3o Tecnol\u00f3gica (Emitec). Para essa fun\u00e7\u00e3o, a prova objetiva ser\u00e1 realizada nas cidades de Alagoinhas, Amargosa, Barreiras, Bom Jesus da Lapa, Caetit\u00e9, Eun\u00e1polis, Feira de Santana, Ipir\u00e1, Irec\u00ea, Itaberaba, Itabuna, Itapetinga, Jacobina, Jequi\u00e9, Juazeiro, Maca\u00fabas, Paulo Afonso, Ribeira do Pombal, Salvador, Santa Maria da Vit\u00f3ria, Santo Ant\u00f4nio de Jesus, Seabra, Senhor do Bonfim, Serrinha, Teixeira de Freitas, Valen\u00e7a e Vit\u00f3ria da Conquista.<\/p>\n\n\n\n<p>As inscri\u00e7\u00f5es poder\u00e3o ser realizadas de forma on-line, no endere\u00e7o&nbsp;<a href=\"https:\/\/www.ibfc.org.br\/concurso\/concurso_selecionado\/414\" target=\"_blank\" rel=\"noreferrer noopener\">www.ibfc.org.br<\/a>. O prazo come\u00e7ou nesta segunda-feira (14) e vai at\u00e9 o dia 4 de dezembro, para ambos os editais.<\/p>\n\n\n\n<p>De acordo com os cronogramas, os candidatos t\u00eam at\u00e9 16 de novembro para solicitar a isen\u00e7\u00e3o do valor de inscri\u00e7\u00e3o. A divulga\u00e7\u00e3o dos locais de provas acontece no dia 16 de janeiro de 2023, no site do Instituto Brasileiro de Forma\u00e7\u00e3o e Capacita\u00e7\u00e3o (IBFC). E as provas ser\u00e3o realizadas no dia 22 de janeiro de 2023. A divulga\u00e7\u00e3o dos resultados finais est\u00e1 prevista para 17 de fevereiro de 2023.<\/p>\n\n\n\n<p><strong>Veja o edital:<\/strong><\/p>\n\n\n\n<p><a href=\"http:\/\/educadores.educacao.ba.gov.br\/sites\/default\/files\/private\/midiateca\/documentos\/2022\/editalsecsudepeno182022professorbasicaindigenaeprofissional.pdf\" target=\"_blank\" rel=\"noreferrer noopener\">Edital SEC SUDEPE N\u00ba 18 2022 PROFESSOR B\u00c1SICA, IND\u00cdGENA e PROFISSIONAL<\/a><br><a href=\"http:\/\/educadores.educacao.ba.gov.br\/sites\/default\/files\/private\/midiateca\/documentos\/2022\/editalsecsudepeno192022mediador.pdf\" target=\"_blank\" rel=\"noreferrer noopener\">Edital SEC SUDEPE N\u00ba 19 2022 MEDIADOR<\/a><\/p>\n\n\n\n<p><em>Fonte: Ag\u00eancia Sert\u00e3o<\/em><\/p>\n","protected":false},"excerpt":{"rendered":"<p>A Secretaria da Educa\u00e7\u00e3o do Estado (SEC) abriu dois processos seletivos para professores da Educa\u00e7\u00e3o B\u00e1sica, Profissional e Ind\u00edgena e mediadores do Ensino M\u00e9dio com Intermedia\u00e7\u00e3o Tecnol\u00f3gica (EMITEC).<\/p>\n","protected":false},"author":2,"featured_media":3358,"comment_status":"open","ping_status":"open","sticky":false,"template":"","format":"standard","meta":{"om_disable_all_campaigns":false,"_monsterinsights_skip_tracking":false,"_monsterinsights_sitenote_active":false,"_monsterinsights_sitenote_note":"","_monsterinsights_sitenote_category":0,"footnotes":""},"categories":[33,70,20,69],"tags":[100,71,48,54,4179,75,4178,4180,140,129,107,912,4181,132,230,3828,106,203,120,51,511,109,954,88,47,212,111,190],"class_list":["post-45743","post","type-post","status-publish","format-standard","has-post-thumbnail","hentry","category-bahia","category-destaques","category-educacao","category-noticias2","tag-adustina","tag-antas","tag-araci","tag-bahia","tag-banzae-2","tag-cicero-dantas","tag-cipo-2","tag-crisopolis-2","tag-educacao","tag-euclides-da-cunha","tag-fatima","tag-governo-da-bahia","tag-heliopolis-2","tag-itapicuru","tag-jeremoabo","tag-noticias","tag-nova-soure","tag-novo-triunfo","tag-olindina","tag-paripiranga","tag-processo-seletivo","tag-quijingue","tag-reda","tag-ribeira-do-amparo","tag-ribeira-do-pombal","tag-secretaria-de-educacao","tag-sitio-do-quinto","tag-tucano"],"aioseo_notices":[],"_links":{"self":[{"href":"https:\/\/www.portalalerta.com.br\/index.php\/wp-json\/wp\/v2\/posts\/45743","targetHints":{"allow":["GET"]}}],"collection":[{"href":"https:\/\/www.portalalerta.com.br\/index.php\/wp-json\/wp\/v2\/posts"}],"about":[{"href":"https:\/\/www.portalalerta.com.br\/index.php\/wp-json\/wp\/v2\/types\/post"}],"author":[{"embeddable":true,"href":"https:\/\/www.portalalerta.com.br\/index.php\/wp-json\/wp\/v2\/users\/2"}],"replies":[{"embeddable":true,"href":"https:\/\/www.portalalerta.com.br\/index.php\/wp-json\/wp\/v2\/comments?post=45743"}],"version-history":[{"count":1,"href":"https:\/\/www.portalalerta.com.br\/index.php\/wp-json\/wp\/v2\/posts\/45743\/revisions"}],"predecessor-version":[{"id":45744,"href":"https:\/\/www.portalalerta.com.br\/index.php\/wp-json\/wp\/v2\/posts\/45743\/revisions\/45744"}],"wp:featuredmedia":[{"embeddable":true,"href":"https:\/\/www.portalalerta.com.br\/index.php\/wp-json\/wp\/v2\/media\/3358"}],"wp:attachment":[{"href":"https:\/\/www.portalalerta.com.br\/index.php\/wp-json\/wp\/v2\/media?parent=45743"}],"wp:term":[{"taxonomy":"category","embeddable":true,"href":"https:\/\/www.portalalerta.com.br\/index.php\/wp-json\/wp\/v2\/categories?post=45743"},{"taxonomy":"post_tag","embeddable":true,"href":"https:\/\/www.portalalerta.com.br\/index.php\/wp-json\/wp\/v2\/tags?post=45743"}],"curies":[{"name":"wp","href":"https:\/\/api.w.org\/{rel}","templated":true}]}}