{"id":45745,"date":"2022-11-17T11:00:00","date_gmt":"2022-11-17T14:00:00","guid":{"rendered":"https:\/\/www.portalalerta.com.br\/?p=45745"},"modified":"2022-11-17T01:20:24","modified_gmt":"2022-11-17T04:20:24","slug":"freira-e-presa-na-italia-por-espancar-brutalmente-criancas-em-internato","status":"publish","type":"post","link":"https:\/\/www.portalalerta.com.br\/index.php\/2022\/11\/17\/freira-e-presa-na-italia-por-espancar-brutalmente-criancas-em-internato\/","title":{"rendered":"Freira \u00e9 presa na It\u00e1lia por espancar &#8216;brutalmente&#8217; crian\u00e7as em internato"},"content":{"rendered":"\n<h2 class=\"wp-block-heading\">Uma das v\u00edtimas conseguiu gravar o momento em que apanhava no rosto e teve os cabelos puxados com for\u00e7a<\/h2>\n\n\n\n<!--more-->\n\n\n\n<p>As autoridades italianas detiveram nesta quarta-feira (16) uma freira por ter espancado &#8220;brutalmente&#8221; as crian\u00e7as do internato que dirigia, enquanto outras tr\u00eas est\u00e3o sendo investigadas, gra\u00e7as ao fato de uma das menores ter conseguido gravar e denunciar os abusos f\u00edsicos.<\/p>\n\n\n\n<div class=\"wp-block-image\"><figure class=\"alignleft size-full is-resized\"><img fetchpriority=\"high\" decoding=\"async\" src=\"https:\/\/www.portalalerta.com.br\/wp-content\/uploads\/2021\/04\/ELAB.jpg\" alt=\"\" class=\"wp-image-34795\" width=\"442\" height=\"353\" srcset=\"https:\/\/www.portalalerta.com.br\/wp-content\/uploads\/2021\/04\/ELAB.jpg 1000w, https:\/\/www.portalalerta.com.br\/wp-content\/uploads\/2021\/04\/ELAB-300x240.jpg 300w, https:\/\/www.portalalerta.com.br\/wp-content\/uploads\/2021\/04\/ELAB-768x614.jpg 768w, https:\/\/www.portalalerta.com.br\/wp-content\/uploads\/2021\/04\/ELAB-183x146.jpg 183w, https:\/\/www.portalalerta.com.br\/wp-content\/uploads\/2021\/04\/ELAB-50x40.jpg 50w, https:\/\/www.portalalerta.com.br\/wp-content\/uploads\/2021\/04\/ELAB-94x75.jpg 94w\" sizes=\"(max-width: 442px) 100vw, 442px\" \/><\/figure><\/div>\n\n\n\n<p>A Procuradoria de N\u00e1poles ordenou hoje uma interven\u00e7\u00e3o no instituto religioso Santa Maria della Providenza, no munic\u00edpio de Casamicciola Terme, na ilha de Ischia, que acolhe menores \u00e0 espera de serem adotados ou que est\u00e3o sob tutela por diversos motivos.<\/p>\n\n\n\n<p>A investiga\u00e7\u00e3o come\u00e7ou ap\u00f3s o recebimento de uma grava\u00e7\u00e3o de uma menor, na qual uma das freiras \u00e9 vista esbofeteando um menino de 4 anos, puxando seu cabelo &#8220;com for\u00e7a&#8221; e agredindo seu irm\u00e3o de 8 anos, que tentava defend\u00ea-lo.<\/p>\n\n\n\n<p>Os procuradores acusam as freiras, incluindo a madre superiora, de crimes como maus-tratos, les\u00f5es e viol\u00eancia infantil, todos agravados pelas <strong><em>&#8220;condi\u00e7\u00f5es de inferioridade f\u00edsica e mental&#8221;<\/em><\/strong> das v\u00edtimas e por terem ocorrido dentro de um centro educacional.<\/p>\n\n\n\n<p>Uma das freiras acabou sendo presa preventivamente pela <strong><em>&#8220;brutalidade exercida&#8221;<\/em><\/strong>, segundo um comunicado das for\u00e7as policiais.<\/p>\n\n\n\n<p>Durante a investiga\u00e7\u00e3o, as outras tr\u00eas freiras ser\u00e3o proibidas de permanecer no territ\u00f3rio da regi\u00e3o da Camp\u00e2nia.<\/p>\n\n\n\n<p><em>Fonte: R7<\/em><\/p>\n","protected":false},"excerpt":{"rendered":"<p>Uma das v\u00edtimas conseguiu gravar o momento em que apanhava no rosto e teve os cabelos puxados com for\u00e7a<\/p>\n","protected":false},"author":2,"featured_media":45746,"comment_status":"open","ping_status":"open","sticky":false,"template":"","format":"standard","meta":{"om_disable_all_campaigns":false,"_monsterinsights_skip_tracking":false,"_monsterinsights_sitenote_active":false,"_monsterinsights_sitenote_note":"","_monsterinsights_sitenote_category":0,"footnotes":""},"categories":[70,35,69,22],"tags":[73,5701,339,84],"class_list":["post-45745","post","type-post","status-publish","format-standard","has-post-thumbnail","hentry","category-destaques","category-mundo","category-noticias2","category-seguranca","tag-agressao","tag-freira","tag-mundo","tag-presa"],"aioseo_notices":[],"_links":{"self":[{"href":"https:\/\/www.portalalerta.com.br\/index.php\/wp-json\/wp\/v2\/posts\/45745","targetHints":{"allow":["GET"]}}],"collection":[{"href":"https:\/\/www.portalalerta.com.br\/index.php\/wp-json\/wp\/v2\/posts"}],"about":[{"href":"https:\/\/www.portalalerta.com.br\/index.php\/wp-json\/wp\/v2\/types\/post"}],"author":[{"embeddable":true,"href":"https:\/\/www.portalalerta.com.br\/index.php\/wp-json\/wp\/v2\/users\/2"}],"replies":[{"embeddable":true,"href":"https:\/\/www.portalalerta.com.br\/index.php\/wp-json\/wp\/v2\/comments?post=45745"}],"version-history":[{"count":1,"href":"https:\/\/www.portalalerta.com.br\/index.php\/wp-json\/wp\/v2\/posts\/45745\/revisions"}],"predecessor-version":[{"id":45747,"href":"https:\/\/www.portalalerta.com.br\/index.php\/wp-json\/wp\/v2\/posts\/45745\/revisions\/45747"}],"wp:featuredmedia":[{"embeddable":true,"href":"https:\/\/www.portalalerta.com.br\/index.php\/wp-json\/wp\/v2\/media\/45746"}],"wp:attachment":[{"href":"https:\/\/www.portalalerta.com.br\/index.php\/wp-json\/wp\/v2\/media?parent=45745"}],"wp:term":[{"taxonomy":"category","embeddable":true,"href":"https:\/\/www.portalalerta.com.br\/index.php\/wp-json\/wp\/v2\/categories?post=45745"},{"taxonomy":"post_tag","embeddable":true,"href":"https:\/\/www.portalalerta.com.br\/index.php\/wp-json\/wp\/v2\/tags?post=45745"}],"curies":[{"name":"wp","href":"https:\/\/api.w.org\/{rel}","templated":true}]}}