{"id":45751,"date":"2022-11-17T11:02:00","date_gmt":"2022-11-17T14:02:00","guid":{"rendered":"https:\/\/www.portalalerta.com.br\/?p=45751"},"modified":"2022-11-17T01:38:55","modified_gmt":"2022-11-17T04:38:55","slug":"minuta-de-pec-entregue-ao-congresso-preve-r175-bi-fora-do-teto-para-bolsa-familia","status":"publish","type":"post","link":"https:\/\/www.portalalerta.com.br\/index.php\/2022\/11\/17\/minuta-de-pec-entregue-ao-congresso-preve-r175-bi-fora-do-teto-para-bolsa-familia\/","title":{"rendered":"Minuta de PEC entregue ao Congresso prev\u00ea R$175 bi fora do teto para Bolsa Fam\u00edlia"},"content":{"rendered":"\n<p>O\u00a0vice-presidente eleito, Geraldo Alckmin, apresentou nesta quarta-feira (16)\u00a0a parlamentares uma minuta da\u00a0PEC da Transi\u00e7\u00e3o\u00a0com proposta de &#8220;excepcionalizar&#8221; do teto de gastos o valor de R$ 175 bilh\u00f5es para o pagamento do Bolsa Fam\u00edlia a partir de 2023 no valor de R$ 600, com adicional de R$ 150 por crian\u00e7a, sem um prazo determinado.<\/p>\n\n\n\n<!--more-->\n\n\n\n<div class=\"wp-block-image\"><figure class=\"alignleft size-full is-resized\"><img fetchpriority=\"high\" decoding=\"async\" src=\"https:\/\/www.portalalerta.com.br\/wp-content\/uploads\/2022\/03\/Cred-Real.1.jpg\" alt=\"\" class=\"wp-image-41523\" width=\"440\" height=\"352\" srcset=\"https:\/\/www.portalalerta.com.br\/wp-content\/uploads\/2022\/03\/Cred-Real.1.jpg 500w, https:\/\/www.portalalerta.com.br\/wp-content\/uploads\/2022\/03\/Cred-Real.1-300x240.jpg 300w, https:\/\/www.portalalerta.com.br\/wp-content\/uploads\/2022\/03\/Cred-Real.1-183x146.jpg 183w, https:\/\/www.portalalerta.com.br\/wp-content\/uploads\/2022\/03\/Cred-Real.1-50x40.jpg 50w, https:\/\/www.portalalerta.com.br\/wp-content\/uploads\/2022\/03\/Cred-Real.1-94x75.jpg 94w\" sizes=\"(max-width: 440px) 100vw, 440px\" \/><\/figure><\/div>\n\n\n\n<p>O relator-geral do Or\u00e7amento, senador Marcelo Castro (MDB-PI), ficou com a tarefa de assinar primeiro e formalizar a cria\u00e7\u00e3o da Proposta de Emenda \u00e0 Constitui\u00e7\u00e3o assim que for obtido um consenso entre os senadores, que ir\u00e3o discutir o conte\u00fado do projeto.<\/p>\n\n\n\n<p>O senador calcula que a PEC pode ser votada pelo Senado antes do fim de novembro. Depois, ainda segue \u00e0 C\u00e2mara dos Deputados.<\/p>\n\n\n\n<p>Logo ap\u00f3s entregar a proposta de texto da PEC aos senadores, Alckmin seguiu para a C\u00e2mara dos Deputados, para apresentar as sugest\u00f5es tamb\u00e9m ao presidente da Casa, Arthur Lira (PP-AL).<\/p>\n\n\n\n<p><strong>Entenda a PEC da Transi\u00e7\u00e3o<\/strong><\/p>\n\n\n\n<p>A Proposta de Emenda \u00e0 Transi\u00e7\u00e3o \u00e9 necess\u00e1ria para pagar o Bolsa Fam\u00edlia de R$ 600 no pr\u00f3ximo ano, um adicional de R$ 150 para fam\u00edlias com crian\u00e7as de at\u00e9 6 anos, al\u00e9m de abrir espa\u00e7o no Or\u00e7amento para outras despesas. A dura\u00e7\u00e3o da medida \u00e9 hoje o principal entrave para o avan\u00e7o da PEC.<\/p>\n\n\n\n<p>A \u00faltima vers\u00e3o da PEC ainda prev\u00ea que arrecada\u00e7\u00f5es anuais acima do planejado ir\u00e3o para investimentos estruturantes, tamb\u00e9m fora do teto.<\/p>\n\n\n\n<p>O teto de gastos trava as despesas federais. Nos \u00faltimos anos, por\u00e9m, foram aprovadas PECs para criar exce\u00e7\u00f5es ao teto e permitir gastos fora dessa regra. A ideia agora \u00e9 aprovar uma nova proposta de Emenda \u00e0 Constitui\u00e7\u00e3o para criar uma nova exce\u00e7\u00e3o e retirar do teto toda a despesa com Bolsa Fam\u00edlia.<\/p>\n\n\n\n<p>Como j\u00e1 h\u00e1 R$ 105,7 bilh\u00f5es para o Aux\u00edlio Brasil (que voltar\u00e1 a se chamar Bolsa Fam\u00edlia) na proposta or\u00e7ament\u00e1ria de 2023, esse recurso seria remanejado para uma s\u00e9rie de gastos. Na pr\u00e1tica, portanto, a PEC ter\u00e1 um custo maior que o necess\u00e1rio para bancar o Bolsa Fam\u00edlia.<\/p>\n\n\n\n<p>O PT quer priorizar a\u00e7\u00f5es como a merenda escolar, Farm\u00e1cia Popular, sa\u00fade ind\u00edgena, habita\u00e7\u00e3o popular, pavimenta\u00e7\u00e3o de estradas e conclus\u00e3o de obras inacabadas. Os parlamentares discutem a possibilidade de discriminar os programas e total de verba a ser destinada no pr\u00f3prio texto da PEC, mas para t\u00e9cnicos envolvidos nas discuss\u00f5es, esse detalhamento dever\u00e1 constar na lei or\u00e7ament\u00e1ria.<\/p>\n\n\n\n<p><em>Fonte: Yahoo Not\u00edcias<\/em><\/p>\n","protected":false},"excerpt":{"rendered":"<p>O\u00a0vice-presidente eleito, Geraldo Alckmin, apresentou nesta quarta-feira (16)\u00a0a parlamentares uma minuta da\u00a0PEC da Transi\u00e7\u00e3o\u00a0com proposta de &#8220;excepcionalizar&#8221; do teto de gastos o valor de R$ 175 bilh\u00f5es para o pagamento do Bolsa Fam\u00edlia a partir de 2023 no valor de R$ 600, com adicional de R$ 150 por crian\u00e7a, sem um prazo determinado.<\/p>\n","protected":false},"author":2,"featured_media":3546,"comment_status":"open","ping_status":"open","sticky":false,"template":"","format":"standard","meta":{"om_disable_all_campaigns":false,"_monsterinsights_skip_tracking":false,"_monsterinsights_sitenote_active":false,"_monsterinsights_sitenote_note":"","_monsterinsights_sitenote_category":0,"footnotes":""},"categories":[34,70,69,21],"tags":[100,71,48,4179,306,93,75,4178,4180,129,107,4181,132,230,3828,106,203,120,51,199,109,88,47,111,3844],"class_list":["post-45751","post","type-post","status-publish","format-standard","has-post-thumbnail","hentry","category-brasil","category-destaques","category-noticias2","category-politica","tag-adustina","tag-antas","tag-araci","tag-banzae-2","tag-bolsa-familia","tag-brasil","tag-cicero-dantas","tag-cipo-2","tag-crisopolis-2","tag-euclides-da-cunha","tag-fatima","tag-heliopolis-2","tag-itapicuru","tag-jeremoabo","tag-noticias","tag-nova-soure","tag-novo-triunfo","tag-olindina","tag-paripiranga","tag-politica","tag-quijingue","tag-ribeira-do-amparo","tag-ribeira-do-pombal","tag-sitio-do-quinto","tag-teto-de-gastos"],"aioseo_notices":[],"_links":{"self":[{"href":"https:\/\/www.portalalerta.com.br\/index.php\/wp-json\/wp\/v2\/posts\/45751","targetHints":{"allow":["GET"]}}],"collection":[{"href":"https:\/\/www.portalalerta.com.br\/index.php\/wp-json\/wp\/v2\/posts"}],"about":[{"href":"https:\/\/www.portalalerta.com.br\/index.php\/wp-json\/wp\/v2\/types\/post"}],"author":[{"embeddable":true,"href":"https:\/\/www.portalalerta.com.br\/index.php\/wp-json\/wp\/v2\/users\/2"}],"replies":[{"embeddable":true,"href":"https:\/\/www.portalalerta.com.br\/index.php\/wp-json\/wp\/v2\/comments?post=45751"}],"version-history":[{"count":1,"href":"https:\/\/www.portalalerta.com.br\/index.php\/wp-json\/wp\/v2\/posts\/45751\/revisions"}],"predecessor-version":[{"id":45752,"href":"https:\/\/www.portalalerta.com.br\/index.php\/wp-json\/wp\/v2\/posts\/45751\/revisions\/45752"}],"wp:featuredmedia":[{"embeddable":true,"href":"https:\/\/www.portalalerta.com.br\/index.php\/wp-json\/wp\/v2\/media\/3546"}],"wp:attachment":[{"href":"https:\/\/www.portalalerta.com.br\/index.php\/wp-json\/wp\/v2\/media?parent=45751"}],"wp:term":[{"taxonomy":"category","embeddable":true,"href":"https:\/\/www.portalalerta.com.br\/index.php\/wp-json\/wp\/v2\/categories?post=45751"},{"taxonomy":"post_tag","embeddable":true,"href":"https:\/\/www.portalalerta.com.br\/index.php\/wp-json\/wp\/v2\/tags?post=45751"}],"curies":[{"name":"wp","href":"https:\/\/api.w.org\/{rel}","templated":true}]}}