{"id":45753,"date":"2022-11-17T11:03:00","date_gmt":"2022-11-17T14:03:00","guid":{"rendered":"https:\/\/www.portalalerta.com.br\/?p=45753"},"modified":"2022-11-17T11:13:02","modified_gmt":"2022-11-17T14:13:02","slug":"matriculas-abertas-para-alunos-da-rede-municipal-de-ensino-de-ribeira-do-pombal-ba","status":"publish","type":"post","link":"https:\/\/www.portalalerta.com.br\/index.php\/2022\/11\/17\/matriculas-abertas-para-alunos-da-rede-municipal-de-ensino-de-ribeira-do-pombal-ba\/","title":{"rendered":"Matr\u00edculas abertas para alunos da rede municipal de ensino de Ribeira do Pombal-BA"},"content":{"rendered":"\n<p>Come\u00e7ou nesta quarta-feira (16) o per\u00edodo de renova\u00e7\u00e3o de matr\u00edcula para os estudantes da Rede Municipal de Ensino.<\/p>\n\n\n\n<!--more-->\n\n\n\n<p>At\u00e9 o dia 02 de dezembro estudantes que continuar\u00e3o na mesma escola devem fazer o processo. A renova\u00e7\u00e3o de matr\u00edcula para os estudantes que j\u00e1 s\u00e3o da casa deve ser formalizada pelos pais, respons\u00e1veis ou pelo pr\u00f3prio estudante, quando maiores de 18 anos.<\/p>\n\n\n\n<p><em>Fonte: Joilson Costa<\/em><\/p>\n\n\n\n<p><em>Com informa\u00e7\u00f5es: SECOM\/ Ribeira do Pombal<\/em><\/p>\n","protected":false},"excerpt":{"rendered":"<p>Come\u00e7ou nesta quarta-feira (16) o per\u00edodo de renova\u00e7\u00e3o de matr\u00edcula para os estudantes da Rede Municipal de Ensino.<\/p>\n","protected":false},"author":2,"featured_media":45754,"comment_status":"open","ping_status":"open","sticky":false,"template":"","format":"standard","meta":{"om_disable_all_campaigns":false,"_monsterinsights_skip_tracking":false,"_monsterinsights_sitenote_active":false,"_monsterinsights_sitenote_note":"","_monsterinsights_sitenote_category":0,"footnotes":""},"categories":[70,20,69,32,3],"tags":[100,71,48,4179,75,4178,4180,140,129,107,4181,132,230,424,3828,106,203,120,51,109,88,47,111,190],"class_list":["post-45753","post","type-post","status-publish","format-standard","has-post-thumbnail","hentry","category-destaques","category-educacao","category-noticias2","category-regiao","category-ribeira-do-pombal","tag-adustina","tag-antas","tag-araci","tag-banzae-2","tag-cicero-dantas","tag-cipo-2","tag-crisopolis-2","tag-educacao","tag-euclides-da-cunha","tag-fatima","tag-heliopolis-2","tag-itapicuru","tag-jeremoabo","tag-matriculas","tag-noticias","tag-nova-soure","tag-novo-triunfo","tag-olindina","tag-paripiranga","tag-quijingue","tag-ribeira-do-amparo","tag-ribeira-do-pombal","tag-sitio-do-quinto","tag-tucano"],"aioseo_notices":[],"_links":{"self":[{"href":"https:\/\/www.portalalerta.com.br\/index.php\/wp-json\/wp\/v2\/posts\/45753","targetHints":{"allow":["GET"]}}],"collection":[{"href":"https:\/\/www.portalalerta.com.br\/index.php\/wp-json\/wp\/v2\/posts"}],"about":[{"href":"https:\/\/www.portalalerta.com.br\/index.php\/wp-json\/wp\/v2\/types\/post"}],"author":[{"embeddable":true,"href":"https:\/\/www.portalalerta.com.br\/index.php\/wp-json\/wp\/v2\/users\/2"}],"replies":[{"embeddable":true,"href":"https:\/\/www.portalalerta.com.br\/index.php\/wp-json\/wp\/v2\/comments?post=45753"}],"version-history":[{"count":1,"href":"https:\/\/www.portalalerta.com.br\/index.php\/wp-json\/wp\/v2\/posts\/45753\/revisions"}],"predecessor-version":[{"id":45755,"href":"https:\/\/www.portalalerta.com.br\/index.php\/wp-json\/wp\/v2\/posts\/45753\/revisions\/45755"}],"wp:featuredmedia":[{"embeddable":true,"href":"https:\/\/www.portalalerta.com.br\/index.php\/wp-json\/wp\/v2\/media\/45754"}],"wp:attachment":[{"href":"https:\/\/www.portalalerta.com.br\/index.php\/wp-json\/wp\/v2\/media?parent=45753"}],"wp:term":[{"taxonomy":"category","embeddable":true,"href":"https:\/\/www.portalalerta.com.br\/index.php\/wp-json\/wp\/v2\/categories?post=45753"},{"taxonomy":"post_tag","embeddable":true,"href":"https:\/\/www.portalalerta.com.br\/index.php\/wp-json\/wp\/v2\/tags?post=45753"}],"curies":[{"name":"wp","href":"https:\/\/api.w.org\/{rel}","templated":true}]}}