{"id":45769,"date":"2022-11-19T13:36:27","date_gmt":"2022-11-19T16:36:27","guid":{"rendered":"https:\/\/www.portalalerta.com.br\/?p=45769"},"modified":"2022-11-19T13:36:28","modified_gmt":"2022-11-19T16:36:28","slug":"quem-recebe-salarios-na-equipe-de-transicao-do-governo-lula","status":"publish","type":"post","link":"https:\/\/www.portalalerta.com.br\/index.php\/2022\/11\/19\/quem-recebe-salarios-na-equipe-de-transicao-do-governo-lula\/","title":{"rendered":"Quem recebe sal\u00e1rios na equipe de transi\u00e7\u00e3o do governo Lula"},"content":{"rendered":"\n<p>A equipe de transi\u00e7\u00e3o para o governo do\u00a0presidente eleito Luiz In\u00e1cio Lula da Silva (PT)\u00a0est\u00e1 empregando formalmente 14 pessoas. A primeira delas \u00e9 o coordenador geral dos trabalhos, o vice-presidente eleito Geraldo Alckmin (PSB), que recebe R$ 17.327,65, o maior sal\u00e1rio.<\/p>\n\n\n\n<!--more-->\n\n\n\n<p>A folha salarial completa custa R$ 175 mil brutos por m\u00eas. Os funcion\u00e1rios s\u00e3o divididos em quatro categorias, dos n\u00edveis 4 a 7.<\/p>\n\n\n\n<p>Alckmin ocupa o Cargo Especial de Transi\u00e7\u00e3o Governamental, n\u00edvel 7. O auxiliar direto dele, Floriano Pesaro, vem na sequ\u00eancia, com n\u00edvel 6 e sal\u00e1rio de R$ 16.944,90.<\/p>\n\n\n\n<p>Outros cinco nomes ocupam fun\u00e7\u00f5es de n\u00edvel 5, com remunera\u00e7\u00e3o de R$ 13.623,39. Enquanto mais sete membros da equipe est\u00e3o no n\u00edvel 4, com sal\u00e1rio de R$ 10.373,30.<\/p>\n\n\n\n<p><strong>Confira a lista dos remunerados da equipe de transi\u00e7\u00e3o:<\/strong><\/p>\n\n\n\n<div class=\"wp-block-image\"><figure class=\"alignright size-large is-resized\"><img fetchpriority=\"high\" decoding=\"async\" src=\"https:\/\/www.portalalerta.com.br\/wp-content\/uploads\/2022\/11\/Novembro-Azul-Elab-2022-1024x750.jpeg\" alt=\"\" class=\"wp-image-45666\" width=\"401\" height=\"294\" srcset=\"https:\/\/www.portalalerta.com.br\/wp-content\/uploads\/2022\/11\/Novembro-Azul-Elab-2022-1024x750.jpeg 1024w, https:\/\/www.portalalerta.com.br\/wp-content\/uploads\/2022\/11\/Novembro-Azul-Elab-2022-328x240.jpeg 328w, https:\/\/www.portalalerta.com.br\/wp-content\/uploads\/2022\/11\/Novembro-Azul-Elab-2022-768x562.jpeg 768w, https:\/\/www.portalalerta.com.br\/wp-content\/uploads\/2022\/11\/Novembro-Azul-Elab-2022.jpeg 1080w\" sizes=\"(max-width: 401px) 100vw, 401px\" \/><\/figure><\/div>\n\n\n\n<ol class=\"wp-block-list\" type=\"1\"><li><strong>Geraldo Alckmin &#8211; N\u00edvel 7 &#8211; R$ 17.327,65<\/strong><\/li><li><strong>Floriano Pesaro &#8211; N\u00edvel 6 &#8211; R$ 16.944,90<\/strong><\/li><li><strong>Paulo Bernardo &#8211; N\u00edvel 5 &#8211; R$ 13.623,39<\/strong><\/li><li><strong>Jo\u00e3o Luiz Silva Ferreira &#8211; N\u00edvel 5 &#8211; R$ 13.623,39<\/strong><\/li><li><strong>M\u00e1rcio Fernando Elias Rosa &#8211; N\u00edvel 5 &#8211; R$ 13.623,39<\/strong><\/li><li><strong>Miriam Belchior &#8211; N\u00edvel 5 &#8211; R$ 13.623,39<\/strong><\/li><li><strong>Pedro Henrique Giocondo Guerra &#8211; N\u00edvel 5 &#8211; R$ 13.623,39<\/strong><\/li><li><strong>Jos\u00e9 Pimentel &#8211; N\u00edvel 4 &#8211; R$ 10.373,30<\/strong><\/li><li><strong>Cassius Ant\u00f4nio Rosa &#8211; N\u00edvel 4 &#8211; R$ 10.373,30<\/strong><\/li><li><strong>Maria Helena Guarezzi &#8211; N\u00edvel 4 &#8211; R$ 10.373,30<\/strong><\/li><li><strong>Wagner Caetano Alves de Oliveira &#8211; N\u00edvel 4 &#8211; R$ 10.373,30<\/strong><\/li><li><strong>Daniella Fernandes Cambauva &#8211; N\u00edvel 4 &#8211; R$ 10.373,30<\/strong><\/li><li><strong>F\u00e1bio Rafael Valente Cabral &#8211; N\u00edvel 4 &#8211; R$ 10.373,30<\/strong><\/li><li><strong>Vinicius Carnier Colombini &#8211; N\u00edvel 4 &#8211; R$ 10.373,30.<\/strong><\/li><\/ol>\n\n\n\n<p>A identifica\u00e7\u00e3o funcional dos membros do gabinete de transi\u00e7\u00e3o \u00e9 o CETG. Os cargos s\u00e3o previstos em lei, regidos por duas legisla\u00e7\u00f5es: a Lei 10.609\/2002 e o Decreto 7.221\/2010. As informa\u00e7\u00f5es s\u00e3o do portal UOL.<\/p>\n\n\n\n<p>O governo de transi\u00e7\u00e3o tem direito a 50 nomea\u00e7\u00f5es remuneradas e Alckmin j\u00e1 disse que respeitar\u00e1 esse limite.<\/p>\n\n\n\n<p><strong><em>&#8220;N\u00f3s n\u00e3o vamos passar de 50 nomeados. Ali\u00e1s, nomeamos at\u00e9 agora quatorze. Das 50, s\u00f3 utilizamos 14. N\u00f3s temos muito volunt\u00e1rios, o que \u00e9 muito bom porque voc\u00ea tem maior participa\u00e7\u00e3o. N\u00f3s vamos seguir rigorosamente a legisla\u00e7\u00e3o&#8221;<\/em><\/strong>, declarou o vice de Lula durante pronunciamento \u00e0 imprensa no CCBB (Centro Cultural Banco do Brasil), em Bras\u00edlia.<\/p>\n\n\n\n<p>Al\u00e9m dos 14 remunerados, a equipe j\u00e1 conta com dezenas de colaboradores volunt\u00e1rios. S\u00e3o pessoas que n\u00e3o recebem sal\u00e1rios, mas poder\u00e3o ter passagens e di\u00e1rias custeadas via dota\u00e7\u00e3o or\u00e7ament\u00e1ria.<\/p>\n\n\n\n<p>Desde a semana passada e esta quarta-feira (16), quase 300 nomes j\u00e1 foram anunciados para auxiliar nas transi\u00e7\u00f5es entre o governo do presidente Jair Bolsonaro (PL) e o de Lula (PT).<\/p>\n\n\n\n<p><em>Fonte: Yahoo Not\u00edcias<\/em><\/p>\n","protected":false},"excerpt":{"rendered":"<p>A equipe de transi\u00e7\u00e3o para o governo do\u00a0presidente eleito Luiz In\u00e1cio Lula da Silva (PT)\u00a0est\u00e1 empregando formalmente 14 pessoas. A primeira delas \u00e9 o coordenador geral dos trabalhos, o vice-presidente eleito Geraldo Alckmin (PSB), que recebe R$ 17.327,65, o maior sal\u00e1rio.<\/p>\n","protected":false},"author":2,"featured_media":39307,"comment_status":"open","ping_status":"open","sticky":false,"template":"","format":"standard","meta":{"om_disable_all_campaigns":false,"_monsterinsights_skip_tracking":false,"_monsterinsights_sitenote_active":false,"_monsterinsights_sitenote_note":"","_monsterinsights_sitenote_category":0,"footnotes":""},"categories":[34,70,69,21],"tags":[93,5700,303,251],"class_list":["post-45769","post","type-post","status-publish","format-standard","has-post-thumbnail","hentry","category-brasil","category-destaques","category-noticias2","category-politica","tag-brasil","tag-equipe-de-transicao","tag-lula","tag-salario"],"aioseo_notices":[],"_links":{"self":[{"href":"https:\/\/www.portalalerta.com.br\/index.php\/wp-json\/wp\/v2\/posts\/45769","targetHints":{"allow":["GET"]}}],"collection":[{"href":"https:\/\/www.portalalerta.com.br\/index.php\/wp-json\/wp\/v2\/posts"}],"about":[{"href":"https:\/\/www.portalalerta.com.br\/index.php\/wp-json\/wp\/v2\/types\/post"}],"author":[{"embeddable":true,"href":"https:\/\/www.portalalerta.com.br\/index.php\/wp-json\/wp\/v2\/users\/2"}],"replies":[{"embeddable":true,"href":"https:\/\/www.portalalerta.com.br\/index.php\/wp-json\/wp\/v2\/comments?post=45769"}],"version-history":[{"count":1,"href":"https:\/\/www.portalalerta.com.br\/index.php\/wp-json\/wp\/v2\/posts\/45769\/revisions"}],"predecessor-version":[{"id":45770,"href":"https:\/\/www.portalalerta.com.br\/index.php\/wp-json\/wp\/v2\/posts\/45769\/revisions\/45770"}],"wp:featuredmedia":[{"embeddable":true,"href":"https:\/\/www.portalalerta.com.br\/index.php\/wp-json\/wp\/v2\/media\/39307"}],"wp:attachment":[{"href":"https:\/\/www.portalalerta.com.br\/index.php\/wp-json\/wp\/v2\/media?parent=45769"}],"wp:term":[{"taxonomy":"category","embeddable":true,"href":"https:\/\/www.portalalerta.com.br\/index.php\/wp-json\/wp\/v2\/categories?post=45769"},{"taxonomy":"post_tag","embeddable":true,"href":"https:\/\/www.portalalerta.com.br\/index.php\/wp-json\/wp\/v2\/tags?post=45769"}],"curies":[{"name":"wp","href":"https:\/\/api.w.org\/{rel}","templated":true}]}}