{"id":45771,"date":"2022-11-19T13:43:42","date_gmt":"2022-11-19T16:43:42","guid":{"rendered":"https:\/\/www.portalalerta.com.br\/?p=45771"},"modified":"2022-11-19T13:43:43","modified_gmt":"2022-11-19T16:43:43","slug":"reda-pretende-preencher-681-vagas-no-hospital-geral-santa-tereza-em-ribeira-do-pombal-ba","status":"publish","type":"post","link":"https:\/\/www.portalalerta.com.br\/index.php\/2022\/11\/19\/reda-pretende-preencher-681-vagas-no-hospital-geral-santa-tereza-em-ribeira-do-pombal-ba\/","title":{"rendered":"Reda pretende preencher 681 vagas no Hospital Geral Santa Tereza, em Ribeira do Pombal-BA"},"content":{"rendered":"\n<p>A Secretaria da Sa\u00fade do Estado (Sesab) abriu inscri\u00e7\u00f5es para Processo Seletivo Simplificado para contrata\u00e7\u00e3o de pessoal, por tempo determinado, em Regime Especial de Direito Administrativo (REDA) com 1.314 vagas de n\u00edvel m\u00e9dio\/t\u00e9cnico e superior.<\/p>\n\n\n\n<!--more-->\n\n\n\n<p>As vagas s\u00e3o para atua\u00e7\u00e3o na Maternidade Maria da Concei\u00e7\u00e3o de Jesus (392 vagas), em Salvador; no Hospital Geral Santa Tereza (681 vagas), em Ribeira do Pombal; e para o Complexo Hospitalar de Vit\u00f3ria da Conquista, preferencialmente, para a Unidade de Pronto Atendimento (UPA), em Vit\u00f3ria da Conquista (241 vagas).<\/p>\n\n\n\n<div class=\"wp-block-image\"><figure class=\"aligncenter size-full\"><img fetchpriority=\"high\" decoding=\"async\" width=\"720\" height=\"181\" src=\"https:\/\/www.portalalerta.com.br\/wp-content\/uploads\/2018\/02\/Auto-Escola-Nobre.jpg\" alt=\"\" class=\"wp-image-4869\" srcset=\"https:\/\/www.portalalerta.com.br\/wp-content\/uploads\/2018\/02\/Auto-Escola-Nobre.jpg 720w, https:\/\/www.portalalerta.com.br\/wp-content\/uploads\/2018\/02\/Auto-Escola-Nobre-260x65.jpg 260w, https:\/\/www.portalalerta.com.br\/wp-content\/uploads\/2018\/02\/Auto-Escola-Nobre-50x13.jpg 50w, https:\/\/www.portalalerta.com.br\/wp-content\/uploads\/2018\/02\/Auto-Escola-Nobre-150x38.jpg 150w\" sizes=\"(max-width: 720px) 100vw, 720px\" \/><\/figure><\/div>\n\n\n\n<p>Os Editais de Abertura das Inscri\u00e7\u00f5es foram publicados na \u00faltima quinta-feira (17) no Di\u00e1rio Oficial do Estado da Bahia e poder\u00e3o ser conferidos tamb\u00e9m no link <strong><a href=\"saude.ba.gov.br\/processosseletivos-reda\">saude.ba.gov.br\/processosseletivos-reda<\/a><\/strong>. Os Processos visam compor temporariamente o quadro de colaboradores das unidades a fim de prestar assist\u00eancia de qualidade para a popula\u00e7\u00e3o.<\/p>\n\n\n\n<p>Entre os cargos de n\u00edvel m\u00e9dio\/t\u00e9cnico est\u00e3o: administrativo, enfermagem, patologia cl\u00ednica, radiologia etc. J\u00e1 entre os cargos de n\u00edvel superior est\u00e3o enfermeiro, fisioterapeuta, assistente social, nutricionista, psic\u00f3logo, terapeuta ocupacional, contabilidade e ci\u00eancias jur\u00eddicas, entre outros<\/p>\n\n\n\n<p><em>Fonte: Joilson Costa<\/em><\/p>\n\n\n\n<p><em>Com informa\u00e7\u00f5es: SECOM SESAB<\/em><\/p>\n","protected":false},"excerpt":{"rendered":"<p>A Secretaria da Sa\u00fade do Estado (Sesab) abriu inscri\u00e7\u00f5es para Processo Seletivo Simplificado para contrata\u00e7\u00e3o de pessoal, por tempo determinado, em Regime Especial de Direito Administrativo (REDA) com 1.314 vagas de n\u00edvel m\u00e9dio\/t\u00e9cnico e superior.<\/p>\n","protected":false},"author":2,"featured_media":8912,"comment_status":"open","ping_status":"open","sticky":false,"template":"","format":"standard","meta":{"om_disable_all_campaigns":false,"_monsterinsights_skip_tracking":false,"_monsterinsights_sitenote_active":false,"_monsterinsights_sitenote_note":"","_monsterinsights_sitenote_category":0,"footnotes":""},"categories":[70,69,32,3,19],"tags":[1988,151,954,47],"class_list":["post-45771","post","type-post","status-publish","format-standard","has-post-thumbnail","hentry","category-destaques","category-noticias2","category-regiao","category-ribeira-do-pombal","category-saude","tag-governo-do-estado","tag-hgst","tag-reda","tag-ribeira-do-pombal"],"aioseo_notices":[],"_links":{"self":[{"href":"https:\/\/www.portalalerta.com.br\/index.php\/wp-json\/wp\/v2\/posts\/45771","targetHints":{"allow":["GET"]}}],"collection":[{"href":"https:\/\/www.portalalerta.com.br\/index.php\/wp-json\/wp\/v2\/posts"}],"about":[{"href":"https:\/\/www.portalalerta.com.br\/index.php\/wp-json\/wp\/v2\/types\/post"}],"author":[{"embeddable":true,"href":"https:\/\/www.portalalerta.com.br\/index.php\/wp-json\/wp\/v2\/users\/2"}],"replies":[{"embeddable":true,"href":"https:\/\/www.portalalerta.com.br\/index.php\/wp-json\/wp\/v2\/comments?post=45771"}],"version-history":[{"count":1,"href":"https:\/\/www.portalalerta.com.br\/index.php\/wp-json\/wp\/v2\/posts\/45771\/revisions"}],"predecessor-version":[{"id":45772,"href":"https:\/\/www.portalalerta.com.br\/index.php\/wp-json\/wp\/v2\/posts\/45771\/revisions\/45772"}],"wp:featuredmedia":[{"embeddable":true,"href":"https:\/\/www.portalalerta.com.br\/index.php\/wp-json\/wp\/v2\/media\/8912"}],"wp:attachment":[{"href":"https:\/\/www.portalalerta.com.br\/index.php\/wp-json\/wp\/v2\/media?parent=45771"}],"wp:term":[{"taxonomy":"category","embeddable":true,"href":"https:\/\/www.portalalerta.com.br\/index.php\/wp-json\/wp\/v2\/categories?post=45771"},{"taxonomy":"post_tag","embeddable":true,"href":"https:\/\/www.portalalerta.com.br\/index.php\/wp-json\/wp\/v2\/tags?post=45771"}],"curies":[{"name":"wp","href":"https:\/\/api.w.org\/{rel}","templated":true}]}}