{"id":45773,"date":"2022-11-19T14:06:35","date_gmt":"2022-11-19T17:06:35","guid":{"rendered":"https:\/\/www.portalalerta.com.br\/?p=45773"},"modified":"2022-11-19T14:06:38","modified_gmt":"2022-11-19T17:06:38","slug":"militar-da-fab-mata-colega-dentro-do-ministerio-da-defesa","status":"publish","type":"post","link":"https:\/\/www.portalalerta.com.br\/index.php\/2022\/11\/19\/militar-da-fab-mata-colega-dentro-do-ministerio-da-defesa\/","title":{"rendered":"Militar da FAB mata colega dentro do Minist\u00e9rio da Defesa"},"content":{"rendered":"\n<p>Uma briga entre dois militares da For\u00e7a A\u00e9rea Brasileira (FAB), no Minist\u00e9rio da Defesa, terminou em morte na manh\u00e3 deste s\u00e1bado (19). Ap\u00f3s uma discuss\u00e3o, Felipe de Carvalho Sales, de 19 anos, sacou uma pistola e disparou contra a cabe\u00e7a de Kauan Jesus de Cunha Duarte, de mesma idade.<\/p>\n\n\n\n<!--more-->\n\n\n\n<div class=\"wp-block-image\"><figure class=\"alignleft size-full is-resized\"><img fetchpriority=\"high\" decoding=\"async\" src=\"https:\/\/www.portalalerta.com.br\/wp-content\/uploads\/2022\/03\/Cred-Real.1.jpg\" alt=\"\" class=\"wp-image-41523\" width=\"453\" height=\"362\" srcset=\"https:\/\/www.portalalerta.com.br\/wp-content\/uploads\/2022\/03\/Cred-Real.1.jpg 500w, https:\/\/www.portalalerta.com.br\/wp-content\/uploads\/2022\/03\/Cred-Real.1-300x240.jpg 300w, https:\/\/www.portalalerta.com.br\/wp-content\/uploads\/2022\/03\/Cred-Real.1-183x146.jpg 183w, https:\/\/www.portalalerta.com.br\/wp-content\/uploads\/2022\/03\/Cred-Real.1-50x40.jpg 50w, https:\/\/www.portalalerta.com.br\/wp-content\/uploads\/2022\/03\/Cred-Real.1-94x75.jpg 94w\" sizes=\"(max-width: 453px) 100vw, 453px\" \/><\/figure><\/div>\n\n\n\n<p>De acordo com a coluna Na Mira, do Metr\u00f3poles, a execu\u00e7\u00e3o aconteceu por causa de uma discuss\u00e3o envolvendo a troca de turno entre os dois.<\/p>\n\n\n\n<p>O corpo da v\u00edtima foi encontrado no piso t\u00e9rreo do anexo da pasta ministerial. O Corpo de Bombeiro foi acionado, mas quando chegou ao local o soldado j\u00e1 estava morto.<\/p>\n\n\n\n<p>Peritos do Instituto de Criminal\u00edstica (IC) seguem fazendo a per\u00edcia. Por se tratar de um crime militar, o inqu\u00e9rito ser\u00e1 conduzido pela FAB, sem participa\u00e7\u00e3o da Pol\u00edcia Civil do Distrito Federal.<\/p>\n\n\n\n<p><em>Fonte: Yahoo Not\u00edcias<\/em><\/p>\n","protected":false},"excerpt":{"rendered":"<p>Uma briga entre dois militares da For\u00e7a A\u00e9rea Brasileira (FAB), no Minist\u00e9rio da Defesa, terminou em morte na manh\u00e3 deste s\u00e1bado (19). Ap\u00f3s uma discuss\u00e3o, Felipe de Carvalho Sales, de 19 anos, sacou uma pistola e disparou contra a cabe\u00e7a de Kauan Jesus de Cunha Duarte, de mesma idade.<\/p>\n","protected":false},"author":2,"featured_media":45774,"comment_status":"open","ping_status":"open","sticky":false,"template":"","format":"standard","meta":{"om_disable_all_campaigns":false,"_monsterinsights_skip_tracking":false,"_monsterinsights_sitenote_active":false,"_monsterinsights_sitenote_note":"","_monsterinsights_sitenote_category":0,"footnotes":""},"categories":[34,70,69,22],"tags":[93,3436,206,5564],"class_list":["post-45773","post","type-post","status-publish","format-standard","has-post-thumbnail","hentry","category-brasil","category-destaques","category-noticias2","category-seguranca","tag-brasil","tag-forca-aerea-brasileira","tag-homicidio","tag-ministerio-da-defesa"],"aioseo_notices":[],"_links":{"self":[{"href":"https:\/\/www.portalalerta.com.br\/index.php\/wp-json\/wp\/v2\/posts\/45773","targetHints":{"allow":["GET"]}}],"collection":[{"href":"https:\/\/www.portalalerta.com.br\/index.php\/wp-json\/wp\/v2\/posts"}],"about":[{"href":"https:\/\/www.portalalerta.com.br\/index.php\/wp-json\/wp\/v2\/types\/post"}],"author":[{"embeddable":true,"href":"https:\/\/www.portalalerta.com.br\/index.php\/wp-json\/wp\/v2\/users\/2"}],"replies":[{"embeddable":true,"href":"https:\/\/www.portalalerta.com.br\/index.php\/wp-json\/wp\/v2\/comments?post=45773"}],"version-history":[{"count":1,"href":"https:\/\/www.portalalerta.com.br\/index.php\/wp-json\/wp\/v2\/posts\/45773\/revisions"}],"predecessor-version":[{"id":45775,"href":"https:\/\/www.portalalerta.com.br\/index.php\/wp-json\/wp\/v2\/posts\/45773\/revisions\/45775"}],"wp:featuredmedia":[{"embeddable":true,"href":"https:\/\/www.portalalerta.com.br\/index.php\/wp-json\/wp\/v2\/media\/45774"}],"wp:attachment":[{"href":"https:\/\/www.portalalerta.com.br\/index.php\/wp-json\/wp\/v2\/media?parent=45773"}],"wp:term":[{"taxonomy":"category","embeddable":true,"href":"https:\/\/www.portalalerta.com.br\/index.php\/wp-json\/wp\/v2\/categories?post=45773"},{"taxonomy":"post_tag","embeddable":true,"href":"https:\/\/www.portalalerta.com.br\/index.php\/wp-json\/wp\/v2\/tags?post=45773"}],"curies":[{"name":"wp","href":"https:\/\/api.w.org\/{rel}","templated":true}]}}