{"id":45778,"date":"2022-11-19T18:10:43","date_gmt":"2022-11-19T21:10:43","guid":{"rendered":"https:\/\/www.portalalerta.com.br\/?p=45778"},"modified":"2022-11-19T18:10:45","modified_gmt":"2022-11-19T21:10:45","slug":"camara-de-vereadores-derruba-veto-do-executivo-e-aprova-reajuste-salarial-para-todos-os-professores-do-municipio-de-ribeira-do-amparo-ba","status":"publish","type":"post","link":"https:\/\/www.portalalerta.com.br\/index.php\/2022\/11\/19\/camara-de-vereadores-derruba-veto-do-executivo-e-aprova-reajuste-salarial-para-todos-os-professores-do-municipio-de-ribeira-do-amparo-ba\/","title":{"rendered":"C\u00e2mara de Vereadores derruba veto do executivo e aprova reajuste salarial para todos os professores do Munic\u00edpio de Ribeira do Amparo-BA"},"content":{"rendered":"\n<p>O prefeito Germano Santana, do munic\u00edpio de Ribeira do Amparo-BA, enviou o Projeto de Lei para o Legislativo concedendo aumento de 33,24% somente para os professores que est\u00e3o recebendo abaixo do piso salarial da categoria estabelecido pelo Minist\u00e9rio da Educa\u00e7\u00e3o em janeiro 2022.<\/p>\n\n\n\n<!--more-->\n\n\n\n<div class=\"wp-block-image\"><figure class=\"alignleft size-full is-resized\"><img fetchpriority=\"high\" decoding=\"async\" src=\"https:\/\/www.portalalerta.com.br\/wp-content\/uploads\/2021\/04\/ELAB.jpg\" alt=\"\" class=\"wp-image-34795\" width=\"372\" height=\"297\" srcset=\"https:\/\/www.portalalerta.com.br\/wp-content\/uploads\/2021\/04\/ELAB.jpg 1000w, https:\/\/www.portalalerta.com.br\/wp-content\/uploads\/2021\/04\/ELAB-300x240.jpg 300w, https:\/\/www.portalalerta.com.br\/wp-content\/uploads\/2021\/04\/ELAB-768x614.jpg 768w, https:\/\/www.portalalerta.com.br\/wp-content\/uploads\/2021\/04\/ELAB-183x146.jpg 183w, https:\/\/www.portalalerta.com.br\/wp-content\/uploads\/2021\/04\/ELAB-50x40.jpg 50w, https:\/\/www.portalalerta.com.br\/wp-content\/uploads\/2021\/04\/ELAB-94x75.jpg 94w\" sizes=\"(max-width: 372px) 100vw, 372px\" \/><\/figure><\/div>\n\n\n\n<p>Vereadores da oposi\u00e7\u00e3o modificaram o referido, estendendo o reajuste para toda a categoria, acrescentando ainda o pagamento de retroativo a partir de abril, que foi aprovado e encaminhado ao executivo.<\/p>\n\n\n\n<p>O gestor municipal vetou o projeto e devolveu a C\u00e2mara de Vereadores. Na \u00faltima sexta-feira (18), em Sess\u00e3o Extraordin\u00e1ria, por 5 votos a 3, os vereadores derrubaram o veto do prefeito.<\/p>\n\n\n\n<p>O munic\u00edpio ainda n\u00e3o se pronunciou se vai acatar a decis\u00e3o da c\u00e2mara, ou se vai judicializar.<\/p>\n\n\n\n<p><em>Fonte: Joilson Costa<\/em><\/p>\n","protected":false},"excerpt":{"rendered":"<p>O prefeito Germano Santana, do munic\u00edpio de Ribeira do Amparo-BA, enviou o Projeto de Lei para o Legislativo concedendo aumento de 33,24% somente para os professores que est\u00e3o recebendo abaixo do piso salarial da categoria estabelecido pelo Minist\u00e9rio da Educa\u00e7\u00e3o em janeiro 2022.<\/p>\n","protected":false},"author":2,"featured_media":44242,"comment_status":"open","ping_status":"open","sticky":false,"template":"","format":"standard","meta":{"om_disable_all_campaigns":false,"_monsterinsights_skip_tracking":false,"_monsterinsights_sitenote_active":false,"_monsterinsights_sitenote_note":"","_monsterinsights_sitenote_category":0,"footnotes":""},"categories":[70,20,69,21,32,16],"tags":[211,145,184,2197,88],"class_list":["post-45778","post","type-post","status-publish","format-standard","has-post-thumbnail","hentry","category-destaques","category-educacao","category-noticias2","category-politica","category-regiao","category-ribeira-do-amparo","tag-camara-de-vereadores","tag-prefeitura","tag-professores","tag-reajuste-salarial","tag-ribeira-do-amparo"],"aioseo_notices":[],"_links":{"self":[{"href":"https:\/\/www.portalalerta.com.br\/index.php\/wp-json\/wp\/v2\/posts\/45778","targetHints":{"allow":["GET"]}}],"collection":[{"href":"https:\/\/www.portalalerta.com.br\/index.php\/wp-json\/wp\/v2\/posts"}],"about":[{"href":"https:\/\/www.portalalerta.com.br\/index.php\/wp-json\/wp\/v2\/types\/post"}],"author":[{"embeddable":true,"href":"https:\/\/www.portalalerta.com.br\/index.php\/wp-json\/wp\/v2\/users\/2"}],"replies":[{"embeddable":true,"href":"https:\/\/www.portalalerta.com.br\/index.php\/wp-json\/wp\/v2\/comments?post=45778"}],"version-history":[{"count":1,"href":"https:\/\/www.portalalerta.com.br\/index.php\/wp-json\/wp\/v2\/posts\/45778\/revisions"}],"predecessor-version":[{"id":45779,"href":"https:\/\/www.portalalerta.com.br\/index.php\/wp-json\/wp\/v2\/posts\/45778\/revisions\/45779"}],"wp:featuredmedia":[{"embeddable":true,"href":"https:\/\/www.portalalerta.com.br\/index.php\/wp-json\/wp\/v2\/media\/44242"}],"wp:attachment":[{"href":"https:\/\/www.portalalerta.com.br\/index.php\/wp-json\/wp\/v2\/media?parent=45778"}],"wp:term":[{"taxonomy":"category","embeddable":true,"href":"https:\/\/www.portalalerta.com.br\/index.php\/wp-json\/wp\/v2\/categories?post=45778"},{"taxonomy":"post_tag","embeddable":true,"href":"https:\/\/www.portalalerta.com.br\/index.php\/wp-json\/wp\/v2\/tags?post=45778"}],"curies":[{"name":"wp","href":"https:\/\/api.w.org\/{rel}","templated":true}]}}