{"id":45783,"date":"2022-11-19T18:24:39","date_gmt":"2022-11-19T21:24:39","guid":{"rendered":"https:\/\/www.portalalerta.com.br\/?p=45783"},"modified":"2022-11-19T18:24:41","modified_gmt":"2022-11-19T21:24:41","slug":"durante-procura-por-pombalense-desaparecido-em-aracaju-se-familia-cai-em-golpe","status":"publish","type":"post","link":"https:\/\/www.portalalerta.com.br\/index.php\/2022\/11\/19\/durante-procura-por-pombalense-desaparecido-em-aracaju-se-familia-cai-em-golpe\/","title":{"rendered":"Durante procura por pombalense desaparecido em Aracaju-SE, fam\u00edlia cai em golpe"},"content":{"rendered":"\n<p>Juan Pablo est\u00e1 desaparecido desde do dia 19 de novembro, no bairro Atalaia em Aracaju<\/p>\n\n\n\n<!--more-->\n\n\n\n<p><strong><a href=\"https:\/\/www.portalalerta.com.br\/index.php\/2022\/11\/17\/adolescente-pombalense-esta-desaparecido-ha-uma-semana-em-aracaju-se\/\">Juan Pablo Santos de Castro, tem 17 anos,<\/a><\/strong> e est\u00e1 desaparecido desde a \u00faltima quinta-feira (10). Al\u00e9m da ang\u00fastia pela procura do filho, a fam\u00edlia foi v\u00edtima de golpe durante as buscas.<\/p>\n\n\n\n<div class=\"wp-block-image\"><figure class=\"alignleft size-full is-resized\"><img fetchpriority=\"high\" decoding=\"async\" src=\"https:\/\/www.portalalerta.com.br\/wp-content\/uploads\/2022\/03\/Cred-Real.1.jpg\" alt=\"\" class=\"wp-image-41523\" width=\"424\" height=\"339\" srcset=\"https:\/\/www.portalalerta.com.br\/wp-content\/uploads\/2022\/03\/Cred-Real.1.jpg 500w, https:\/\/www.portalalerta.com.br\/wp-content\/uploads\/2022\/03\/Cred-Real.1-300x240.jpg 300w, https:\/\/www.portalalerta.com.br\/wp-content\/uploads\/2022\/03\/Cred-Real.1-183x146.jpg 183w, https:\/\/www.portalalerta.com.br\/wp-content\/uploads\/2022\/03\/Cred-Real.1-50x40.jpg 50w, https:\/\/www.portalalerta.com.br\/wp-content\/uploads\/2022\/03\/Cred-Real.1-94x75.jpg 94w\" sizes=\"(max-width: 424px) 100vw, 424px\" \/><\/figure><\/div>\n\n\n\n<p>Segundo a m\u00e3e de Juan, Samila Pereira, ele mora com o pai, no bairro Atalaia em Aracaju. Na quinta, o pai saiu para trabalhar e deixou o filho em casa, quando retornou, o jovem j\u00e1 n\u00e3o estava mais. De l\u00e1 pra c\u00e1, eles vivem o desespero pela falta de informa\u00e7\u00f5es.<\/p>\n\n\n\n<p>Durante a procura pelo garoto, a m\u00e3e conta que acabaram caindo em um golpe. <strong><em>&#8220;Um homem ligou e disse que ele tinha sido morto e queria R$ 1.000 para entregar o corpo, na hora, a gente n\u00e3o pensou e pagou. Depois pediu mais R$ 500 para dizer onde o corpo estava, a\u00ed a gente j\u00e1 n\u00e3o deu mais e percebemos que era golpe&#8221;<\/em><\/strong>, explicou.<\/p>\n\n\n\n<p>Samila ainda disse que Juan \u00e9 usu\u00e1rio de entorpecentes e j\u00e1 tem passagem pela pol\u00edcia. Qualquer informa\u00e7\u00e3o pode ser passada para o (75) 9 9930-7493.<\/p>\n\n\n\n<p><em>Fonte: A8Se<\/em><\/p>\n","protected":false},"excerpt":{"rendered":"<p>Juan Pablo est\u00e1 desaparecido desde do dia 19 de novembro, no bairro Atalaia em Aracaju<\/p>\n","protected":false},"author":2,"featured_media":45741,"comment_status":"open","ping_status":"open","sticky":false,"template":"","format":"standard","meta":{"om_disable_all_campaigns":false,"_monsterinsights_skip_tracking":false,"_monsterinsights_sitenote_active":false,"_monsterinsights_sitenote_note":"","_monsterinsights_sitenote_category":0,"footnotes":""},"categories":[34,70,69,32,3,22],"tags":[100,71,487,48,4179,75,4178,4180,1226,129,107,839,4181,132,230,3828,106,203,120,51,109,88,47,111],"class_list":["post-45783","post","type-post","status-publish","format-standard","has-post-thumbnail","hentry","category-brasil","category-destaques","category-noticias2","category-regiao","category-ribeira-do-pombal","category-seguranca","tag-adustina","tag-antas","tag-aracaju","tag-araci","tag-banzae-2","tag-cicero-dantas","tag-cipo-2","tag-crisopolis-2","tag-desaparecido","tag-euclides-da-cunha","tag-fatima","tag-golpe","tag-heliopolis-2","tag-itapicuru","tag-jeremoabo","tag-noticias","tag-nova-soure","tag-novo-triunfo","tag-olindina","tag-paripiranga","tag-quijingue","tag-ribeira-do-amparo","tag-ribeira-do-pombal","tag-sitio-do-quinto"],"aioseo_notices":[],"_links":{"self":[{"href":"https:\/\/www.portalalerta.com.br\/index.php\/wp-json\/wp\/v2\/posts\/45783","targetHints":{"allow":["GET"]}}],"collection":[{"href":"https:\/\/www.portalalerta.com.br\/index.php\/wp-json\/wp\/v2\/posts"}],"about":[{"href":"https:\/\/www.portalalerta.com.br\/index.php\/wp-json\/wp\/v2\/types\/post"}],"author":[{"embeddable":true,"href":"https:\/\/www.portalalerta.com.br\/index.php\/wp-json\/wp\/v2\/users\/2"}],"replies":[{"embeddable":true,"href":"https:\/\/www.portalalerta.com.br\/index.php\/wp-json\/wp\/v2\/comments?post=45783"}],"version-history":[{"count":1,"href":"https:\/\/www.portalalerta.com.br\/index.php\/wp-json\/wp\/v2\/posts\/45783\/revisions"}],"predecessor-version":[{"id":45784,"href":"https:\/\/www.portalalerta.com.br\/index.php\/wp-json\/wp\/v2\/posts\/45783\/revisions\/45784"}],"wp:featuredmedia":[{"embeddable":true,"href":"https:\/\/www.portalalerta.com.br\/index.php\/wp-json\/wp\/v2\/media\/45741"}],"wp:attachment":[{"href":"https:\/\/www.portalalerta.com.br\/index.php\/wp-json\/wp\/v2\/media?parent=45783"}],"wp:term":[{"taxonomy":"category","embeddable":true,"href":"https:\/\/www.portalalerta.com.br\/index.php\/wp-json\/wp\/v2\/categories?post=45783"},{"taxonomy":"post_tag","embeddable":true,"href":"https:\/\/www.portalalerta.com.br\/index.php\/wp-json\/wp\/v2\/tags?post=45783"}],"curies":[{"name":"wp","href":"https:\/\/api.w.org\/{rel}","templated":true}]}}