{"id":45785,"date":"2022-11-19T18:30:34","date_gmt":"2022-11-19T21:30:34","guid":{"rendered":"https:\/\/www.portalalerta.com.br\/?p=45785"},"modified":"2022-11-19T18:30:36","modified_gmt":"2022-11-19T21:30:36","slug":"salario-minimo-corrigido-so-pela-inflacao-seria-r-1-285-em-2023-proposta-de-orcamento-e-de-r-1-302","status":"publish","type":"post","link":"https:\/\/www.portalalerta.com.br\/index.php\/2022\/11\/19\/salario-minimo-corrigido-so-pela-inflacao-seria-r-1-285-em-2023-proposta-de-orcamento-e-de-r-1-302\/","title":{"rendered":"Sal\u00e1rio m\u00ednimo: corrigido s\u00f3 pela infla\u00e7\u00e3o seria R$ 1.285 em 2023; proposta de or\u00e7amento \u00e9 de R$ 1.302"},"content":{"rendered":"\n<p>Esse reajuste para corrigir o impacto da infla\u00e7\u00e3o \u00e9 obrigat\u00f3rio porque est\u00e1 previsto na Constitui\u00e7\u00e3o<\/p>\n\n\n\n<!--more-->\n\n\n\n<p>A redu\u00e7\u00e3o das expectativas oficiais de infla\u00e7\u00e3o para o ano de 2022, anunciada nesta semana pelo Minist\u00e9rio da Economia, fez com que o reajuste do sal\u00e1rio m\u00ednimo para 2023 inclu\u00eddo no projeto de or\u00e7amento que j\u00e1 tramita no Congresso Nacional ficasse acima das proje\u00e7\u00f5es do governo atual.<\/p>\n\n\n\n<div class=\"wp-block-image\"><figure class=\"alignleft size-full is-resized\"><img fetchpriority=\"high\" decoding=\"async\" src=\"https:\/\/www.portalalerta.com.br\/wp-content\/uploads\/2021\/04\/ELAB.jpg\" alt=\"\" class=\"wp-image-34795\" width=\"394\" height=\"314\" srcset=\"https:\/\/www.portalalerta.com.br\/wp-content\/uploads\/2021\/04\/ELAB.jpg 1000w, https:\/\/www.portalalerta.com.br\/wp-content\/uploads\/2021\/04\/ELAB-300x240.jpg 300w, https:\/\/www.portalalerta.com.br\/wp-content\/uploads\/2021\/04\/ELAB-768x614.jpg 768w, https:\/\/www.portalalerta.com.br\/wp-content\/uploads\/2021\/04\/ELAB-183x146.jpg 183w, https:\/\/www.portalalerta.com.br\/wp-content\/uploads\/2021\/04\/ELAB-50x40.jpg 50w, https:\/\/www.portalalerta.com.br\/wp-content\/uploads\/2021\/04\/ELAB-94x75.jpg 94w\" sizes=\"(max-width: 394px) 100vw, 394px\" \/><\/figure><\/div>\n\n\n\n<p>O texto foi enviado ao Legislativo no fim de agosto prevendo um sal\u00e1rio m\u00ednimo de R$ 1.302 \u2013 7,41% maior que os R$ 1.212 atuais.&nbsp;<\/p>\n\n\n\n<p>Esse percentual correspondia \u00e0 expectativa de infla\u00e7\u00e3o para 2022 realizada naquele momento, ou seja, reajustava o m\u00ednimo sem prever ganho real para os trabalhadores.<\/p>\n\n\n\n<p>Esse reajuste para corrigir o impacto da infla\u00e7\u00e3o \u00e9 obrigat\u00f3rio porque est\u00e1 previsto na Constitui\u00e7\u00e3o. O or\u00e7amento de cada ano pode prever um reajuste maior, como ocorria at\u00e9 2019, mas nunca menor que a infla\u00e7\u00e3o oficial.<\/p>\n\n\n\n<p><em>Fonte: Metro1<\/em><\/p>\n","protected":false},"excerpt":{"rendered":"<p>Esse reajuste para corrigir o impacto da infla\u00e7\u00e3o \u00e9 obrigat\u00f3rio porque est\u00e1 previsto na Constitui\u00e7\u00e3o<\/p>\n","protected":false},"author":2,"featured_media":6535,"comment_status":"open","ping_status":"open","sticky":false,"template":"","format":"standard","meta":{"om_disable_all_campaigns":false,"_monsterinsights_skip_tracking":false,"_monsterinsights_sitenote_active":false,"_monsterinsights_sitenote_note":"","_monsterinsights_sitenote_category":0,"footnotes":""},"categories":[34,70,69],"tags":[5704,100,71,48,4179,93,75,4178,4180,129,107,4181,132,230,3828,106,203,120,51,5703,109,88,47,272,111,190],"class_list":["post-45785","post","type-post","status-publish","format-standard","has-post-thumbnail","hentry","category-brasil","category-destaques","category-noticias2","tag-5704","tag-adustina","tag-antas","tag-araci","tag-banzae-2","tag-brasil","tag-cicero-dantas","tag-cipo-2","tag-crisopolis-2","tag-euclides-da-cunha","tag-fatima","tag-heliopolis-2","tag-itapicuru","tag-jeremoabo","tag-noticias","tag-nova-soure","tag-novo-triunfo","tag-olindina","tag-paripiranga","tag-proposta-orcamentaria","tag-quijingue","tag-ribeira-do-amparo","tag-ribeira-do-pombal","tag-salario-minimo","tag-sitio-do-quinto","tag-tucano"],"aioseo_notices":[],"_links":{"self":[{"href":"https:\/\/www.portalalerta.com.br\/index.php\/wp-json\/wp\/v2\/posts\/45785","targetHints":{"allow":["GET"]}}],"collection":[{"href":"https:\/\/www.portalalerta.com.br\/index.php\/wp-json\/wp\/v2\/posts"}],"about":[{"href":"https:\/\/www.portalalerta.com.br\/index.php\/wp-json\/wp\/v2\/types\/post"}],"author":[{"embeddable":true,"href":"https:\/\/www.portalalerta.com.br\/index.php\/wp-json\/wp\/v2\/users\/2"}],"replies":[{"embeddable":true,"href":"https:\/\/www.portalalerta.com.br\/index.php\/wp-json\/wp\/v2\/comments?post=45785"}],"version-history":[{"count":1,"href":"https:\/\/www.portalalerta.com.br\/index.php\/wp-json\/wp\/v2\/posts\/45785\/revisions"}],"predecessor-version":[{"id":45786,"href":"https:\/\/www.portalalerta.com.br\/index.php\/wp-json\/wp\/v2\/posts\/45785\/revisions\/45786"}],"wp:featuredmedia":[{"embeddable":true,"href":"https:\/\/www.portalalerta.com.br\/index.php\/wp-json\/wp\/v2\/media\/6535"}],"wp:attachment":[{"href":"https:\/\/www.portalalerta.com.br\/index.php\/wp-json\/wp\/v2\/media?parent=45785"}],"wp:term":[{"taxonomy":"category","embeddable":true,"href":"https:\/\/www.portalalerta.com.br\/index.php\/wp-json\/wp\/v2\/categories?post=45785"},{"taxonomy":"post_tag","embeddable":true,"href":"https:\/\/www.portalalerta.com.br\/index.php\/wp-json\/wp\/v2\/tags?post=45785"}],"curies":[{"name":"wp","href":"https:\/\/api.w.org\/{rel}","templated":true}]}}