{"id":45795,"date":"2022-11-20T13:28:17","date_gmt":"2022-11-20T16:28:17","guid":{"rendered":"https:\/\/www.portalalerta.com.br\/?p=45795"},"modified":"2022-11-20T13:28:19","modified_gmt":"2022-11-20T16:28:19","slug":"claudio-castro-abre-canal-com-lula-em-meio-a-crise-com-cla-bolsonaro","status":"publish","type":"post","link":"https:\/\/www.portalalerta.com.br\/index.php\/2022\/11\/20\/claudio-castro-abre-canal-com-lula-em-meio-a-crise-com-cla-bolsonaro\/","title":{"rendered":"Cl\u00e1udio Castro abre canal com Lula em meio a crise com cl\u00e3 Bolsonaro"},"content":{"rendered":"\n<p>Cercado por aliados do presidente eleito Luiz In\u00e1cio Lula da Silva (PT), o governador do Rio, Cl\u00e1udio Castro (PL), iniciou di\u00e1logo com o pr\u00f3ximo governo. Ele \u00e9 esperado em Bras\u00edlia na primeira semana de dezembro, quando deve se encontrar com Lula, em meio \u00e0 crise implodida com o bolsonarismo pelo comando do Sebrae fluminense.<\/p>\n\n\n\n<!--more-->\n\n\n\n<p>Na \u00faltima semana, Castro e Lula j\u00e1 conversaram por telefone. No contato, o governador deixou claro que pretende caminhar alinhado ao petista, apesar de ser do mesmo partido de Bolsonaro. Temas econ\u00f4micos como as receitas de ICMS foram rapidamente debatidos, e Castro lembrou que, entre os seus principais aliados, est\u00e3o o petista Andr\u00e9 Ceciliano, escalado por Lula para a transi\u00e7\u00e3o de governo, o prefeito de Belford Roxo, Wagner dos Santos (Uni\u00e3o), o Waguinho, que fez campanha pelo petista na Baixada, e seu chefe de gabinete, Rodrigo Abel, que tem origem no PT.<\/p>\n\n\n\n<div class=\"wp-block-image\"><figure class=\"alignleft size-full is-resized\"><img fetchpriority=\"high\" decoding=\"async\" src=\"https:\/\/www.portalalerta.com.br\/wp-content\/uploads\/2022\/03\/Cred-Real.1.jpg\" alt=\"\" class=\"wp-image-41523\" width=\"412\" height=\"330\" srcset=\"https:\/\/www.portalalerta.com.br\/wp-content\/uploads\/2022\/03\/Cred-Real.1.jpg 500w, https:\/\/www.portalalerta.com.br\/wp-content\/uploads\/2022\/03\/Cred-Real.1-300x240.jpg 300w, https:\/\/www.portalalerta.com.br\/wp-content\/uploads\/2022\/03\/Cred-Real.1-183x146.jpg 183w, https:\/\/www.portalalerta.com.br\/wp-content\/uploads\/2022\/03\/Cred-Real.1-50x40.jpg 50w, https:\/\/www.portalalerta.com.br\/wp-content\/uploads\/2022\/03\/Cred-Real.1-94x75.jpg 94w\" sizes=\"(max-width: 412px) 100vw, 412px\" \/><\/figure><\/div>\n\n\n\n<p>Na mesma semana em que Castro fez quest\u00e3o de abrir o canal de di\u00e1logo com Lula, outra movimenta\u00e7\u00e3o chamou a aten\u00e7\u00e3o: dos Estados Unidos, onde passa f\u00e9rias com a fam\u00edlia, ele aproveitou que a bancada bolsonarista se reunia no Pal\u00e1cio Guanabara, na \u00faltima quinta-feira, e fez uma chamada de v\u00eddeo.<\/p>\n\n\n\n<p>Aos presentes, definiu a interfer\u00eancia do senador Fl\u00e1vio Bolsonaro no processo de escolha do novo diretor-superintendente do Sebrae como um <strong><em>\u201cpapel\u00e3o do chefe de voc\u00eas\u201d<\/em><\/strong>, segundo relataram alguns dos presentes. Fl\u00e1vio e o ministro da Economia, Paulo Guedes, teriam interferido para que Ant\u00f4nio Alvarenga Neto fosse reeleito para o cargo, quebrando um acordo alinhavado por Castro antes da viagem, segundo o qual o escolhido para o posto seria o deputado federal Vin\u00edcius Farah (Uni\u00e3o).<\/p>\n\n\n\n<p><strong>Mal-estar no partido<\/strong><\/p>\n\n\n\n<p>Entre os bolsonaristas, h\u00e1 agora o temor de que os espa\u00e7os reservados no primeiro escal\u00e3o do governo fluminense n\u00e3o sejam concedidos. A Secretaria de Esportes, por exemplo, que era dada como certa para o grupo, \u00e9 motivo de d\u00favidas neste momento. Reeleito no primeiro turno, Castro n\u00e3o teria dificuldades em encontrar uma nova legenda, caso a falta de di\u00e1logo com a fam\u00edlia Bolsonaro implique em problemas com a dire\u00e7\u00e3o do PL. Nos bastidores do partido, o governador do Rio \u00e9 visto como uma figura central e interlocutores do presidente da legenda, Valdemar da Costa Neto, j\u00e1 trabalham para apaziguar o mal-estar.<\/p>\n\n\n\n<p>Apesar de ter feito campanha e pedido votos para Bolsonaro, Castro sempre se manteve atento \u00e0 possibilidade de Lula ser eleito e, por isso, tomou certos cuidados. Em com\u00edcios no Rio, o governador destoava da vestimenta verde e amarela dos demais presentes. Sempre com roupas sociais, ele se posicionava como governador e n\u00e3o como <strong><em>\u201cmais um bolsonarista\u201d<\/em><\/strong> em cima do palanque. Na mensagem passada a Lula, durante o telefonema da \u00faltima semana, deixou claro que n\u00e3o pretende ter qualquer esp\u00e9cie de indisposi\u00e7\u00e3o com o futuro governo.<\/p>\n\n\n\n<p><strong>Loteamento do governo<\/strong><\/p>\n\n\n\n<p>Cercado por pessoas pr\u00f3ximas ao petismo, Castro deve reservar cargos ao grupo no governo para n\u00e3o perder esta interlocu\u00e7\u00e3o. Apesar de ter perdido a disputa para o Senado e ao deixar a presid\u00eancia da Assembleia Legislativa do Rio (Alerj), Andr\u00e9 Ceciliano ter\u00e1 espa\u00e7o na pr\u00f3xima administra\u00e7\u00e3o, com direito \u00e0 indica\u00e7\u00e3o para ocupar uma secretaria. Pr\u00f3ximo de Lula, tamb\u00e9m \u00e9 poss\u00edvel que Ceciliano assuma um cargo no pr\u00f3ximo mandato do governo federal.<\/p>\n\n\n\n<p>Waguinho, que al\u00e9m de ser prefeito de Belford Roxo se mant\u00e9m na presid\u00eancia do diret\u00f3rio fluminense do Uni\u00e3o Brasil, ter\u00e1 o direito de indicar nomes para pelo menos duas pastas, entre elas a cobi\u00e7ada Secretaria de Ci\u00eancia e Tecnologia.<\/p>\n\n\n\n<p>Ex-presidente nacional da Juventude do PT, Rodrigo Abel desponta como favorito para uma indica\u00e7\u00e3o ao Tribunal de Contas do Estado (TCE) neste ano. Pelo acordo firmado, a vaga ser\u00e1 ocupada por um escolhido pelo Poder Executivo. Pr\u00f3ximo a uma ala mais antiga do PT, Abel \u00e9 visto como um nome capaz de articular alian\u00e7as e manter bom contato com a Presid\u00eancia da Rep\u00fablica.<\/p>\n\n\n\n<p><em>Fonte: Yahoo Not\u00edcias<\/em><\/p>\n","protected":false},"excerpt":{"rendered":"<p>Cercado por aliados do presidente eleito Luiz In\u00e1cio Lula da Silva (PT), o governador do Rio, Cl\u00e1udio Castro (PL), iniciou di\u00e1logo com o pr\u00f3ximo governo. Ele \u00e9 esperado em Bras\u00edlia na primeira semana de dezembro, quando deve se encontrar com Lula, em meio \u00e0 crise implodida com o bolsonarismo pelo comando do Sebrae fluminense.<\/p>\n","protected":false},"author":2,"featured_media":34837,"comment_status":"open","ping_status":"open","sticky":false,"template":"","format":"standard","meta":{"om_disable_all_campaigns":false,"_monsterinsights_skip_tracking":false,"_monsterinsights_sitenote_active":false,"_monsterinsights_sitenote_note":"","_monsterinsights_sitenote_category":0,"footnotes":""},"categories":[34,70,69,21],"tags":[100,71,48,4179,93,75,4178,4454,4180,129,107,283,4181,132,1395,230,303,3828,106,203,120,51,199,109,88,47,300,111],"class_list":["post-45795","post","type-post","status-publish","format-standard","has-post-thumbnail","hentry","category-brasil","category-destaques","category-noticias2","category-politica","tag-adustina","tag-antas","tag-araci","tag-banzae-2","tag-brasil","tag-cicero-dantas","tag-cipo-2","tag-claudio-castro","tag-crisopolis-2","tag-euclides-da-cunha","tag-fatima","tag-governador","tag-heliopolis-2","tag-itapicuru","tag-jair-bolsonaro","tag-jeremoabo","tag-lula","tag-noticias","tag-nova-soure","tag-novo-triunfo","tag-olindina","tag-paripiranga","tag-politica","tag-quijingue","tag-ribeira-do-amparo","tag-ribeira-do-pombal","tag-rio-de-janeiro","tag-sitio-do-quinto"],"aioseo_notices":[],"_links":{"self":[{"href":"https:\/\/www.portalalerta.com.br\/index.php\/wp-json\/wp\/v2\/posts\/45795","targetHints":{"allow":["GET"]}}],"collection":[{"href":"https:\/\/www.portalalerta.com.br\/index.php\/wp-json\/wp\/v2\/posts"}],"about":[{"href":"https:\/\/www.portalalerta.com.br\/index.php\/wp-json\/wp\/v2\/types\/post"}],"author":[{"embeddable":true,"href":"https:\/\/www.portalalerta.com.br\/index.php\/wp-json\/wp\/v2\/users\/2"}],"replies":[{"embeddable":true,"href":"https:\/\/www.portalalerta.com.br\/index.php\/wp-json\/wp\/v2\/comments?post=45795"}],"version-history":[{"count":1,"href":"https:\/\/www.portalalerta.com.br\/index.php\/wp-json\/wp\/v2\/posts\/45795\/revisions"}],"predecessor-version":[{"id":45796,"href":"https:\/\/www.portalalerta.com.br\/index.php\/wp-json\/wp\/v2\/posts\/45795\/revisions\/45796"}],"wp:featuredmedia":[{"embeddable":true,"href":"https:\/\/www.portalalerta.com.br\/index.php\/wp-json\/wp\/v2\/media\/34837"}],"wp:attachment":[{"href":"https:\/\/www.portalalerta.com.br\/index.php\/wp-json\/wp\/v2\/media?parent=45795"}],"wp:term":[{"taxonomy":"category","embeddable":true,"href":"https:\/\/www.portalalerta.com.br\/index.php\/wp-json\/wp\/v2\/categories?post=45795"},{"taxonomy":"post_tag","embeddable":true,"href":"https:\/\/www.portalalerta.com.br\/index.php\/wp-json\/wp\/v2\/tags?post=45795"}],"curies":[{"name":"wp","href":"https:\/\/api.w.org\/{rel}","templated":true}]}}