{"id":45797,"date":"2022-11-20T13:42:34","date_gmt":"2022-11-20T16:42:34","guid":{"rendered":"https:\/\/www.portalalerta.com.br\/?p=45797"},"modified":"2022-11-20T13:42:36","modified_gmt":"2022-11-20T16:42:36","slug":"crianca-de-apenas-3-meses-de-idade-morre-em-decorrencia-da-covid-19-em-ribeira-do-pombal-ba","status":"publish","type":"post","link":"https:\/\/www.portalalerta.com.br\/index.php\/2022\/11\/20\/crianca-de-apenas-3-meses-de-idade-morre-em-decorrencia-da-covid-19-em-ribeira-do-pombal-ba\/","title":{"rendered":"Crian\u00e7a de apenas 3 meses de idade, morre em decorr\u00eancia da Covid-19, em Ribeira do Pombal-BA"},"content":{"rendered":"\n<p>O munic\u00edpio de Ribeira do Pombal-BA, voltou a registrar \u00f3bito em decorr\u00eancia da Covid-19. Desta vez a v\u00edtima foi uma crian\u00e7a de apenas 3 meses de idade.<\/p>\n\n\n\n<!--more-->\n\n\n\n<p>De acordo com uma nota divulgada pela Secretaria Municipal de Sa\u00fade, a crian\u00e7a deu entrada na Emerg\u00eancia do Hospital Geral Santa Tereza, no \u00faltimo dia 17, com sintomas da doen\u00e7a, n\u00e3o resistindo e evoluindo a \u00f3bito no \u00faltimo s\u00e1bado (19).<\/p>\n\n\n\n<p>Desta forma, este \u00e9 81\u00ba \u00f3bito por conta do v\u00edrus desde o in\u00edcio da pandemia em Ribeira do Pombal. Ao todo j\u00e1 foram confirmados <strong>8.199, destes 8.110 foram curados (99%), e 08 casos ativos (-1%).<\/strong><\/p>\n\n\n\n<p><em>Reda\u00e7\u00e3o: Portal Alerta<\/em><\/p>\n","protected":false},"excerpt":{"rendered":"<p>O munic\u00edpio de Ribeira do Pombal-BA, voltou a registrar \u00f3bito em decorr\u00eancia da Covid-19. Desta vez a v\u00edtima foi uma crian\u00e7a de apenas 3 meses de idade.<\/p>\n","protected":false},"author":2,"featured_media":34265,"comment_status":"open","ping_status":"open","sticky":false,"template":"","format":"standard","meta":{"om_disable_all_campaigns":false,"_monsterinsights_skip_tracking":false,"_monsterinsights_sitenote_active":false,"_monsterinsights_sitenote_note":"","_monsterinsights_sitenote_category":0,"footnotes":""},"categories":[70,69,32,3,19],"tags":[100,71,48,4179,75,4178,3429,3486,546,4180,129,107,4181,132,230,169,3828,106,203,120,51,109,88,47,111],"class_list":["post-45797","post","type-post","status-publish","format-standard","has-post-thumbnail","hentry","category-destaques","category-noticias2","category-regiao","category-ribeira-do-pombal","category-saude","tag-adustina","tag-antas","tag-araci","tag-banzae-2","tag-cicero-dantas","tag-cipo-2","tag-coronavirus","tag-covid-19","tag-crianca","tag-crisopolis-2","tag-euclides-da-cunha","tag-fatima","tag-heliopolis-2","tag-itapicuru","tag-jeremoabo","tag-morte","tag-noticias","tag-nova-soure","tag-novo-triunfo","tag-olindina","tag-paripiranga","tag-quijingue","tag-ribeira-do-amparo","tag-ribeira-do-pombal","tag-sitio-do-quinto"],"aioseo_notices":[],"_links":{"self":[{"href":"https:\/\/www.portalalerta.com.br\/index.php\/wp-json\/wp\/v2\/posts\/45797","targetHints":{"allow":["GET"]}}],"collection":[{"href":"https:\/\/www.portalalerta.com.br\/index.php\/wp-json\/wp\/v2\/posts"}],"about":[{"href":"https:\/\/www.portalalerta.com.br\/index.php\/wp-json\/wp\/v2\/types\/post"}],"author":[{"embeddable":true,"href":"https:\/\/www.portalalerta.com.br\/index.php\/wp-json\/wp\/v2\/users\/2"}],"replies":[{"embeddable":true,"href":"https:\/\/www.portalalerta.com.br\/index.php\/wp-json\/wp\/v2\/comments?post=45797"}],"version-history":[{"count":1,"href":"https:\/\/www.portalalerta.com.br\/index.php\/wp-json\/wp\/v2\/posts\/45797\/revisions"}],"predecessor-version":[{"id":45798,"href":"https:\/\/www.portalalerta.com.br\/index.php\/wp-json\/wp\/v2\/posts\/45797\/revisions\/45798"}],"wp:featuredmedia":[{"embeddable":true,"href":"https:\/\/www.portalalerta.com.br\/index.php\/wp-json\/wp\/v2\/media\/34265"}],"wp:attachment":[{"href":"https:\/\/www.portalalerta.com.br\/index.php\/wp-json\/wp\/v2\/media?parent=45797"}],"wp:term":[{"taxonomy":"category","embeddable":true,"href":"https:\/\/www.portalalerta.com.br\/index.php\/wp-json\/wp\/v2\/categories?post=45797"},{"taxonomy":"post_tag","embeddable":true,"href":"https:\/\/www.portalalerta.com.br\/index.php\/wp-json\/wp\/v2\/tags?post=45797"}],"curies":[{"name":"wp","href":"https:\/\/api.w.org\/{rel}","templated":true}]}}