{"id":45799,"date":"2022-11-20T17:28:40","date_gmt":"2022-11-20T20:28:40","guid":{"rendered":"https:\/\/www.portalalerta.com.br\/?p=45799"},"modified":"2022-11-20T17:28:41","modified_gmt":"2022-11-20T20:28:41","slug":"quase-preso-em-campo-em-2016-valencia-brilha-pelo-equador-na-abertura-da-copa","status":"publish","type":"post","link":"https:\/\/www.portalalerta.com.br\/index.php\/2022\/11\/20\/quase-preso-em-campo-em-2016-valencia-brilha-pelo-equador-na-abertura-da-copa\/","title":{"rendered":"Quase preso em campo em 2016, Valencia brilha pelo Equador na abertura da Copa"},"content":{"rendered":"\n<p>A abertura da Copa do Mundo tem se tornado partida de apenas uma equipe. Neste domingo (20), o Equador venceu com facilidade o Qatar por 2 a 0, no est\u00e1dio Al Bayt, em Al Khor. O jogo marcou o in\u00edcio do primeiro mundial disputado no Oriente M\u00e9dio.<\/p>\n\n\n\n<!--more-->\n\n\n\n<p>H\u00e1 quatro anos, o torneio na R\u00fassia come\u00e7ou com goleada por 5 a 0 dos anfitri\u00f5es sobre a Ar\u00e1bia Saudita. A tradi\u00e7\u00e3o da competi\u00e7\u00e3o era que o confronto inaugural envolvesse o campe\u00e3o anterior. Isso mudou a partir de 2006, quando a Alemanha fez 4 a 2 na Costa Rica. O vencedor do Mundial anterior havia sido o Brasil.<\/p>\n\n\n\n<p>Melhor para Enner Valencia, 33, que colocou seu nome na hist\u00f3ria. Chegou aos cinco gols em Copas e se tornou o maior artilheiro equatoriano na competi\u00e7\u00e3o. Ele \u00e9 remanescente do time eliminado na fase de grupos em 2014.<\/p>\n\n\n\n<div class=\"wp-block-image\"><figure class=\"alignleft size-full is-resized\"><img fetchpriority=\"high\" decoding=\"async\" src=\"https:\/\/www.portalalerta.com.br\/wp-content\/uploads\/2021\/04\/ELAB.jpg\" alt=\"\" class=\"wp-image-34795\" width=\"379\" height=\"302\" srcset=\"https:\/\/www.portalalerta.com.br\/wp-content\/uploads\/2021\/04\/ELAB.jpg 1000w, https:\/\/www.portalalerta.com.br\/wp-content\/uploads\/2021\/04\/ELAB-300x240.jpg 300w, https:\/\/www.portalalerta.com.br\/wp-content\/uploads\/2021\/04\/ELAB-768x614.jpg 768w, https:\/\/www.portalalerta.com.br\/wp-content\/uploads\/2021\/04\/ELAB-183x146.jpg 183w, https:\/\/www.portalalerta.com.br\/wp-content\/uploads\/2021\/04\/ELAB-50x40.jpg 50w, https:\/\/www.portalalerta.com.br\/wp-content\/uploads\/2021\/04\/ELAB-94x75.jpg 94w\" sizes=\"(max-width: 379px) 100vw, 379px\" \/><\/figure><\/div>\n\n\n\n<p>Comemorar gols no Mundial de 2022 \u00e9 uma mudan\u00e7a e tanto para o atacante que, h\u00e1 seis anos, durante as Eliminat\u00f3rias, protagonizou uma das cenas mais inusitadas j\u00e1 vistas no futebol de sele\u00e7\u00f5es. Em partida contra o Chile, simulou uma contus\u00e3o para ser retirado de maca e n\u00e3o acabar preso pelo n\u00e3o pagamento de pens\u00e3o aliment\u00edcia. Foi levado para o vesti\u00e1rio perseguido por oficiais.<\/p>\n\n\n\n<p>Valencia depois se queixaria do comportamento da ex-mulher e afirmaria que o processo era retalia\u00e7\u00e3o por ter pedido a guarda da filha. Parecia ent\u00e3o que sua carreira com a camisa do Equador estava encerrada. Mas na abertura da Copa do Qatar ele foi o astro em campo.<\/p>\n\n\n\n<p>Poderia ter feito mais gols, caso o VAR, operado por oito pessoas (entre encarregados pelo sistema, assistentes e reservas) n\u00e3o tivesse sinalizado impedimento aos dois minutos, quando o artilheiro completou de cabe\u00e7a ap\u00f3s falha do goleiro Al-Sheeb. O \u00e1rbitro italiano Daniele Orsato confirmou a pol\u00eamica marca\u00e7\u00e3o da equipe de v\u00eddeo.<\/p>\n\n\n\n<p>A controv\u00e9rsia n\u00e3o atrapalhou o Equador por causa da fragilidade do Qatar. O time da casa criou apenas uma oportunidade, no final do primeiro tempo, cabeceio para fora por Almoez Ali. O jogo era t\u00e3o tranquilo para os sul-americanos que sua torcida come\u00e7ou a puxar uma ola ainda antes do intervalo.<\/p>\n\n\n\n<p>At\u00e9 parte dos apoiadores do Qatar desistiu da equipe na etapa final. Os lugares vazios aumentaram ap\u00f3s o intervalo, especialmente nas cadeiras centrais baixas, as mais caras. O setor que mais cantava pelos \u00e1rabes, atr\u00e1s de um dos gols, perdeu quase a metade do n\u00famero de torcedores entre um tempo e outro.<\/p>\n\n\n\n<p>Se o Qatar, como divulgado, tinha um plano para montar uma sele\u00e7\u00e3o forte para disputar a Copa de 2022, este falhou. Seu principal jogador, o atacante Akram Afif, pouco apareceu durante os 90 minutos. \u00c0 beira do campo, o t\u00e9cnico espanhol F\u00e9lix Sanchez n\u00e3o sabia o que fazer. O Equador chegou a dar a bola para o rival, \u00e0 espera da chance de contra-atacar, mas esta n\u00e3o veio porque os qatarianos n\u00e3o conseguiam trocar passes ou concatenar jogadas ofensivas.<\/p>\n\n\n\n<p>Era tamanha facilidade que os equatorianos se acomodaram. Se for\u00e7assem o jogo, poderiam ter feito mais gols.<\/p>\n\n\n\n<p>O Qatar protagonizou marca negativa. Jamais um pa\u00eds anfitri\u00e3o havia perdido na estreia na Copa do Mundo. \u00c9 a primeira participa\u00e7\u00e3o do time no torneio, classificado apenas pela vaga autom\u00e1tica dada ao pa\u00eds-sede.<\/p>\n\n\n\n<p>Mas pelo menos serviu para a reden\u00e7\u00e3o de Valencia em jogos de Mundial depois de quase ter sido preso em 2016. Substitu\u00eddo a 15 minutos do fim, ele saiu mancando e aplaudido tamb\u00e9m por alguns torcedores advers\u00e1rios.<\/p>\n\n\n\n<p><strong>QATAR<\/strong><\/p>\n\n\n\n<p>Al Sheeb; Al-Rawi, Khoukhi e Hassan; Pedro Miguel, Boudiaf, Al Haydos (Waad), Hatem e Ahmed; Akram Afif e Almoez Ali (Muntari). T\u00e9cnico: Felix Sanchez.<\/p>\n\n\n\n<p><strong>EQUADOR<\/strong><\/p>\n\n\n\n<p>Gal\u00edndez; Presciado, F\u00e9lix Torres, Hincapi\u00e9, Estupi\u00f1\u00e1n; Plata, M\u00e9ndez, Caicedo (Franco) e Ibarra (Sarmiento); Valencia (Cifuentes) e Estrada (Kevin Rodr\u00edguez). T\u00e9cnico: Gustavo Alfaro.<\/p>\n\n\n\n<p>Est\u00e1dio: Al Bayt, em Al Khor (Qatar)<\/p>\n\n\n\n<p>P\u00fablico: 67.372 torcedores<\/p>\n\n\n\n<p>\u00c1rbitro: Daniele Orsato (It\u00e1lia)<\/p>\n\n\n\n<p>Assistentes: Ciro Carbone e Alessandro Giallatini<\/p>\n\n\n\n<p>Cart\u00f5es amarelos: Al Sheeb, Almoez Ali e Karim Boudiaf (QAT); Caicedo E M\u00e9ndez (EQU)<\/p>\n\n\n\n<p>Gols: Enner Valencia (EQU), aos 16&#8242; e aos 31&#8242; do primeiro tempo<\/p>\n\n\n\n<p><em>Fonte: Yahoo Not\u00edcias<\/em><\/p>\n","protected":false},"excerpt":{"rendered":"<p>A abertura da Copa do Mundo tem se tornado partida de apenas uma equipe. Neste domingo (20), o Equador venceu com facilidade o Qatar por 2 a 0, no est\u00e1dio Al Bayt, em Al Khor. O jogo marcou o in\u00edcio do primeiro mundial disputado no Oriente M\u00e9dio.<\/p>\n","protected":false},"author":2,"featured_media":45800,"comment_status":"open","ping_status":"open","sticky":false,"template":"","format":"standard","meta":{"om_disable_all_campaigns":false,"_monsterinsights_skip_tracking":false,"_monsterinsights_sitenote_active":false,"_monsterinsights_sitenote_note":"","_monsterinsights_sitenote_category":0,"footnotes":""},"categories":[70,2,35,69],"tags":[123,2370,96,97,339,3290],"class_list":["post-45799","post","type-post","status-publish","format-standard","has-post-thumbnail","hentry","category-destaques","category-esportes","category-mundo","category-noticias2","tag-copa-do-mundo","tag-equador","tag-esporte","tag-futebol","tag-mundo","tag-qatar"],"aioseo_notices":[],"_links":{"self":[{"href":"https:\/\/www.portalalerta.com.br\/index.php\/wp-json\/wp\/v2\/posts\/45799","targetHints":{"allow":["GET"]}}],"collection":[{"href":"https:\/\/www.portalalerta.com.br\/index.php\/wp-json\/wp\/v2\/posts"}],"about":[{"href":"https:\/\/www.portalalerta.com.br\/index.php\/wp-json\/wp\/v2\/types\/post"}],"author":[{"embeddable":true,"href":"https:\/\/www.portalalerta.com.br\/index.php\/wp-json\/wp\/v2\/users\/2"}],"replies":[{"embeddable":true,"href":"https:\/\/www.portalalerta.com.br\/index.php\/wp-json\/wp\/v2\/comments?post=45799"}],"version-history":[{"count":1,"href":"https:\/\/www.portalalerta.com.br\/index.php\/wp-json\/wp\/v2\/posts\/45799\/revisions"}],"predecessor-version":[{"id":45801,"href":"https:\/\/www.portalalerta.com.br\/index.php\/wp-json\/wp\/v2\/posts\/45799\/revisions\/45801"}],"wp:featuredmedia":[{"embeddable":true,"href":"https:\/\/www.portalalerta.com.br\/index.php\/wp-json\/wp\/v2\/media\/45800"}],"wp:attachment":[{"href":"https:\/\/www.portalalerta.com.br\/index.php\/wp-json\/wp\/v2\/media?parent=45799"}],"wp:term":[{"taxonomy":"category","embeddable":true,"href":"https:\/\/www.portalalerta.com.br\/index.php\/wp-json\/wp\/v2\/categories?post=45799"},{"taxonomy":"post_tag","embeddable":true,"href":"https:\/\/www.portalalerta.com.br\/index.php\/wp-json\/wp\/v2\/tags?post=45799"}],"curies":[{"name":"wp","href":"https:\/\/api.w.org\/{rel}","templated":true}]}}