{"id":45802,"date":"2022-11-21T09:00:00","date_gmt":"2022-11-21T12:00:00","guid":{"rendered":"https:\/\/www.portalalerta.com.br\/?p=45802"},"modified":"2022-11-20T21:25:03","modified_gmt":"2022-11-21T00:25:03","slug":"segundo-dia-de-enem-abordou-questoes-cotidianas-e-pandemia","status":"publish","type":"post","link":"https:\/\/www.portalalerta.com.br\/index.php\/2022\/11\/21\/segundo-dia-de-enem-abordou-questoes-cotidianas-e-pandemia\/","title":{"rendered":"Segundo dia de Enem abordou quest\u00f5es cotidianas e pandemia"},"content":{"rendered":"\n<p><em>Prova teve cinco horas de dura\u00e7\u00e3o<\/em><\/p>\n\n\n\n<!--more-->\n\n\n\n<p>O segundo dia de prova do Exame Nacional do Ensino M\u00e9dio (Enem) contou com quest\u00f5es que envolviam interpreta\u00e7\u00e3o de texto, que abordavam situa\u00e7\u00f5es cotidianas e atualidades, como a pandemia. Neste domingo (20), os participantes fizeram as provas de matem\u00e1tica e de ci\u00eancia da natureza, que engloba qu\u00edmica, f\u00edsica e biologia. Cada uma das duas provas tem 45 quest\u00f5es, totalizando 90 quest\u00f5es objetivas.&nbsp;<\/p>\n\n\n\n<p>A aplica\u00e7\u00e3o teve cinco horas de dura\u00e7\u00e3o, come\u00e7ando \u00e0s 13h30 e terminando \u00e0s 18h30, no hor\u00e1rio de Bras\u00edlia. Desde as 15h30, os estudantes puderam deixar os locais de prova, mas sem levar o Caderno de Quest\u00f5es. Somente quem saiu do exame a partir das 18h pode levar o caderno.<\/p>\n\n\n\n<div class=\"wp-block-image\"><figure class=\"aligncenter size-full\"><img fetchpriority=\"high\" decoding=\"async\" width=\"720\" height=\"181\" src=\"https:\/\/www.portalalerta.com.br\/wp-content\/uploads\/2018\/02\/Auto-Escola-Nobre.jpg\" alt=\"\" class=\"wp-image-4869\" srcset=\"https:\/\/www.portalalerta.com.br\/wp-content\/uploads\/2018\/02\/Auto-Escola-Nobre.jpg 720w, https:\/\/www.portalalerta.com.br\/wp-content\/uploads\/2018\/02\/Auto-Escola-Nobre-260x65.jpg 260w, https:\/\/www.portalalerta.com.br\/wp-content\/uploads\/2018\/02\/Auto-Escola-Nobre-50x13.jpg 50w, https:\/\/www.portalalerta.com.br\/wp-content\/uploads\/2018\/02\/Auto-Escola-Nobre-150x38.jpg 150w\" sizes=\"(max-width: 720px) 100vw, 720px\" \/><\/figure><\/div>\n\n\n\n<p>Para a estudante Sabrina Laurentino, 17 anos, as provas de hoje estavam mais f\u00e1ceis que as do primeiro dia. <strong><em>\u201cAchei bem mais f\u00e1cil, as perguntas estavam bem mais resumidas e os textos menores. Me sai bem melhor que semana passada\u201d,<\/em><\/strong> diz. Ela pretende usar o Enem para cursar Educa\u00e7\u00e3o F\u00edsica.&nbsp;<\/p>\n\n\n\n<p>Ela conta que estava muito insegura. <strong><em>\u201cA pandemia prejudicou muito a gente, n\u00e3o s\u00f3 a gente como todo mundo. A gente teve que se virar para aprender tudo e nem tudo a gente conseguiu pegar. Tamb\u00e9m por morarmos em comunidade. Toda semana tinha opera\u00e7\u00e3o, ent\u00e3o, toda semana era menos um dia de aula e isso prejudicou mais ainda\u201d.<\/em><\/strong>&nbsp;<\/p>\n\n\n\n<p>Muito do que foi cobrado no Enem, Sabrina diz que n\u00e3o chegou a estudar na escola. <strong><em>\u201cTinha coisas que nunca tinha ouvido falar, foi mais complicado ainda porque n\u00e3o tinha no\u00e7\u00e3o como responder, de como fazer ou de como calculava. Mas, s\u00f3 o fato da gente ter ido, de ter feito a prova j\u00e1 \u00e9 gratificante demais, pelo menos pra mim, porque \u00e9 muito desafiador.&nbsp; Muitas vezes faltou incentivo, eu n\u00e3o me sentia preparada em nenhum momento, muitas vezes me achei incapaz de fazer a prova e s\u00f3 de ter feito, ter consigo responder tudo para mim j\u00e1 \u00e9 suficiente\u201d.<\/em><\/strong>&nbsp;<\/p>\n\n\n\n<p>O estudante Arthur Rangel Henriques, 18 anos, fez o Enem pela primeira vez, tamb\u00e9m na Universidade Estadual do Rio de Janeiro (Uerj). Assim como Sabrina, ele tamb\u00e9m achou o primeiro dia de prova cansativo, com muitos textos. No primeiro dia, os estudantes fizeram as\u00a0quest\u00f5es de linguagens, ci\u00eancias humanas e a reda\u00e7\u00e3o.\u00a0Para ele, a prova deste domingo teve o mesmo grau de dificuldade, mas foi mais r\u00e1pida de ser resolvida. <strong><em>\u201cA prova estava tranquila, havia bastante quest\u00f5es grandes mas estava tranquila no total. Acho que estava mais r\u00e1pida mas em quest\u00e3o de dificuldade est\u00e1 no mesmo grau\u201d<\/em><\/strong>, diz.\u00a0<\/p>\n\n\n\n<p>Nat\u00e1lia Bertoldo, 21 anos, fez a prova em S\u00e3o Paulo. Ela \u00e9 estudante de gradua\u00e7\u00e3o em ci\u00eancias cont\u00e1beis na Universidade Federal de S\u00e3o Paulo e fez o Enem este ano para tentar entrar no curso de design.&nbsp;<strong><em>\u201cA prova de matem\u00e1tica n\u00e3o estava t\u00e3o complicada, em vista que muitas s\u00e3o respondidas se tiver uma boa interpreta\u00e7\u00e3o. De ci\u00eancias da natureza j\u00e1 estava mais dif\u00edcil, na minha opini\u00e3o, mas pra quem estudou o b\u00e1sico acho que pode dar um bom resultado\u201d<\/em><\/strong>, diz. <strong><em>\u201cO primeiro dia foi bem cansativo, por ter que responder a 90 quest\u00f5es e fazer a reda\u00e7\u00e3o. Al\u00e9m disso, a carga de textos para ler \u00e9 muito exagerada. Em geral, as quest\u00f5es abrangeram muito dos assuntos que estamos vivenciando, mas tamb\u00e9m dos conte\u00fados dados em escolas e cursinhos e que s\u00e3o de muita import\u00e2ncia para avaliar o conhecimento, como a prova de humanas, por exemplo\u201d<\/em><\/strong>, complementa.<\/p>\n\n\n\n<p>Helo\u00edsa Lara, 25 anos, tamb\u00e9m j\u00e1 est\u00e1 no ensino superior. Ela cursa engenharia na Universidade Federal de Uberl\u00e2ndia, em Minas Gerais. Este \u00e9 o oitavo Enem dela. \u201cN\u00e3o sei se era porque n\u00e3o tinha a press\u00e3o de passar dessa vez, mas achei tranquila a prova de matem\u00e1tica, at\u00e9 porque tenho um pouco de base, achei mais f\u00e1cil. J\u00e1 a prova de ci\u00eancias da natureza, achei mais complexa. Achei que aumentou a dificuldade em rela\u00e7\u00e3o aos anos anteriores\u201d, diz. A estudante, que j\u00e1 cursou enfermagem, pretende agora usar o Enem para realizar o sonho de cursar medicina.&nbsp;<\/p>\n\n\n\n<p><strong>Avalia\u00e7\u00e3o de professores&nbsp;<\/strong><\/p>\n\n\n\n<p>As quest\u00f5es das provas abordaram situa\u00e7\u00f5es usuais do dia a dia, permitindo que o aluno pudesse relacionar seus conhecimentos e conceitos a essas realidades, de acordo com a assessora de Biologia do Sistema Positivo de Ensino, Samantha Fechio, que fez a prova neste domingo.&nbsp; <strong><em>\u201cA prova de Matem\u00e1tica e Ci\u00eancias da Natureza trouxe, assim como aconteceu no \u00faltimo domingo, algumas quest\u00f5es muito atuais, como a pandemia, mas n\u00e3o deixou de lado os assuntos mais recorrentes. Foi uma boa surpresa ver, tamb\u00e9m, o equil\u00edbrio entre quest\u00f5es que envolvem c\u00e1lculo e quest\u00f5es interpretativas, porque, quando tem que fazer muitos c\u00e1lculos, o estudante leva muito mais tempo, o que faz com que ele erre algumas perguntas mais simples, prejudicando sua nota geral\u201d,<\/em><\/strong> complementa a coordenadora do Ensino M\u00e9dio do Sistema Positivo de Ensino, Milena Lima.&nbsp;<\/p>\n\n\n\n<p>Segundo o professor e autor do Col\u00e9gio e Sistema PH Lu\u00eds Felipe Abad, a prova deste domingo cobrou temas que tradicionalmente caem no exame. <strong><em>\u201cA prova do segundo dia do Enem teve um n\u00edvel de dificuldade dentro do esperado, sendo que ci\u00eancias da natureza foi um pouco mais dif\u00edcil que matem\u00e1tica. Os temas cobrados foram temas tradicionais. A prova de ci\u00eancias da natureza foi bastante conteudista, mas temas como bot\u00e2nica e pol\u00edmeros, que s\u00e3o comuns n\u00e3o apareceram e, em matem\u00e1tica, apareceram muitos itens sobre geometria, plano espacial e muitos deles avaliavam a habilidade de aluno que tem boa vis\u00e3o geom\u00e9trica\u201d,<\/em><\/strong> diz.&nbsp;<\/p>\n\n\n\n<p><strong>Gabarito<\/strong><\/p>\n\n\n\n<p>O Instituto Nacional de Estudos e Pesquisas Educacionais An\u00edsio Teixeira (Inep) divulgar\u00e1 amanh\u00e3 (21) pela manh\u00e3 o balan\u00e7o final do exame, em coletiva de imprensa.&nbsp;&nbsp;<\/p>\n\n\n\n<p>Os gabaritos das provas ser\u00e3o\u00a0divulgados at\u00e9 o dia 23, online. A data da divulga\u00e7\u00e3o dos resultados finais ainda ser\u00e1 divulgada.\u00a0<\/p>\n\n\n\n<p>O Enem seleciona estudantes para vagas do ensino superior p\u00fablicas, pelo Sistema de Sele\u00e7\u00e3o Unificada (Sisu), para bolsas em institui\u00e7\u00f5es privadas, pelo Programa Universidade para Todos (Prouni), e serve de par\u00e2metro para o Fundo de Financiamento Estudantil (Fies). Os resultados\u00a0tamb\u00e9m podem ser usados para ingressar em institui\u00e7\u00f5es de ensino portuguesas que t\u00eam conv\u00eanio com o Inep.\u00a0<\/p>\n\n\n\n<p><em>Fonte: Ag\u00eancia Brasil<\/em><\/p>\n","protected":false},"excerpt":{"rendered":"<p>Prova teve cinco horas de dura\u00e7\u00e3o<\/p>\n","protected":false},"author":2,"featured_media":4029,"comment_status":"open","ping_status":"open","sticky":false,"template":"","format":"standard","meta":{"om_disable_all_campaigns":false,"_monsterinsights_skip_tracking":false,"_monsterinsights_sitenote_active":false,"_monsterinsights_sitenote_note":"","_monsterinsights_sitenote_category":0,"footnotes":""},"categories":[34,70,20,69],"tags":[100,71,48,4179,93,75,4178,4180,140,220,129,107,4181,132,230,3828,106,203,120,51,109,88,47,111,190],"class_list":["post-45802","post","type-post","status-publish","format-standard","has-post-thumbnail","hentry","category-brasil","category-destaques","category-educacao","category-noticias2","tag-adustina","tag-antas","tag-araci","tag-banzae-2","tag-brasil","tag-cicero-dantas","tag-cipo-2","tag-crisopolis-2","tag-educacao","tag-enem","tag-euclides-da-cunha","tag-fatima","tag-heliopolis-2","tag-itapicuru","tag-jeremoabo","tag-noticias","tag-nova-soure","tag-novo-triunfo","tag-olindina","tag-paripiranga","tag-quijingue","tag-ribeira-do-amparo","tag-ribeira-do-pombal","tag-sitio-do-quinto","tag-tucano"],"aioseo_notices":[],"_links":{"self":[{"href":"https:\/\/www.portalalerta.com.br\/index.php\/wp-json\/wp\/v2\/posts\/45802","targetHints":{"allow":["GET"]}}],"collection":[{"href":"https:\/\/www.portalalerta.com.br\/index.php\/wp-json\/wp\/v2\/posts"}],"about":[{"href":"https:\/\/www.portalalerta.com.br\/index.php\/wp-json\/wp\/v2\/types\/post"}],"author":[{"embeddable":true,"href":"https:\/\/www.portalalerta.com.br\/index.php\/wp-json\/wp\/v2\/users\/2"}],"replies":[{"embeddable":true,"href":"https:\/\/www.portalalerta.com.br\/index.php\/wp-json\/wp\/v2\/comments?post=45802"}],"version-history":[{"count":1,"href":"https:\/\/www.portalalerta.com.br\/index.php\/wp-json\/wp\/v2\/posts\/45802\/revisions"}],"predecessor-version":[{"id":45803,"href":"https:\/\/www.portalalerta.com.br\/index.php\/wp-json\/wp\/v2\/posts\/45802\/revisions\/45803"}],"wp:featuredmedia":[{"embeddable":true,"href":"https:\/\/www.portalalerta.com.br\/index.php\/wp-json\/wp\/v2\/media\/4029"}],"wp:attachment":[{"href":"https:\/\/www.portalalerta.com.br\/index.php\/wp-json\/wp\/v2\/media?parent=45802"}],"wp:term":[{"taxonomy":"category","embeddable":true,"href":"https:\/\/www.portalalerta.com.br\/index.php\/wp-json\/wp\/v2\/categories?post=45802"},{"taxonomy":"post_tag","embeddable":true,"href":"https:\/\/www.portalalerta.com.br\/index.php\/wp-json\/wp\/v2\/tags?post=45802"}],"curies":[{"name":"wp","href":"https:\/\/api.w.org\/{rel}","templated":true}]}}