{"id":45804,"date":"2022-11-21T09:01:00","date_gmt":"2022-11-21T12:01:00","guid":{"rendered":"https:\/\/www.portalalerta.com.br\/?p=45804"},"modified":"2022-11-20T21:35:14","modified_gmt":"2022-11-21T00:35:14","slug":"prefeito-de-tucano-ba-afirma-que-reivindicacoes-de-apoiadores-da-educacao-nao-tem-base-legal","status":"publish","type":"post","link":"https:\/\/www.portalalerta.com.br\/index.php\/2022\/11\/21\/prefeito-de-tucano-ba-afirma-que-reivindicacoes-de-apoiadores-da-educacao-nao-tem-base-legal\/","title":{"rendered":"Prefeito de Tucano-BA afirma que reivindica\u00e7\u00f5es de apoiadores da educa\u00e7\u00e3o, n\u00e3o t\u00eam base legal"},"content":{"rendered":"\n<p>No seu Instragam, o Prefeito de Tucano-BA, Ricardo Maia Filho, ap\u00f3s comunicar revoga\u00e7\u00e3o de decreto sobre as f\u00e9rias dos trabalhadores de apoio da Secret\u00e1ria de Educa\u00e7\u00e3o, afirmou que o movimento grevista anunciado para esta segunda-feira (21), n\u00e3o tem base legal:<\/p>\n\n\n\n<!--more-->\n\n\n\n<div class=\"wp-block-image\"><figure class=\"alignleft size-full is-resized\"><img fetchpriority=\"high\" decoding=\"async\" src=\"https:\/\/www.portalalerta.com.br\/wp-content\/uploads\/2022\/03\/Cred-Real.1.jpg\" alt=\"\" class=\"wp-image-41523\" width=\"359\" height=\"287\" srcset=\"https:\/\/www.portalalerta.com.br\/wp-content\/uploads\/2022\/03\/Cred-Real.1.jpg 500w, https:\/\/www.portalalerta.com.br\/wp-content\/uploads\/2022\/03\/Cred-Real.1-300x240.jpg 300w, https:\/\/www.portalalerta.com.br\/wp-content\/uploads\/2022\/03\/Cred-Real.1-183x146.jpg 183w, https:\/\/www.portalalerta.com.br\/wp-content\/uploads\/2022\/03\/Cred-Real.1-50x40.jpg 50w, https:\/\/www.portalalerta.com.br\/wp-content\/uploads\/2022\/03\/Cred-Real.1-94x75.jpg 94w\" sizes=\"(max-width: 359px) 100vw, 359px\" \/><\/figure><\/div>\n\n\n\n<p><strong><em>&#8220;\u00c9 importante ressaltar que, conforme amparo juridico, a Gest\u00e3o P\u00fablica n\u00e3o reconhece as outras solicita\u00e7\u00f5es do movimento grevista, bem como o pr\u00f3prio movimento. \u00c9 importante tamb\u00e9m que nossos colaboradores sigam desempenhando suas fun\u00e7\u00f5es dentro da normalidade, sob pena de san\u00e7\u00f5es administrativas, incluindo desconto salarial dos dias n\u00e3o trabalhados&#8221;<\/em><\/strong>.<\/p>\n\n\n\n<p><em>Fonte: Joilson Costa<\/em><\/p>\n","protected":false},"excerpt":{"rendered":"<p>No seu Instragam, o Prefeito de Tucano-BA, Ricardo Maia Filho, ap\u00f3s comunicar revoga\u00e7\u00e3o de decreto sobre as f\u00e9rias dos trabalhadores de apoio da Secret\u00e1ria de Educa\u00e7\u00e3o, afirmou que o movimento grevista anunciado para esta segunda-feira (21), n\u00e3o tem base legal:<\/p>\n","protected":false},"author":2,"featured_media":29427,"comment_status":"open","ping_status":"open","sticky":false,"template":"","format":"standard","meta":{"om_disable_all_campaigns":false,"_monsterinsights_skip_tracking":false,"_monsterinsights_sitenote_active":false,"_monsterinsights_sitenote_note":"","_monsterinsights_sitenote_category":0,"footnotes":""},"categories":[70,20,69,21,32,12],"tags":[100,71,48,4179,75,4178,4180,140,129,107,349,4181,132,230,3828,106,203,120,51,198,109,88,47,3908,111,190],"class_list":["post-45804","post","type-post","status-publish","format-standard","has-post-thumbnail","hentry","category-destaques","category-educacao","category-noticias2","category-politica","category-regiao","category-tucano","tag-adustina","tag-antas","tag-araci","tag-banzae-2","tag-cicero-dantas","tag-cipo-2","tag-crisopolis-2","tag-educacao","tag-euclides-da-cunha","tag-fatima","tag-greve","tag-heliopolis-2","tag-itapicuru","tag-jeremoabo","tag-noticias","tag-nova-soure","tag-novo-triunfo","tag-olindina","tag-paripiranga","tag-prefeito","tag-quijingue","tag-ribeira-do-amparo","tag-ribeira-do-pombal","tag-ricardo-maia-filho","tag-sitio-do-quinto","tag-tucano"],"aioseo_notices":[],"_links":{"self":[{"href":"https:\/\/www.portalalerta.com.br\/index.php\/wp-json\/wp\/v2\/posts\/45804","targetHints":{"allow":["GET"]}}],"collection":[{"href":"https:\/\/www.portalalerta.com.br\/index.php\/wp-json\/wp\/v2\/posts"}],"about":[{"href":"https:\/\/www.portalalerta.com.br\/index.php\/wp-json\/wp\/v2\/types\/post"}],"author":[{"embeddable":true,"href":"https:\/\/www.portalalerta.com.br\/index.php\/wp-json\/wp\/v2\/users\/2"}],"replies":[{"embeddable":true,"href":"https:\/\/www.portalalerta.com.br\/index.php\/wp-json\/wp\/v2\/comments?post=45804"}],"version-history":[{"count":1,"href":"https:\/\/www.portalalerta.com.br\/index.php\/wp-json\/wp\/v2\/posts\/45804\/revisions"}],"predecessor-version":[{"id":45805,"href":"https:\/\/www.portalalerta.com.br\/index.php\/wp-json\/wp\/v2\/posts\/45804\/revisions\/45805"}],"wp:featuredmedia":[{"embeddable":true,"href":"https:\/\/www.portalalerta.com.br\/index.php\/wp-json\/wp\/v2\/media\/29427"}],"wp:attachment":[{"href":"https:\/\/www.portalalerta.com.br\/index.php\/wp-json\/wp\/v2\/media?parent=45804"}],"wp:term":[{"taxonomy":"category","embeddable":true,"href":"https:\/\/www.portalalerta.com.br\/index.php\/wp-json\/wp\/v2\/categories?post=45804"},{"taxonomy":"post_tag","embeddable":true,"href":"https:\/\/www.portalalerta.com.br\/index.php\/wp-json\/wp\/v2\/tags?post=45804"}],"curies":[{"name":"wp","href":"https:\/\/api.w.org\/{rel}","templated":true}]}}