{"id":45806,"date":"2022-11-21T09:02:00","date_gmt":"2022-11-21T12:02:00","guid":{"rendered":"https:\/\/www.portalalerta.com.br\/?p=45806"},"modified":"2022-11-20T22:21:18","modified_gmt":"2022-11-21T01:21:18","slug":"economista-brasileiro-ilan-goldfajn-e-o-novo-presidente-do-bid","status":"publish","type":"post","link":"https:\/\/www.portalalerta.com.br\/index.php\/2022\/11\/21\/economista-brasileiro-ilan-goldfajn-e-o-novo-presidente-do-bid\/","title":{"rendered":"Economista brasileiro Ilan Goldfajn \u00e9 o novo presidente do BID"},"content":{"rendered":"\n<p><strong>Pela primeira vez um representante do Brasil vai comandar a institui\u00e7\u00e3o, uma das mais importantes da economia mundial<\/strong><\/p>\n\n\n\n<!--more-->\n\n\n\n<p>O ex-presidente do Banco Central brasileiro, Ilan Goldfajn, foi eleito neste domingo (20) o novo presidente do BID (Banco Interamericano do Desenvolvimento).<\/p>\n\n\n\n<div class=\"wp-block-image\"><figure class=\"alignleft size-full is-resized\"><img fetchpriority=\"high\" decoding=\"async\" src=\"https:\/\/www.portalalerta.com.br\/wp-content\/uploads\/2021\/04\/ELAB.jpg\" alt=\"\" class=\"wp-image-34795\" width=\"384\" height=\"306\" srcset=\"https:\/\/www.portalalerta.com.br\/wp-content\/uploads\/2021\/04\/ELAB.jpg 1000w, https:\/\/www.portalalerta.com.br\/wp-content\/uploads\/2021\/04\/ELAB-300x240.jpg 300w, https:\/\/www.portalalerta.com.br\/wp-content\/uploads\/2021\/04\/ELAB-768x614.jpg 768w, https:\/\/www.portalalerta.com.br\/wp-content\/uploads\/2021\/04\/ELAB-183x146.jpg 183w, https:\/\/www.portalalerta.com.br\/wp-content\/uploads\/2021\/04\/ELAB-50x40.jpg 50w, https:\/\/www.portalalerta.com.br\/wp-content\/uploads\/2021\/04\/ELAB-94x75.jpg 94w\" sizes=\"(max-width: 384px) 100vw, 384px\" \/><\/figure><\/div>\n\n\n\n<p>O economista, que tinha o\u00a0apoio do governo do presidente Jair Bolsonaro (PL), ser\u00e1 o primeiro brasileiro a comandar a institui\u00e7\u00e3o, uma das mais importantes do mundo.<\/p>\n\n\n\n<p>O cargo estava vago desde setembro com a demiss\u00e3o do norte-americano\u00a0Mauricio Claver-Carone, ap\u00f3s investiga\u00e7\u00e3o interna concluir que o americano havia mantido rela\u00e7\u00f5es \u00edntimas com uma funcion\u00e1ria.<\/p>\n\n\n\n<p>Antes de ter o apoio do ministro da Economia, Paulo Guedes, Goldfajn era diretor no FMI (Fundo Monet\u00e1rio Internacional).<\/p>\n\n\n\n<p>Ele \u00e9 visto como um nome t\u00e9cnico, com capacidade para gerir os trabalhos no banco internacional e colaborar com os interesses brasileiros.<\/p>\n\n\n\n<p>Em nota, o Minist\u00e9rio da Economia destacou que a vit\u00f3ria de&nbsp;Goldfajn \u00e9 o <strong><em>&#8220;reconhecimento da plataforma apresentada pelo Brasil para o banco, que prioriza tr\u00eas eixos centrais: infraestrutura f\u00edsica e digital, com mobiliza\u00e7\u00e3o de recursos privados e cria\u00e7\u00e3o de oportunidades para a integra\u00e7\u00e3o regional;&nbsp;combate \u00e0 pobreza, desigualdade e inseguran\u00e7a alimentar; e&nbsp;mudan\u00e7a do clima e biodiversidade&#8221;.<\/em><\/strong><\/p>\n\n\n\n<p><em>Fonte: R7<\/em><\/p>\n","protected":false},"excerpt":{"rendered":"<p>Pela primeira vez um representante do Brasil vai comandar a institui\u00e7\u00e3o, uma das mais importantes da economia mundial<\/p>\n","protected":false},"author":2,"featured_media":45807,"comment_status":"open","ping_status":"open","sticky":false,"template":"","format":"standard","meta":{"om_disable_all_campaigns":false,"_monsterinsights_skip_tracking":false,"_monsterinsights_sitenote_active":false,"_monsterinsights_sitenote_note":"","_monsterinsights_sitenote_category":0,"footnotes":""},"categories":[34,70,35,69,21],"tags":[5706,5705,94],"class_list":["post-45806","post","type-post","status-publish","format-standard","has-post-thumbnail","hentry","category-brasil","category-destaques","category-mundo","category-noticias2","category-politica","tag-banco-interamericano-do-desenvolvimento","tag-ilan-goldfajn","tag-presidente"],"aioseo_notices":[],"_links":{"self":[{"href":"https:\/\/www.portalalerta.com.br\/index.php\/wp-json\/wp\/v2\/posts\/45806","targetHints":{"allow":["GET"]}}],"collection":[{"href":"https:\/\/www.portalalerta.com.br\/index.php\/wp-json\/wp\/v2\/posts"}],"about":[{"href":"https:\/\/www.portalalerta.com.br\/index.php\/wp-json\/wp\/v2\/types\/post"}],"author":[{"embeddable":true,"href":"https:\/\/www.portalalerta.com.br\/index.php\/wp-json\/wp\/v2\/users\/2"}],"replies":[{"embeddable":true,"href":"https:\/\/www.portalalerta.com.br\/index.php\/wp-json\/wp\/v2\/comments?post=45806"}],"version-history":[{"count":1,"href":"https:\/\/www.portalalerta.com.br\/index.php\/wp-json\/wp\/v2\/posts\/45806\/revisions"}],"predecessor-version":[{"id":45808,"href":"https:\/\/www.portalalerta.com.br\/index.php\/wp-json\/wp\/v2\/posts\/45806\/revisions\/45808"}],"wp:featuredmedia":[{"embeddable":true,"href":"https:\/\/www.portalalerta.com.br\/index.php\/wp-json\/wp\/v2\/media\/45807"}],"wp:attachment":[{"href":"https:\/\/www.portalalerta.com.br\/index.php\/wp-json\/wp\/v2\/media?parent=45806"}],"wp:term":[{"taxonomy":"category","embeddable":true,"href":"https:\/\/www.portalalerta.com.br\/index.php\/wp-json\/wp\/v2\/categories?post=45806"},{"taxonomy":"post_tag","embeddable":true,"href":"https:\/\/www.portalalerta.com.br\/index.php\/wp-json\/wp\/v2\/tags?post=45806"}],"curies":[{"name":"wp","href":"https:\/\/api.w.org\/{rel}","templated":true}]}}