{"id":45813,"date":"2022-11-21T16:01:00","date_gmt":"2022-11-21T19:01:00","guid":{"rendered":"https:\/\/www.portalalerta.com.br\/?p=45813"},"modified":"2022-11-20T23:54:42","modified_gmt":"2022-11-21T02:54:42","slug":"em-lisboa-lula-diz-que-novo-governo-nao-pode-ser-so-do-pt","status":"publish","type":"post","link":"https:\/\/www.portalalerta.com.br\/index.php\/2022\/11\/21\/em-lisboa-lula-diz-que-novo-governo-nao-pode-ser-so-do-pt\/","title":{"rendered":"Em Lisboa, Lula diz que novo governo n\u00e3o pode ser \u2018s\u00f3 do PT\u2019"},"content":{"rendered":"\n<p>O presidente eleito falou para uma plateia de apoiadores no audit\u00f3rio do Instituto Universit\u00e1rio de Lisboa, em Portugal.<\/p>\n\n\n\n<!--more-->\n\n\n\n<div class=\"wp-block-image\"><figure class=\"alignleft size-full is-resized\"><img fetchpriority=\"high\" decoding=\"async\" src=\"https:\/\/www.portalalerta.com.br\/wp-content\/uploads\/2022\/03\/Cred-Real.1.jpg\" alt=\"\" class=\"wp-image-41523\" width=\"392\" height=\"314\" srcset=\"https:\/\/www.portalalerta.com.br\/wp-content\/uploads\/2022\/03\/Cred-Real.1.jpg 500w, https:\/\/www.portalalerta.com.br\/wp-content\/uploads\/2022\/03\/Cred-Real.1-300x240.jpg 300w, https:\/\/www.portalalerta.com.br\/wp-content\/uploads\/2022\/03\/Cred-Real.1-183x146.jpg 183w, https:\/\/www.portalalerta.com.br\/wp-content\/uploads\/2022\/03\/Cred-Real.1-50x40.jpg 50w, https:\/\/www.portalalerta.com.br\/wp-content\/uploads\/2022\/03\/Cred-Real.1-94x75.jpg 94w\" sizes=\"(max-width: 392px) 100vw, 392px\" \/><\/figure><\/div>\n\n\n\n<p>O presidente eleito Luiz In\u00e1cio Lula da Silva (PT), que ap\u00f3s sua participa\u00e7\u00e3o na COP-27 seguiu para Portugal, esteve neste s\u00e1bado (19) no Instituto Universit\u00e1rio de Lisboa, em Portugal. Lula, que retoma esta semana \u00e0 coordena\u00e7\u00e3o da transi\u00e7\u00e3o presidencial em Bras\u00edlia, afirmou que o novo governo <strong><em>&#8220;ter\u00e1 mais gente da sociedade, mais gente de outros partidos e mais gente sem partido nenhum&#8221;<\/em><\/strong>. <strong><em>&#8220;Aprendemos a ganhar e a saber que novo governo n\u00e3o pode ser s\u00f3 do Partido dos Trabalhadores&#8221;<\/em><\/strong>, disse Lula para uma plateia de apoiadores.<\/p>\n\n\n\n<p>No discurso, o presidente eleito mencionou tamb\u00e9m o tema fiscal, em uma semana marcada por estresse no mercado financeiro por causa da preocupa\u00e7\u00e3o com o aumento de gastos em seu futuro governo. <strong><em>&#8220;N\u00f3s sabemos que temos que ter responsabilidade fiscal. Sabemos que n\u00e3o podemos gastar tudo o que a gente ganha. Mas sabemos tamb\u00e9m que n\u00f3s podemos gastar para fazer alguma coisa que tenha rentabilidade para fazer o Pa\u00eds crescer, melhorar do ponto de vista log\u00edstico&#8221;<\/em><\/strong>, disse.<\/p>\n\n\n\n<p><em>Fonte: Metro1<\/em><\/p>\n","protected":false},"excerpt":{"rendered":"<p>O presidente eleito falou para uma plateia de apoiadores no audit\u00f3rio do Instituto Universit\u00e1rio de Lisboa, em Portugal.<\/p>\n","protected":false},"author":2,"featured_media":32169,"comment_status":"open","ping_status":"open","sticky":false,"template":"","format":"standard","meta":{"om_disable_all_campaigns":false,"_monsterinsights_skip_tracking":false,"_monsterinsights_sitenote_active":false,"_monsterinsights_sitenote_note":"","_monsterinsights_sitenote_category":0,"footnotes":""},"categories":[34,70,35,69,21],"tags":[100,71,48,4179,93,75,4178,4180,129,107,4181,132,230,303,339,3828,106,203,120,51,304,109,88,47,111,190],"class_list":["post-45813","post","type-post","status-publish","format-standard","has-post-thumbnail","hentry","category-brasil","category-destaques","category-mundo","category-noticias2","category-politica","tag-adustina","tag-antas","tag-araci","tag-banzae-2","tag-brasil","tag-cicero-dantas","tag-cipo-2","tag-crisopolis-2","tag-euclides-da-cunha","tag-fatima","tag-heliopolis-2","tag-itapicuru","tag-jeremoabo","tag-lula","tag-mundo","tag-noticias","tag-nova-soure","tag-novo-triunfo","tag-olindina","tag-paripiranga","tag-pt","tag-quijingue","tag-ribeira-do-amparo","tag-ribeira-do-pombal","tag-sitio-do-quinto","tag-tucano"],"aioseo_notices":[],"_links":{"self":[{"href":"https:\/\/www.portalalerta.com.br\/index.php\/wp-json\/wp\/v2\/posts\/45813","targetHints":{"allow":["GET"]}}],"collection":[{"href":"https:\/\/www.portalalerta.com.br\/index.php\/wp-json\/wp\/v2\/posts"}],"about":[{"href":"https:\/\/www.portalalerta.com.br\/index.php\/wp-json\/wp\/v2\/types\/post"}],"author":[{"embeddable":true,"href":"https:\/\/www.portalalerta.com.br\/index.php\/wp-json\/wp\/v2\/users\/2"}],"replies":[{"embeddable":true,"href":"https:\/\/www.portalalerta.com.br\/index.php\/wp-json\/wp\/v2\/comments?post=45813"}],"version-history":[{"count":1,"href":"https:\/\/www.portalalerta.com.br\/index.php\/wp-json\/wp\/v2\/posts\/45813\/revisions"}],"predecessor-version":[{"id":45814,"href":"https:\/\/www.portalalerta.com.br\/index.php\/wp-json\/wp\/v2\/posts\/45813\/revisions\/45814"}],"wp:featuredmedia":[{"embeddable":true,"href":"https:\/\/www.portalalerta.com.br\/index.php\/wp-json\/wp\/v2\/media\/32169"}],"wp:attachment":[{"href":"https:\/\/www.portalalerta.com.br\/index.php\/wp-json\/wp\/v2\/media?parent=45813"}],"wp:term":[{"taxonomy":"category","embeddable":true,"href":"https:\/\/www.portalalerta.com.br\/index.php\/wp-json\/wp\/v2\/categories?post=45813"},{"taxonomy":"post_tag","embeddable":true,"href":"https:\/\/www.portalalerta.com.br\/index.php\/wp-json\/wp\/v2\/tags?post=45813"}],"curies":[{"name":"wp","href":"https:\/\/api.w.org\/{rel}","templated":true}]}}