{"id":45825,"date":"2022-11-22T07:00:00","date_gmt":"2022-11-22T10:00:00","guid":{"rendered":"https:\/\/www.portalalerta.com.br\/?p=45825"},"modified":"2022-11-21T22:42:36","modified_gmt":"2022-11-22T01:42:36","slug":"jogadores-do-ira-nao-cantam-hino-nacional-em-forma-de-protesto","status":"publish","type":"post","link":"https:\/\/www.portalalerta.com.br\/index.php\/2022\/11\/22\/jogadores-do-ira-nao-cantam-hino-nacional-em-forma-de-protesto\/","title":{"rendered":"Jogadores do Ir\u00e3 n\u00e3o cantam hino nacional em forma de protesto"},"content":{"rendered":"\n<p><strong>Na estreia da sele\u00e7\u00e3o na Copa de 2022, atletas se mostraram contra as medidas tomadas pelo governo nos \u00faltimos meses, desde a morte da jovem Mahsa Amini.<\/strong><\/p>\n\n\n\n<!--more-->\n\n\n\n<p>Os jogadores da sele\u00e7\u00e3o de futebol do\u00a0Ir\u00e3\u00a0optaram por n\u00e3o cantar o hino de seu pa\u00eds antes da partida da Copa do Mundo contra a\u00a0Inglaterra\u00a0nesta segunda-feira (21), em uma aparente demonstra\u00e7\u00e3o de apoio aos manifestantes do pa\u00eds.<\/p>\n\n\n\n<div class=\"wp-block-image\"><figure class=\"aligncenter size-full\"><img fetchpriority=\"high\" decoding=\"async\" width=\"720\" height=\"181\" src=\"https:\/\/www.portalalerta.com.br\/wp-content\/uploads\/2018\/02\/Auto-Escola-Nobre.jpg\" alt=\"\" class=\"wp-image-4869\" srcset=\"https:\/\/www.portalalerta.com.br\/wp-content\/uploads\/2018\/02\/Auto-Escola-Nobre.jpg 720w, https:\/\/www.portalalerta.com.br\/wp-content\/uploads\/2018\/02\/Auto-Escola-Nobre-260x65.jpg 260w, https:\/\/www.portalalerta.com.br\/wp-content\/uploads\/2018\/02\/Auto-Escola-Nobre-50x13.jpg 50w, https:\/\/www.portalalerta.com.br\/wp-content\/uploads\/2018\/02\/Auto-Escola-Nobre-150x38.jpg 150w\" sizes=\"(max-width: 720px) 100vw, 720px\" \/><\/figure><\/div>\n\n\n\n<p>Todos os 11 jogadores titulares ficaram em sil\u00eancio enquanto o hino era tocado no Khalifa International Stadium.<\/p>\n\n\n\n<p><strong>Caso\u00a0Mahsa Amini<\/strong><\/p>\n\n\n\n<p>O pa\u00eds vive uma onda de protestos h\u00e1 dois meses. As manifesta\u00e7\u00f5es come\u00e7aram como rea\u00e7\u00e3o ao caso da jovem curda Mahsa Amini, de 22 anos, que apareceu morta ap\u00f3s ser presa pela pol\u00edcia dos costumes do pa\u00eds por &#8220;uso inadequado&#8221; do v\u00e9u isl\u00e2mico, obrigat\u00f3rio no Ir\u00e3.<\/p>\n\n\n\n<p>Desde o in\u00edcio das manifesta\u00e7\u00f5es no Ir\u00e3, em setembro,\u00a0cerca de 380 pessoas morreram, incluindo pelo menos 47 crian\u00e7as, segundo a Iran Human Rights Watch, a principal organiza\u00e7\u00e3o de monitoramento das manifesta\u00e7\u00f5es.<\/p>\n\n\n\n<p><strong>Apoio de esportistas<\/strong><\/p>\n\n\n\n<p>A suposta manifesta\u00e7\u00e3o de apoio dos jogadores do Ir\u00e3 n\u00e3o \u00e9 a primeira manifesta\u00e7\u00e3o de apoio por parte de esportistas. Recentemente, um jogador de futebol de areia, Saeed Piramoon, comemorou um gol fazendo uma m\u00edmica para indicar que estava cortando o cabelo \u2014muitos manifestantes\u00a0cortam o cabelo\u00a0como forma de protesto no Ir\u00e3.<\/p>\n\n\n\n<p><strong>Bandeira proibida no est\u00e1dio<\/strong><\/p>\n\n\n\n<p>De acordo com o \u201cNew York Times\u201d, alguns torcedores foram proibidos de entrar com a bandeira persa, que tem sido usada pelos manifestantes, no est\u00e1dio.<\/p>\n\n\n\n<p>A bandeira persa e do Ir\u00e3 s\u00e3o parecidas, mas na primeira h\u00e1 imagem de um le\u00e3o e de um sol, e na segunda, s\u00edmbolos isl\u00e2micos.<\/p>\n\n\n\n<p>As reivindica\u00e7\u00f5es, contra a repress\u00e3o \u00e0s mulheres, rapidamente se tornaram o maior movimento para desafiar a Rep\u00fablica Isl\u00e2mica desde a sua proclama\u00e7\u00e3o em 1979.<\/p>\n\n\n\n<p>Desde o come\u00e7o dos protestos, o governo vem respondendo com forte repress\u00e3o \u00e0s manifesta\u00e7\u00f5es. Entre os 380 mortos, 47 eram crian\u00e7as, segundo disse o diretor da Iran Human Rights Watch, Mahmood Amiry-Moghadda, \u00e0 ag\u00eancia de not\u00edcias France Presse.<\/p>\n\n\n\n<p><em>Fonte: G1<\/em><\/p>\n","protected":false},"excerpt":{"rendered":"<p>Na estreia da sele\u00e7\u00e3o na Copa de 2022, atletas se mostraram contra as medidas tomadas pelo governo nos \u00faltimos meses, desde a morte da jovem Mahsa Amini.<\/p>\n","protected":false},"author":2,"featured_media":45826,"comment_status":"open","ping_status":"open","sticky":false,"template":"","format":"standard","meta":{"om_disable_all_campaigns":false,"_monsterinsights_skip_tracking":false,"_monsterinsights_sitenote_active":false,"_monsterinsights_sitenote_note":"","_monsterinsights_sitenote_category":0,"footnotes":""},"categories":[70,2,35,69],"tags":[100,71,48,4179,75,4178,123,4180,96,129,107,97,4181,609,132,230,339,3828,106,203,120,51,285,109,88,47,111],"class_list":["post-45825","post","type-post","status-publish","format-standard","has-post-thumbnail","hentry","category-destaques","category-esportes","category-mundo","category-noticias2","tag-adustina","tag-antas","tag-araci","tag-banzae-2","tag-cicero-dantas","tag-cipo-2","tag-copa-do-mundo","tag-crisopolis-2","tag-esporte","tag-euclides-da-cunha","tag-fatima","tag-futebol","tag-heliopolis-2","tag-ira","tag-itapicuru","tag-jeremoabo","tag-mundo","tag-noticias","tag-nova-soure","tag-novo-triunfo","tag-olindina","tag-paripiranga","tag-protesto","tag-quijingue","tag-ribeira-do-amparo","tag-ribeira-do-pombal","tag-sitio-do-quinto"],"aioseo_notices":[],"_links":{"self":[{"href":"https:\/\/www.portalalerta.com.br\/index.php\/wp-json\/wp\/v2\/posts\/45825","targetHints":{"allow":["GET"]}}],"collection":[{"href":"https:\/\/www.portalalerta.com.br\/index.php\/wp-json\/wp\/v2\/posts"}],"about":[{"href":"https:\/\/www.portalalerta.com.br\/index.php\/wp-json\/wp\/v2\/types\/post"}],"author":[{"embeddable":true,"href":"https:\/\/www.portalalerta.com.br\/index.php\/wp-json\/wp\/v2\/users\/2"}],"replies":[{"embeddable":true,"href":"https:\/\/www.portalalerta.com.br\/index.php\/wp-json\/wp\/v2\/comments?post=45825"}],"version-history":[{"count":1,"href":"https:\/\/www.portalalerta.com.br\/index.php\/wp-json\/wp\/v2\/posts\/45825\/revisions"}],"predecessor-version":[{"id":45827,"href":"https:\/\/www.portalalerta.com.br\/index.php\/wp-json\/wp\/v2\/posts\/45825\/revisions\/45827"}],"wp:featuredmedia":[{"embeddable":true,"href":"https:\/\/www.portalalerta.com.br\/index.php\/wp-json\/wp\/v2\/media\/45826"}],"wp:attachment":[{"href":"https:\/\/www.portalalerta.com.br\/index.php\/wp-json\/wp\/v2\/media?parent=45825"}],"wp:term":[{"taxonomy":"category","embeddable":true,"href":"https:\/\/www.portalalerta.com.br\/index.php\/wp-json\/wp\/v2\/categories?post=45825"},{"taxonomy":"post_tag","embeddable":true,"href":"https:\/\/www.portalalerta.com.br\/index.php\/wp-json\/wp\/v2\/tags?post=45825"}],"curies":[{"name":"wp","href":"https:\/\/api.w.org\/{rel}","templated":true}]}}