{"id":45831,"date":"2022-11-22T07:02:00","date_gmt":"2022-11-22T10:02:00","guid":{"rendered":"https:\/\/www.portalalerta.com.br\/?p=45831"},"modified":"2022-11-21T22:52:27","modified_gmt":"2022-11-22T01:52:27","slug":"saiba-como-sera-a-recuperacao-de-lula-apos-a-cirurgia-na-laringe","status":"publish","type":"post","link":"https:\/\/www.portalalerta.com.br\/index.php\/2022\/11\/22\/saiba-como-sera-a-recuperacao-de-lula-apos-a-cirurgia-na-laringe\/","title":{"rendered":"Saiba como ser\u00e1 a recupera\u00e7\u00e3o de Lula ap\u00f3s a cirurgia na laringe"},"content":{"rendered":"\n<p>O presidente eleito, Luiz In\u00e1cio Lula da Silva (PT), precisar\u00e1 repousar por dois dias antes de voltar com as atividades normais a partir da pr\u00f3xima quarta-feira (23). O petista recebeu alta nesta segunda-feira(21), ap\u00f3s realizar um procedimento m\u00e9dico no domingo (20) para a\u00a0retirada da leucoplasia,\u00a0les\u00e3o na garganta diagnosticada h\u00e1 alguns dias.<\/p>\n\n\n\n<!--more-->\n\n\n\n<p>Sem compromissos oficiais nesta segunda-feira, Lula voltou para sua casa, em S\u00e3o Paulo. A orienta\u00e7\u00e3o da equipe m\u00e9dica, conforme apurado pelo Metr\u00f3poles, \u00e9 evitar discursos e falas mais longas nos primeiros dias, de forma a preservar a regi\u00e3o operada. Ele tamb\u00e9m ser\u00e1 acompanhado por um fonoaudi\u00f3logo.<\/p>\n\n\n\n<p>Especula\u00e7\u00f5es anteriores apontavam que Lula desembarcaria em Bras\u00edlia nesta ter\u00e7a-feira (22), o que agora deve ocorrer somente na quarta-feira. A expectativa \u00e9 de que o presidente eleito\u00a0comece, de fato, a montar seu governo, escolhendo ministros e definindo quais e quantos minist\u00e9rios atuar\u00e3o nos pr\u00f3ximos anos. N\u00e3o se sabe ainda, no entanto, se ser\u00e3o feitos an\u00fancios nesse sentido.<\/p>\n\n\n\n<p>A leucoplasia foi diagnosticada antes da viagem ao Egito, na \u00faltima semana,\u00a0para a COP27, confer\u00eancia do clima da ONU.<\/p>\n\n\n\n<p>Segundo o boletim m\u00e9dico divulgado pelo Hospital S\u00edrio-Liban\u00eas,\u00a0onde Lula foi operado, aponta que n\u00e3o h\u00e1 neoplasia, tumor que ocorre pelo crescimento anormal do n\u00famero de c\u00e9lulas. Em 2011, o petista foi acometido por um c\u00e2ncer na regi\u00e3o da laringe e terminou o tratamento contra a doen\u00e7a em 2012.<\/p>\n\n\n\n<p><strong>O que \u00e9 leucoplasia?<\/strong><\/p>\n\n\n\n<p>\u00c9 uma les\u00e3o de placas ou manchas brancas que pode se desenvolver na regi\u00e3o da laringe, como o caso de Lula, na l\u00edngua, no interior das bochechas e nas gengivas. Essa \u00e9 uma resposta das c\u00e9lulas da regi\u00e3o por conta de v\u00e1rias \u201cagress\u00f5es\u201d, que podem ser desencadeadas pelo:<\/p>\n\n\n\n<ul class=\"wp-block-list\"><li>Tabaco;<\/li><li>Consumo frequente de \u00e1lcool;<\/li><li>Refluxo gastrosof\u00e1gico.<\/li><\/ul>\n\n\n\n<p>O principal sintoma da leucoplasia \u00e9 a rouquid\u00e3o, informou o jornal O Globo. Mas \u00e9 poss\u00edvel, ainda, que o paciente tenha a sensa\u00e7\u00e3o de corpo estranho na garganta, dor ao engolir e fadiga ao falar. A leucoplasia acomete mais os homens acima dos 40 anos de idade.<\/p>\n\n\n\n<p><em>Fonte: Yahoo Not\u00edcias<\/em><\/p>\n","protected":false},"excerpt":{"rendered":"<p>O presidente eleito, Luiz In\u00e1cio Lula da Silva (PT), precisar\u00e1 repousar por dois dias antes de voltar com as atividades normais a partir da pr\u00f3xima quarta-feira (23). O petista recebeu alta nesta segunda-feira(21), ap\u00f3s realizar um procedimento m\u00e9dico no domingo (20) para a\u00a0retirada da leucoplasia,\u00a0les\u00e3o na garganta diagnosticada h\u00e1 alguns dias.<\/p>\n","protected":false},"author":2,"featured_media":45445,"comment_status":"open","ping_status":"open","sticky":false,"template":"","format":"standard","meta":{"om_disable_all_campaigns":false,"_monsterinsights_skip_tracking":false,"_monsterinsights_sitenote_active":false,"_monsterinsights_sitenote_note":"","_monsterinsights_sitenote_category":0,"footnotes":""},"categories":[34,70,69,21],"tags":[100,71,48,4179,93,75,4178,1568,4180,129,107,4181,132,230,303,3828,106,203,120,51,109,88,47,111,190],"class_list":["post-45831","post","type-post","status-publish","format-standard","has-post-thumbnail","hentry","category-brasil","category-destaques","category-noticias2","category-politica","tag-adustina","tag-antas","tag-araci","tag-banzae-2","tag-brasil","tag-cicero-dantas","tag-cipo-2","tag-cirurgia","tag-crisopolis-2","tag-euclides-da-cunha","tag-fatima","tag-heliopolis-2","tag-itapicuru","tag-jeremoabo","tag-lula","tag-noticias","tag-nova-soure","tag-novo-triunfo","tag-olindina","tag-paripiranga","tag-quijingue","tag-ribeira-do-amparo","tag-ribeira-do-pombal","tag-sitio-do-quinto","tag-tucano"],"aioseo_notices":[],"_links":{"self":[{"href":"https:\/\/www.portalalerta.com.br\/index.php\/wp-json\/wp\/v2\/posts\/45831","targetHints":{"allow":["GET"]}}],"collection":[{"href":"https:\/\/www.portalalerta.com.br\/index.php\/wp-json\/wp\/v2\/posts"}],"about":[{"href":"https:\/\/www.portalalerta.com.br\/index.php\/wp-json\/wp\/v2\/types\/post"}],"author":[{"embeddable":true,"href":"https:\/\/www.portalalerta.com.br\/index.php\/wp-json\/wp\/v2\/users\/2"}],"replies":[{"embeddable":true,"href":"https:\/\/www.portalalerta.com.br\/index.php\/wp-json\/wp\/v2\/comments?post=45831"}],"version-history":[{"count":1,"href":"https:\/\/www.portalalerta.com.br\/index.php\/wp-json\/wp\/v2\/posts\/45831\/revisions"}],"predecessor-version":[{"id":45832,"href":"https:\/\/www.portalalerta.com.br\/index.php\/wp-json\/wp\/v2\/posts\/45831\/revisions\/45832"}],"wp:featuredmedia":[{"embeddable":true,"href":"https:\/\/www.portalalerta.com.br\/index.php\/wp-json\/wp\/v2\/media\/45445"}],"wp:attachment":[{"href":"https:\/\/www.portalalerta.com.br\/index.php\/wp-json\/wp\/v2\/media?parent=45831"}],"wp:term":[{"taxonomy":"category","embeddable":true,"href":"https:\/\/www.portalalerta.com.br\/index.php\/wp-json\/wp\/v2\/categories?post=45831"},{"taxonomy":"post_tag","embeddable":true,"href":"https:\/\/www.portalalerta.com.br\/index.php\/wp-json\/wp\/v2\/tags?post=45831"}],"curies":[{"name":"wp","href":"https:\/\/api.w.org\/{rel}","templated":true}]}}