{"id":45835,"date":"2022-11-22T11:00:00","date_gmt":"2022-11-22T14:00:00","guid":{"rendered":"https:\/\/www.portalalerta.com.br\/?p=45835"},"modified":"2022-11-21T23:07:27","modified_gmt":"2022-11-22T02:07:27","slug":"nova-soure-ba-participa-de-curso-de-capacitacao-tecnica-presencial-pdde-e-acoes-integradas","status":"publish","type":"post","link":"https:\/\/www.portalalerta.com.br\/index.php\/2022\/11\/22\/nova-soure-ba-participa-de-curso-de-capacitacao-tecnica-presencial-pdde-e-acoes-integradas\/","title":{"rendered":"Nova Soure-BA participa de Curso de Capacita\u00e7\u00e3o T\u00e9cnica Presencial PDDE e A\u00e7\u00f5es Integradas"},"content":{"rendered":"\n<p>O munic\u00edpio de Nova Soure-BA \u00e9 uma das quatro cidades baianas que estar\u00e1 participando do Curso de Capacita\u00e7\u00e3o T\u00e9cnica Presencial PDDE e A\u00e7\u00f5es Integradas, entre os dias 22 e 23 de novembro.<\/p>\n\n\n\n<!--more-->\n\n\n\n<p>O Programa Dinheiro Direto na Escola, foi criado no ano de 1995, tamb\u00e9m conhecido pelas entidades participantes como&nbsp;<strong>PDDE B\u00e1sico<\/strong>, atualmente \u00e9 regido pela&nbsp;<strong><a href=\"https:\/\/www.gov.br\/fnde\/pt-br\/acesso-a-informacao\/acoes-e-programas\/programas\/pdde\/media-pdde\/funcionamento\/copy_of_RESOLUOPDDEN15DE16DESETEMBRODE2021.pdf\" target=\"_blank\" rel=\"noreferrer noopener\">Resolu\u00e7\u00e3o CD\/FNDE\/MEC n\u00ba 15, de 16 de setembro de 2021<\/a><\/strong>. Ela disp\u00f5e sobre as orienta\u00e7\u00f5es para o apoio t\u00e9cnico e financeiro, fiscaliza\u00e7\u00e3o e monitoramento na execu\u00e7\u00e3o do Programa, em cumprimento ao disposto na Lei n\u00ba 11.947, de 16 de junho de 2009.<\/p>\n\n\n\n<div class=\"wp-block-image\"><figure class=\"aligncenter size-full\"><img fetchpriority=\"high\" decoding=\"async\" width=\"720\" height=\"181\" src=\"https:\/\/www.portalalerta.com.br\/wp-content\/uploads\/2018\/02\/Auto-Escola-Nobre.jpg\" alt=\"\" class=\"wp-image-4869\" srcset=\"https:\/\/www.portalalerta.com.br\/wp-content\/uploads\/2018\/02\/Auto-Escola-Nobre.jpg 720w, https:\/\/www.portalalerta.com.br\/wp-content\/uploads\/2018\/02\/Auto-Escola-Nobre-260x65.jpg 260w, https:\/\/www.portalalerta.com.br\/wp-content\/uploads\/2018\/02\/Auto-Escola-Nobre-50x13.jpg 50w, https:\/\/www.portalalerta.com.br\/wp-content\/uploads\/2018\/02\/Auto-Escola-Nobre-150x38.jpg 150w\" sizes=\"(max-width: 720px) 100vw, 720px\" \/><\/figure><\/div>\n\n\n\n<p>O PDDE possui car\u00e1ter&nbsp;<strong>suplementar&nbsp;<\/strong>e consiste na destina\u00e7\u00e3o&nbsp;<strong>anual<\/strong>&nbsp;de recursos financeiros repassados \u00e0s entidades participantes, cujas finalidades consistem em contribuir para:<\/p>\n\n\n\n<ol class=\"wp-block-list\" type=\"1\"><li><strong>o provimento das necessidades priorit\u00e1rias dos estabelecimentos educacionais benefici\u00e1rios que concorram para a garantia de seu funcionamento;<\/strong><\/li><li><strong>a promo\u00e7\u00e3o de melhorias em sua infraestrutura f\u00edsica e pedag\u00f3gica; e<\/strong><\/li><li><strong>o incentivo da autogest\u00e3o escolar e do exerc\u00edcio da cidadania, com a participa\u00e7\u00e3o da comunidade no controle social.<\/strong><\/li><\/ol>\n\n\n\n<p>Al\u00e9m de Nova Soure, est\u00e3o participando da capacita\u00e7\u00e3o: Amargosa, Capim Grosso e Bom Jesus da Lapa.<\/p>\n\n\n\n<p><em>Reda\u00e7\u00e3o: Portal Alerta<\/em><\/p>\n","protected":false},"excerpt":{"rendered":"<p>O munic\u00edpio de Nova Soure-BA \u00e9 uma das quatro cidades baianas que estar\u00e1 participando do Curso de Capacita\u00e7\u00e3o T\u00e9cnica Presencial PDDE e A\u00e7\u00f5es Integradas, entre os dias 22 e 23 de novembro.<\/p>\n","protected":false},"author":2,"featured_media":45836,"comment_status":"open","ping_status":"open","sticky":false,"template":"","format":"standard","meta":{"om_disable_all_campaigns":false,"_monsterinsights_skip_tracking":false,"_monsterinsights_sitenote_active":false,"_monsterinsights_sitenote_note":"","_monsterinsights_sitenote_category":0,"footnotes":""},"categories":[33,70,20,69,14,32],"tags":[100,1944,71,48,4179,2399,586,75,4178,4180,129,107,4181,132,230,3828,106,203,120,51,5710,109,88,47,111,190],"class_list":["post-45835","post","type-post","status-publish","format-standard","has-post-thumbnail","hentry","category-bahia","category-destaques","category-educacao","category-noticias2","category-nova-soure","category-regiao","tag-adustina","tag-amargosa","tag-antas","tag-araci","tag-banzae-2","tag-bom-jesus-da-lapa","tag-capim-grosso","tag-cicero-dantas","tag-cipo-2","tag-crisopolis-2","tag-euclides-da-cunha","tag-fatima","tag-heliopolis-2","tag-itapicuru","tag-jeremoabo","tag-noticias","tag-nova-soure","tag-novo-triunfo","tag-olindina","tag-paripiranga","tag-pdde","tag-quijingue","tag-ribeira-do-amparo","tag-ribeira-do-pombal","tag-sitio-do-quinto","tag-tucano"],"aioseo_notices":[],"_links":{"self":[{"href":"https:\/\/www.portalalerta.com.br\/index.php\/wp-json\/wp\/v2\/posts\/45835","targetHints":{"allow":["GET"]}}],"collection":[{"href":"https:\/\/www.portalalerta.com.br\/index.php\/wp-json\/wp\/v2\/posts"}],"about":[{"href":"https:\/\/www.portalalerta.com.br\/index.php\/wp-json\/wp\/v2\/types\/post"}],"author":[{"embeddable":true,"href":"https:\/\/www.portalalerta.com.br\/index.php\/wp-json\/wp\/v2\/users\/2"}],"replies":[{"embeddable":true,"href":"https:\/\/www.portalalerta.com.br\/index.php\/wp-json\/wp\/v2\/comments?post=45835"}],"version-history":[{"count":1,"href":"https:\/\/www.portalalerta.com.br\/index.php\/wp-json\/wp\/v2\/posts\/45835\/revisions"}],"predecessor-version":[{"id":45837,"href":"https:\/\/www.portalalerta.com.br\/index.php\/wp-json\/wp\/v2\/posts\/45835\/revisions\/45837"}],"wp:featuredmedia":[{"embeddable":true,"href":"https:\/\/www.portalalerta.com.br\/index.php\/wp-json\/wp\/v2\/media\/45836"}],"wp:attachment":[{"href":"https:\/\/www.portalalerta.com.br\/index.php\/wp-json\/wp\/v2\/media?parent=45835"}],"wp:term":[{"taxonomy":"category","embeddable":true,"href":"https:\/\/www.portalalerta.com.br\/index.php\/wp-json\/wp\/v2\/categories?post=45835"},{"taxonomy":"post_tag","embeddable":true,"href":"https:\/\/www.portalalerta.com.br\/index.php\/wp-json\/wp\/v2\/tags?post=45835"}],"curies":[{"name":"wp","href":"https:\/\/api.w.org\/{rel}","templated":true}]}}