{"id":45838,"date":"2022-11-22T11:01:00","date_gmt":"2022-11-22T14:01:00","guid":{"rendered":"https:\/\/www.portalalerta.com.br\/?p=45838"},"modified":"2022-11-21T23:15:31","modified_gmt":"2022-11-22T02:15:31","slug":"randolfe-quer-investigacao-de-ministro-do-tcu-que-insinuou-golpe-militar","status":"publish","type":"post","link":"https:\/\/www.portalalerta.com.br\/index.php\/2022\/11\/22\/randolfe-quer-investigacao-de-ministro-do-tcu-que-insinuou-golpe-militar\/","title":{"rendered":"Randolfe quer investiga\u00e7\u00e3o de ministro do TCU que insinuou golpe militar"},"content":{"rendered":"\n<p>O senador Randolfe Rodrigues (Rede) declarou nesta segunda-feira (21) que ir\u00e1 tomar provid\u00eancias legais contra o ministro do Tribunal de Contas da Uni\u00e3o (TCU) Augusto Nardes, que\u00a0insinuou em \u00e1udio que o Brasil sofreria um golpe militar.<\/p>\n\n\n\n<!--more-->\n\n\n\n<p>Nas redes sociais, Randolfe escreveu que ir\u00e1 pedir ao TCU a aposentadoria compuls\u00f3ria ou disponibilidade do ministro devido \u00e0 eventual \u201cviola\u00e7\u00e3o disciplinar\u201d.<\/p>\n\n\n\n<div class=\"wp-block-image\"><figure class=\"alignleft size-full is-resized\"><img fetchpriority=\"high\" decoding=\"async\" src=\"https:\/\/www.portalalerta.com.br\/wp-content\/uploads\/2022\/03\/Cred-Real.1.jpg\" alt=\"\" class=\"wp-image-41523\" width=\"430\" height=\"344\" srcset=\"https:\/\/www.portalalerta.com.br\/wp-content\/uploads\/2022\/03\/Cred-Real.1.jpg 500w, https:\/\/www.portalalerta.com.br\/wp-content\/uploads\/2022\/03\/Cred-Real.1-300x240.jpg 300w, https:\/\/www.portalalerta.com.br\/wp-content\/uploads\/2022\/03\/Cred-Real.1-183x146.jpg 183w, https:\/\/www.portalalerta.com.br\/wp-content\/uploads\/2022\/03\/Cred-Real.1-50x40.jpg 50w, https:\/\/www.portalalerta.com.br\/wp-content\/uploads\/2022\/03\/Cred-Real.1-94x75.jpg 94w\" sizes=\"(max-width: 430px) 100vw, 430px\" \/><\/figure><\/div>\n\n\n\n<p>Al\u00e9m disso, declarou que ir\u00e1 solicitar ao Supremo Tribunal Federal (STF) a instaura\u00e7\u00e3o de inqu\u00e9rito policial \u201cpor poss\u00edvel crime contra a ordem democr\u00e1tica\u201d e fazer uma den\u00fancia, tamb\u00e9m ao STF, \u201crequerendo a perda do cargo e suspens\u00e3o dos direitos pol\u00edticos\u201d.<\/p>\n\n\n\n<p>Ele concluiu destacando que n\u00e3o ser\u00e3o permitidos ataques \u00e0 democracia.<\/p>\n\n\n\n<p>ATEN\u00c7\u00c3O! Sobre o caso do ministro do TCU, Augusto Nardes, que mostrou apoio a golpistas, tomaremos as seguintes provid\u00eancias:<br><br>1 &#8211; Peticionaremos ao TCU, argumentando viola\u00e7\u00e3o disciplinar, pedindo a aposentadoria compuls\u00f3ria do magistrado ou a sua disponibilidade. +<\/p>\n\n\n\n<p>\u2014 Randolfe Rodrigues (@randolfeap)&nbsp;<a href=\"https:\/\/twitter.com\/randolfeap\/status\/1594701904168337411?ref_src=twsrc%5Etfw\" target=\"_blank\" rel=\"noreferrer noopener\">November 21, 2022<\/a><\/p>\n\n\n\n<p>Anteriormente, o deputado federal Paulo Teixeira (PT) j\u00e1 havia anunciado que iria apresentar um requerimento para que Nardes seja convocado a dar explica\u00e7\u00f5es ao Congresso Nacional.<\/p>\n\n\n\n<p><strong>\u201cMovimento forte nas casernas\u201d<\/strong><\/p>\n\n\n\n<p>Em \u00e1udio enviado a amigos do agroneg\u00f3cio, Augusto Nardes afirma que \u201cest\u00e1 acontecendo um movimento muito forte nas casernas brasileiras\u201d \u2013 alojamentos onde ficam os soldados \u2013 e que &#8220;\u00e9 quest\u00e3o de horas, dias, no m\u00e1ximo, uma semana, duas, talvez menos do que isso&#8221;, para um &#8220;desenlace bastante forte na na\u00e7\u00e3o, [de consequ\u00eancias] imprevis\u00edveis, imprevis\u00edveis&#8221;.<\/p>\n\n\n\n<p>Conforme divulgado pela coluna de M\u00f4nica Bergamo, do jornal Folha de S. Paulo, Nardes afirma aos colegas que n\u00e3o pode falar muito, mas que <strong><em>\u201cconhece todos os l\u00edderes\u201d<\/em><\/strong> do suposto movimento.<\/p>\n\n\n\n<p>Ele ainda destaca que Jair Bolsonaro (PL) n\u00e3o est\u00e1 bem de sa\u00fade no momento, mas que em breve <strong><em>\u201cter\u00e1 condi\u00e7\u00f5es de enfrentar o que vai acontecer no pa\u00eds\u201d<\/em><\/strong>.<\/p>\n\n\n\n<p>Durante a conversa, o ministro diz que o atual presidente <strong><em>\u201cdespertou a sociedade conservadora e hoje todo mundo est\u00e1 nas ruas fazendo a defesa desses princ\u00edpios\u201d<\/em><\/strong>.<\/p>\n\n\n\n<p>Ele tamb\u00e9m relembra quando liderou uma frente para atender demandas dos ruralistas no governo Fernando Henrique Cardoso (FHC) e, como presidente do TCU, o processo de rejei\u00e7\u00e3o das contas do governo de Dilma Rousseff, base para o impeachment da ent\u00e3o presidente da Rep\u00fablica.<\/p>\n\n\n\n<p><strong><em>&#8220;Tudo [est\u00e1] muito nebuloso em rela\u00e7\u00e3o ao futuro do pa\u00eds&#8221;<\/em><\/strong>, afirma.<\/p>\n\n\n\n<p><strong>O que diz Augusto Nardes<\/strong><\/p>\n\n\n\n<p>\u00c0 coluna de Bergamo, o ministro confirmou que o \u00e1udio \u00e9 dele, mas que estava em <strong><em>\u201cuma conversa privada\u201d<\/em><\/strong>. Aponta ainda que sua inten\u00e7\u00e3o n\u00e3o foi criar <strong><em>&#8220;nenhum tipo de tumulto&#8221;<\/em><\/strong>, mas sim fazer uma an\u00e1lise <strong><em>&#8220;dentro da democracia e da liberdade de express\u00e3o&#8221;<\/em><\/strong>.<\/p>\n\n\n\n<p>Ele ainda destaca que, ao falar sobre o movimento nas casernas, se referia aos atos de bolsonaristas em frente aos quart\u00e9is, e n\u00e3o a um movimento dentro das For\u00e7as Armadas.<\/p>\n\n\n\n<p>Por fim, Nardes disse que reconhece a vit\u00f3ria de Lula e que pretende procurar o vice-presidente Geraldo Alckmin (PSB) e o petista Aloizio Mercadante (PT), da transi\u00e7\u00e3o de governo, para conversar sobre <strong><em>&#8220;governan\u00e7a&#8221;<\/em><\/strong>.<\/p>\n\n\n\n<p><em>Fonte: Yahoo Not\u00edcias<\/em><\/p>\n","protected":false},"excerpt":{"rendered":"<p>O senador Randolfe Rodrigues (Rede) declarou nesta segunda-feira (21) que ir\u00e1 tomar provid\u00eancias legais contra o ministro do Tribunal de Contas da Uni\u00e3o (TCU) Augusto Nardes, que\u00a0insinuou em \u00e1udio que o Brasil sofreria um golpe militar.<\/p>\n","protected":false},"author":2,"featured_media":24522,"comment_status":"open","ping_status":"open","sticky":false,"template":"","format":"standard","meta":{"om_disable_all_campaigns":false,"_monsterinsights_skip_tracking":false,"_monsterinsights_sitenote_active":false,"_monsterinsights_sitenote_note":"","_monsterinsights_sitenote_category":0,"footnotes":""},"categories":[34,70,69,21],"tags":[100,71,48,5711,4179,93,75,4178,4180,129,107,4181,298,132,230,3828,106,203,120,51,109,3677,88,47,233,111,1317],"class_list":["post-45838","post","type-post","status-publish","format-standard","has-post-thumbnail","hentry","category-brasil","category-destaques","category-noticias2","category-politica","tag-adustina","tag-antas","tag-araci","tag-augusto-nardes","tag-banzae-2","tag-brasil","tag-cicero-dantas","tag-cipo-2","tag-crisopolis-2","tag-euclides-da-cunha","tag-fatima","tag-heliopolis-2","tag-investigacao","tag-itapicuru","tag-jeremoabo","tag-noticias","tag-nova-soure","tag-novo-triunfo","tag-olindina","tag-paripiranga","tag-quijingue","tag-randolfe-rodrigues","tag-ribeira-do-amparo","tag-ribeira-do-pombal","tag-senador","tag-sitio-do-quinto","tag-tcu"],"aioseo_notices":[],"_links":{"self":[{"href":"https:\/\/www.portalalerta.com.br\/index.php\/wp-json\/wp\/v2\/posts\/45838","targetHints":{"allow":["GET"]}}],"collection":[{"href":"https:\/\/www.portalalerta.com.br\/index.php\/wp-json\/wp\/v2\/posts"}],"about":[{"href":"https:\/\/www.portalalerta.com.br\/index.php\/wp-json\/wp\/v2\/types\/post"}],"author":[{"embeddable":true,"href":"https:\/\/www.portalalerta.com.br\/index.php\/wp-json\/wp\/v2\/users\/2"}],"replies":[{"embeddable":true,"href":"https:\/\/www.portalalerta.com.br\/index.php\/wp-json\/wp\/v2\/comments?post=45838"}],"version-history":[{"count":1,"href":"https:\/\/www.portalalerta.com.br\/index.php\/wp-json\/wp\/v2\/posts\/45838\/revisions"}],"predecessor-version":[{"id":45839,"href":"https:\/\/www.portalalerta.com.br\/index.php\/wp-json\/wp\/v2\/posts\/45838\/revisions\/45839"}],"wp:featuredmedia":[{"embeddable":true,"href":"https:\/\/www.portalalerta.com.br\/index.php\/wp-json\/wp\/v2\/media\/24522"}],"wp:attachment":[{"href":"https:\/\/www.portalalerta.com.br\/index.php\/wp-json\/wp\/v2\/media?parent=45838"}],"wp:term":[{"taxonomy":"category","embeddable":true,"href":"https:\/\/www.portalalerta.com.br\/index.php\/wp-json\/wp\/v2\/categories?post=45838"},{"taxonomy":"post_tag","embeddable":true,"href":"https:\/\/www.portalalerta.com.br\/index.php\/wp-json\/wp\/v2\/tags?post=45838"}],"curies":[{"name":"wp","href":"https:\/\/api.w.org\/{rel}","templated":true}]}}