{"id":45840,"date":"2022-11-22T11:02:00","date_gmt":"2022-11-22T14:02:00","guid":{"rendered":"https:\/\/www.portalalerta.com.br\/?p=45840"},"modified":"2022-11-21T23:21:43","modified_gmt":"2022-11-22T02:21:43","slug":"pintor-morre-apos-colisao-de-motocicleta-contra-poste-de-iluminacao-publica-em-euclides-da-cunha-ba","status":"publish","type":"post","link":"https:\/\/www.portalalerta.com.br\/index.php\/2022\/11\/22\/pintor-morre-apos-colisao-de-motocicleta-contra-poste-de-iluminacao-publica-em-euclides-da-cunha-ba\/","title":{"rendered":"Pintor morre ap\u00f3s colis\u00e3o de motocicleta contra poste de ilumina\u00e7\u00e3o p\u00fablica, em Euclides da Cunha-BA"},"content":{"rendered":"\n<p>Um pintor conhecido por Nininho, morreu ap\u00f3s colis\u00e3o de motocicleta contra poste de ilumina\u00e7\u00e3o p\u00fablica. O fat\u00eddico acidente aconteceu por volta das 21:00hs do \u00faltimo domingo (20), no per\u00edmetro urbano da BR 116\/Norte, bairro Urbis (Populares), em Euclides da Cunha-BA.<\/p>\n\n\n\n<!--more-->\n\n\n\n<p>O servi\u00e7o de urg\u00eancia e emerg\u00eancia municipal foi designado e levou a v\u00edtima para a Unidade de Pronto Atendimento (UPA) da cidade, mas a equipe m\u00e9dica nada p\u00f4de fazer diante da constata\u00e7\u00e3o do \u00f3bito.<\/p>\n\n\n\n<p>Segundo informa\u00e7\u00f5es, a colis\u00e3o foi contra um poste de ilumina\u00e7\u00e3o da parte central da rodovia federal. Informa\u00e7\u00f5es preliminares indicam que o pintor estava retornando do povoado de Carna\u00edba, zona rural de Euclides da Cunha. Ele morava no centro da cidade.<\/p>\n\n\n\n<p><em>Fonte: euclidesdacunha.com<\/em><\/p>\n","protected":false},"excerpt":{"rendered":"<p>Um pintor conhecido por Nininho, morreu ap\u00f3s colis\u00e3o de motocicleta contra poste de ilumina\u00e7\u00e3o p\u00fablica. O fat\u00eddico acidente aconteceu por volta das 21:00hs do \u00faltimo domingo (20), no per\u00edmetro urbano da BR 116\/Norte, bairro Urbis (Populares), em Euclides da Cunha-BA.<\/p>\n","protected":false},"author":2,"featured_media":45841,"comment_status":"open","ping_status":"open","sticky":false,"template":"","format":"standard","meta":{"om_disable_all_campaigns":false,"_monsterinsights_skip_tracking":false,"_monsterinsights_sitenote_active":false,"_monsterinsights_sitenote_note":"","_monsterinsights_sitenote_category":0,"footnotes":""},"categories":[70,17,69,32],"tags":[166,289,129,169],"class_list":["post-45840","post","type-post","status-publish","format-standard","has-post-thumbnail","hentry","category-destaques","category-euclides-da-cunha","category-noticias2","category-regiao","tag-acidente","tag-br-116","tag-euclides-da-cunha","tag-morte"],"aioseo_notices":[],"_links":{"self":[{"href":"https:\/\/www.portalalerta.com.br\/index.php\/wp-json\/wp\/v2\/posts\/45840","targetHints":{"allow":["GET"]}}],"collection":[{"href":"https:\/\/www.portalalerta.com.br\/index.php\/wp-json\/wp\/v2\/posts"}],"about":[{"href":"https:\/\/www.portalalerta.com.br\/index.php\/wp-json\/wp\/v2\/types\/post"}],"author":[{"embeddable":true,"href":"https:\/\/www.portalalerta.com.br\/index.php\/wp-json\/wp\/v2\/users\/2"}],"replies":[{"embeddable":true,"href":"https:\/\/www.portalalerta.com.br\/index.php\/wp-json\/wp\/v2\/comments?post=45840"}],"version-history":[{"count":1,"href":"https:\/\/www.portalalerta.com.br\/index.php\/wp-json\/wp\/v2\/posts\/45840\/revisions"}],"predecessor-version":[{"id":45842,"href":"https:\/\/www.portalalerta.com.br\/index.php\/wp-json\/wp\/v2\/posts\/45840\/revisions\/45842"}],"wp:featuredmedia":[{"embeddable":true,"href":"https:\/\/www.portalalerta.com.br\/index.php\/wp-json\/wp\/v2\/media\/45841"}],"wp:attachment":[{"href":"https:\/\/www.portalalerta.com.br\/index.php\/wp-json\/wp\/v2\/media?parent=45840"}],"wp:term":[{"taxonomy":"category","embeddable":true,"href":"https:\/\/www.portalalerta.com.br\/index.php\/wp-json\/wp\/v2\/categories?post=45840"},{"taxonomy":"post_tag","embeddable":true,"href":"https:\/\/www.portalalerta.com.br\/index.php\/wp-json\/wp\/v2\/tags?post=45840"}],"curies":[{"name":"wp","href":"https:\/\/api.w.org\/{rel}","templated":true}]}}