{"id":45843,"date":"2022-11-22T11:03:00","date_gmt":"2022-11-22T14:03:00","guid":{"rendered":"https:\/\/www.portalalerta.com.br\/?p=45843"},"modified":"2022-11-21T23:26:58","modified_gmt":"2022-11-22T02:26:58","slug":"anvisa-aprova-venda-de-medicamento-para-tratar-covid-19-no-brasil","status":"publish","type":"post","link":"https:\/\/www.portalalerta.com.br\/index.php\/2022\/11\/22\/anvisa-aprova-venda-de-medicamento-para-tratar-covid-19-no-brasil\/","title":{"rendered":"Anvisa aprova venda de medicamento para tratar Covid-19 no Brasil"},"content":{"rendered":"\n<p>Medida considerou cen\u00e1rio epidemiol\u00f3gico atual, com circula\u00e7\u00e3o das novas subvariantes da \u00f4micron<\/p>\n\n\n\n<!--more-->\n\n\n\n<p>A Ag\u00eancia Nacional de Vigil\u00e2ncia Sanit\u00e1ria (Anvisa) aprovou, nesta segunda-feira (21), a venda do medicamento Paxlovid. Produzido pela Pfizer, o medicamento para tratar Covid-19 j\u00e1 \u00e9 incorporado ao Sistema \u00danico de Sa\u00fade (SUS). A informa\u00e7\u00e3o \u00e9 da Folha de S. Paulo.<\/p>\n\n\n\n<div class=\"wp-block-image\"><figure class=\"alignleft size-full is-resized\"><img fetchpriority=\"high\" decoding=\"async\" src=\"https:\/\/www.portalalerta.com.br\/wp-content\/uploads\/2021\/04\/ELAB.jpg\" alt=\"\" class=\"wp-image-34795\" width=\"420\" height=\"335\" srcset=\"https:\/\/www.portalalerta.com.br\/wp-content\/uploads\/2021\/04\/ELAB.jpg 1000w, https:\/\/www.portalalerta.com.br\/wp-content\/uploads\/2021\/04\/ELAB-300x240.jpg 300w, https:\/\/www.portalalerta.com.br\/wp-content\/uploads\/2021\/04\/ELAB-768x614.jpg 768w, https:\/\/www.portalalerta.com.br\/wp-content\/uploads\/2021\/04\/ELAB-183x146.jpg 183w, https:\/\/www.portalalerta.com.br\/wp-content\/uploads\/2021\/04\/ELAB-50x40.jpg 50w, https:\/\/www.portalalerta.com.br\/wp-content\/uploads\/2021\/04\/ELAB-94x75.jpg 94w\" sizes=\"(max-width: 420px) 100vw, 420px\" \/><\/figure><\/div>\n\n\n\n<p>Segundo a reportagem, a&nbsp;decis\u00e3o autoriza o fornecimento do medicamento para farm\u00e1cias e hospitais particulares e sua comercializa\u00e7\u00e3o s\u00f3 pode ser realizada com prescri\u00e7\u00e3o m\u00e9dica.<\/p>\n\n\n\n<p>O Paxlovid teve seu uso emergencial aprovado no Brasil em mar\u00e7o deste ano. Ele \u00e9 indicado para adultos que n\u00e3o se encontram sob uso de oxigena\u00e7\u00e3o, mas que correm o risco de evoluir para quadros graves de Covid-19.<\/p>\n\n\n\n<p>A medida considerou o cen\u00e1rio epidemiol\u00f3gico atual, com a circula\u00e7\u00e3o das novas subvariantes da \u00f4micron e o aumento de casos da doen\u00e7a no pa\u00eds.<\/p>\n\n\n\n<p><em>Fonte: Metro1<\/em><\/p>\n","protected":false},"excerpt":{"rendered":"<p>Medida considerou cen\u00e1rio epidemiol\u00f3gico atual, com circula\u00e7\u00e3o das novas subvariantes da \u00f4micron<\/p>\n","protected":false},"author":2,"featured_media":45844,"comment_status":"open","ping_status":"open","sticky":false,"template":"","format":"standard","meta":{"om_disable_all_campaigns":false,"_monsterinsights_skip_tracking":false,"_monsterinsights_sitenote_active":false,"_monsterinsights_sitenote_note":"","_monsterinsights_sitenote_category":0,"footnotes":""},"categories":[34,70,69,19],"tags":[100,71,2235,48,4179,93,75,4178,3429,3486,4180,129,107,4181,132,230,3828,106,203,120,51,5712,109,88,47,61,111,190],"class_list":["post-45843","post","type-post","status-publish","format-standard","has-post-thumbnail","hentry","category-brasil","category-destaques","category-noticias2","category-saude","tag-adustina","tag-antas","tag-anvisa","tag-araci","tag-banzae-2","tag-brasil","tag-cicero-dantas","tag-cipo-2","tag-coronavirus","tag-covid-19","tag-crisopolis-2","tag-euclides-da-cunha","tag-fatima","tag-heliopolis-2","tag-itapicuru","tag-jeremoabo","tag-noticias","tag-nova-soure","tag-novo-triunfo","tag-olindina","tag-paripiranga","tag-paxlovid","tag-quijingue","tag-ribeira-do-amparo","tag-ribeira-do-pombal","tag-saude","tag-sitio-do-quinto","tag-tucano"],"aioseo_notices":[],"_links":{"self":[{"href":"https:\/\/www.portalalerta.com.br\/index.php\/wp-json\/wp\/v2\/posts\/45843","targetHints":{"allow":["GET"]}}],"collection":[{"href":"https:\/\/www.portalalerta.com.br\/index.php\/wp-json\/wp\/v2\/posts"}],"about":[{"href":"https:\/\/www.portalalerta.com.br\/index.php\/wp-json\/wp\/v2\/types\/post"}],"author":[{"embeddable":true,"href":"https:\/\/www.portalalerta.com.br\/index.php\/wp-json\/wp\/v2\/users\/2"}],"replies":[{"embeddable":true,"href":"https:\/\/www.portalalerta.com.br\/index.php\/wp-json\/wp\/v2\/comments?post=45843"}],"version-history":[{"count":1,"href":"https:\/\/www.portalalerta.com.br\/index.php\/wp-json\/wp\/v2\/posts\/45843\/revisions"}],"predecessor-version":[{"id":45845,"href":"https:\/\/www.portalalerta.com.br\/index.php\/wp-json\/wp\/v2\/posts\/45843\/revisions\/45845"}],"wp:featuredmedia":[{"embeddable":true,"href":"https:\/\/www.portalalerta.com.br\/index.php\/wp-json\/wp\/v2\/media\/45844"}],"wp:attachment":[{"href":"https:\/\/www.portalalerta.com.br\/index.php\/wp-json\/wp\/v2\/media?parent=45843"}],"wp:term":[{"taxonomy":"category","embeddable":true,"href":"https:\/\/www.portalalerta.com.br\/index.php\/wp-json\/wp\/v2\/categories?post=45843"},{"taxonomy":"post_tag","embeddable":true,"href":"https:\/\/www.portalalerta.com.br\/index.php\/wp-json\/wp\/v2\/tags?post=45843"}],"curies":[{"name":"wp","href":"https:\/\/api.w.org\/{rel}","templated":true}]}}