{"id":45848,"date":"2022-11-22T18:01:00","date_gmt":"2022-11-22T21:01:00","guid":{"rendered":"https:\/\/www.portalalerta.com.br\/?p=45848"},"modified":"2022-11-21T23:42:35","modified_gmt":"2022-11-22T02:42:35","slug":"prefeitura-de-banzae-ba-divulga-programacao-da-expocaju-2022","status":"publish","type":"post","link":"https:\/\/www.portalalerta.com.br\/index.php\/2022\/11\/22\/prefeitura-de-banzae-ba-divulga-programacao-da-expocaju-2022\/","title":{"rendered":"Prefeitura de Banza\u00ea-BA, divulga programa\u00e7\u00e3o da Expocaju 2022"},"content":{"rendered":"\n<p>A prefeita de Banza\u00ea-BA, Jailma Dantas, convocou uma entrevista Coletiva, que foi concedida \u00e0 toda imprensa regional na \u00faltima segunda-feira (21), para a Divulga\u00e7\u00e3o da programa\u00e7\u00e3o da Expocaju 2022.<\/p>\n\n\n\n<!--more-->\n\n\n\n<div class=\"wp-block-image\"><figure class=\"alignleft size-full is-resized\"><img fetchpriority=\"high\" decoding=\"async\" src=\"https:\/\/www.portalalerta.com.br\/wp-content\/uploads\/2022\/03\/Cred-Real.1.jpg\" alt=\"\" class=\"wp-image-41523\" width=\"411\" height=\"329\" srcset=\"https:\/\/www.portalalerta.com.br\/wp-content\/uploads\/2022\/03\/Cred-Real.1.jpg 500w, https:\/\/www.portalalerta.com.br\/wp-content\/uploads\/2022\/03\/Cred-Real.1-300x240.jpg 300w, https:\/\/www.portalalerta.com.br\/wp-content\/uploads\/2022\/03\/Cred-Real.1-183x146.jpg 183w, https:\/\/www.portalalerta.com.br\/wp-content\/uploads\/2022\/03\/Cred-Real.1-50x40.jpg 50w, https:\/\/www.portalalerta.com.br\/wp-content\/uploads\/2022\/03\/Cred-Real.1-94x75.jpg 94w\" sizes=\"(max-width: 411px) 100vw, 411px\" \/><\/figure><\/div>\n\n\n\n<p>O evento ir\u00e1 acontecer entre os dias 15 e 18 de dezembro com uma vasta programa\u00e7\u00e3o: VIII Mostra Liter\u00e1ria, exposi\u00e7\u00e3o de caprinos e ovinos com 30 mil reais em premia\u00e7\u00e3o, Leil\u00e3o Virtual, espa\u00e7o para comercializa\u00e7\u00e3o de artesanato e palestras.<\/p>\n\n\n\n<p>Para o dia 18 j\u00e1 foi confirmado o show do cantor Jo\u00e3o Gomes, na festa que celebra o encerramento da exposi\u00e7\u00e3o. A Prefeitura vai preparar uma mega estrutura com seguran\u00e7a e conforto para receber a todos.<\/p>\n\n\n\n<p><em>Por ASCOM PMB<\/em><\/p>\n","protected":false},"excerpt":{"rendered":"<p>A prefeita de Banza\u00ea-BA, Jailma Dantas, convocou uma entrevista Coletiva, que foi concedida \u00e0 toda imprensa regional na \u00faltima segunda-feira (21), para a Divulga\u00e7\u00e3o da programa\u00e7\u00e3o da Expocaju 2022.<\/p>\n","protected":false},"author":2,"featured_media":45849,"comment_status":"open","ping_status":"open","sticky":false,"template":"","format":"standard","meta":{"om_disable_all_campaigns":false,"_monsterinsights_skip_tracking":false,"_monsterinsights_sitenote_active":false,"_monsterinsights_sitenote_note":"","_monsterinsights_sitenote_category":0,"footnotes":""},"categories":[39,70,20,36,69,32],"tags":[2070,100,71,48,4179,75,4178,4180,129,3203,107,4181,132,921,230,3828,106,203,120,51,109,88,47,111],"class_list":["post-45848","post","type-post","status-publish","format-standard","has-post-thumbnail","hentry","category-banzae","category-destaques","category-educacao","category-lazer","category-noticias2","category-regiao","tag-2070","tag-adustina","tag-antas","tag-araci","tag-banzae-2","tag-cicero-dantas","tag-cipo-2","tag-crisopolis-2","tag-euclides-da-cunha","tag-expocaju","tag-fatima","tag-heliopolis-2","tag-itapicuru","tag-jailma-dantas","tag-jeremoabo","tag-noticias","tag-nova-soure","tag-novo-triunfo","tag-olindina","tag-paripiranga","tag-quijingue","tag-ribeira-do-amparo","tag-ribeira-do-pombal","tag-sitio-do-quinto"],"aioseo_notices":[],"_links":{"self":[{"href":"https:\/\/www.portalalerta.com.br\/index.php\/wp-json\/wp\/v2\/posts\/45848","targetHints":{"allow":["GET"]}}],"collection":[{"href":"https:\/\/www.portalalerta.com.br\/index.php\/wp-json\/wp\/v2\/posts"}],"about":[{"href":"https:\/\/www.portalalerta.com.br\/index.php\/wp-json\/wp\/v2\/types\/post"}],"author":[{"embeddable":true,"href":"https:\/\/www.portalalerta.com.br\/index.php\/wp-json\/wp\/v2\/users\/2"}],"replies":[{"embeddable":true,"href":"https:\/\/www.portalalerta.com.br\/index.php\/wp-json\/wp\/v2\/comments?post=45848"}],"version-history":[{"count":1,"href":"https:\/\/www.portalalerta.com.br\/index.php\/wp-json\/wp\/v2\/posts\/45848\/revisions"}],"predecessor-version":[{"id":45850,"href":"https:\/\/www.portalalerta.com.br\/index.php\/wp-json\/wp\/v2\/posts\/45848\/revisions\/45850"}],"wp:featuredmedia":[{"embeddable":true,"href":"https:\/\/www.portalalerta.com.br\/index.php\/wp-json\/wp\/v2\/media\/45849"}],"wp:attachment":[{"href":"https:\/\/www.portalalerta.com.br\/index.php\/wp-json\/wp\/v2\/media?parent=45848"}],"wp:term":[{"taxonomy":"category","embeddable":true,"href":"https:\/\/www.portalalerta.com.br\/index.php\/wp-json\/wp\/v2\/categories?post=45848"},{"taxonomy":"post_tag","embeddable":true,"href":"https:\/\/www.portalalerta.com.br\/index.php\/wp-json\/wp\/v2\/tags?post=45848"}],"curies":[{"name":"wp","href":"https:\/\/api.w.org\/{rel}","templated":true}]}}