{"id":45851,"date":"2022-11-22T18:02:00","date_gmt":"2022-11-22T21:02:00","guid":{"rendered":"https:\/\/www.portalalerta.com.br\/?p=45851"},"modified":"2022-11-22T15:27:53","modified_gmt":"2022-11-22T18:27:53","slug":"morre-erasmo-carlos-aos-81-anos-de-idade","status":"publish","type":"post","link":"https:\/\/www.portalalerta.com.br\/index.php\/2022\/11\/22\/morre-erasmo-carlos-aos-81-anos-de-idade\/","title":{"rendered":"Morre Erasmo Carlos aos 81 anos de idade"},"content":{"rendered":"\n<p>Morreu Erasmo Carlos\u00a0nesta ter\u00e7a-feira (22), como um dos maiores nomes da m\u00fasica nacional. Aos 81 anos idade, o cantor e compositor tamb\u00e9m conhecido como Tremend\u00e3o foi v\u00edtima de complica\u00e7\u00f5es &#8211; a causa oficial da morte ainda n\u00e3o foi divulgada. Ele estava internado em um hospital no Rio de Janeiro &#8211; a morte foi confirmada \u00e0 revista &#8220;Quem&#8221;.<\/p>\n\n\n\n<!--more-->\n\n\n\n<p>O artista tratou recentemente um quadro de s\u00edndrome edemig\u00eanica &#8211; quando h\u00e1 um desequil\u00edbrio das for\u00e7as bioqu\u00edmicas que mant\u00e9m os l\u00edquidos dentro dos vasos sangu\u00edneos. Em outubro, o m\u00fasico foi internado, recebeu alta, mas voltou ao hospital na noite da \u00faltima segunda-feira (21).<\/p>\n\n\n\n<p>Nascido no Rio de Janeiro, em 5 de junho de 1941, Erasmo deixa um legado de mais de cinco d\u00e9cadas de carreira. Um dos pioneiros do rock brasileiro, ele foi o maior parceiro musical de Roberto Carlos com diversas composi\u00e7\u00f5es e produ\u00e7\u00f5es em conjunto, como os cl\u00e1ssicos &#8220;Minha Fama de Mau&#8221;, de 1965, &#8220;\u00c9 Preciso Saber Viver&#8221;, de 1968, &#8220;\u00c9 Proibido Fumar&#8221;, de 1972, e &#8220;Sentado \u00e0 Beira do Caminho&#8221;, de 1980.<\/p>\n\n\n\n<p>Inspirado principalmente por Elvis Presley, o cantor chegou a integrar a banda Renato e Seus Blue Caps na d\u00e9cada de 1960 com vers\u00f5es brasileiras de m\u00fasicas internacionais. Anos depois, elencou o trio formado por ele, Roberto Carlos e Wanderleia no ic\u00f4nico programa Jovem Guarda, onde foi apelidado de Tremend\u00e3o.<\/p>\n\n\n\n<p>O projeto da Record TV encabe\u00e7ou o movimento cultural a partir de 1965, marcado pela ascens\u00e3o do rock e influ\u00eancias de grupos gringos como os Beatles. Essa irrever\u00eancia ditou a m\u00fasica, o comportamento e a moda de gera\u00e7\u00f5es fascinadas pelos tr\u00eas cantores e apresentadores.<\/p>\n\n\n\n<p>Com mais de&nbsp;<strong>600 m\u00fasicas gravadas em mais de 30 discos,<\/strong>&nbsp;Erasmo fica eternizado na voz de grandes sucessos como &#8220;Filho \u00danico&#8221;, &#8220;Mulher (Sexo Fr\u00e1gil)&#8221;, &#8220;Gatinha Manhosa&#8221;, &#8220;Festa de Arromba&#8221; e &#8220;Vem Quente Que Eu Estou Fervendo&#8221;, que marcaram os longos anos de sua trajet\u00f3ria musical.<\/p>\n\n\n\n<p>Em 2019, o artista ganhou uma cinebiografia estrelada apor Chay Suede com a hist\u00f3ria de seus primeiros passos na estrada musical at\u00e9 virar um dos maiores s\u00edmbolos do rock nacional. &#8220;P\u00f4, bicho. Voc\u00ea me fotografou muito bonzinho. Eu era um pouco mais mauzinho&#8221;, brincou Erasmo Carlos, como contou o diretor Lui Farias ao &#8220;UOL&#8221;, quando viu o filme pela primeira vez.<\/p>\n\n\n\n<p>Seu \u00faltimo \u00e1lbum foi lan\u00e7ado no in\u00edcio de 2022, intitulado <strong>&#8220;O Futuro Pertence \u00c0&#8230;jovem Guarda&#8221;<\/strong>. O disco fechou sua carreira com chave de ouro ao trazer releituras de hits de artistas da Jovem Guarda.<\/p>\n\n\n\n<p><em>Fonte: Yahoo Not\u00edcias<\/em><\/p>\n","protected":false},"excerpt":{"rendered":"<p>Morreu Erasmo Carlos\u00a0nesta ter\u00e7a-feira (22), como um dos maiores nomes da m\u00fasica nacional. Aos 81 anos idade, o cantor e compositor tamb\u00e9m conhecido como Tremend\u00e3o foi v\u00edtima de complica\u00e7\u00f5es &#8211; a causa oficial da morte ainda n\u00e3o foi divulgada. Ele estava internado em um hospital no Rio de Janeiro &#8211; a morte foi confirmada \u00e0 &hellip;<\/p>\n","protected":false},"author":2,"featured_media":45862,"comment_status":"open","ping_status":"open","sticky":false,"template":"","format":"standard","meta":{"om_disable_all_campaigns":false,"_monsterinsights_skip_tracking":false,"_monsterinsights_sitenote_active":false,"_monsterinsights_sitenote_note":"","_monsterinsights_sitenote_category":0,"footnotes":""},"categories":[34,70,69],"tags":[100,71,48,4179,93,75,4178,4180,140,5714,129,107,4181,132,230,169,3828,106,203,120,51,109,88,47,111],"class_list":["post-45851","post","type-post","status-publish","format-standard","has-post-thumbnail","hentry","category-brasil","category-destaques","category-noticias2","tag-adustina","tag-antas","tag-araci","tag-banzae-2","tag-brasil","tag-cicero-dantas","tag-cipo-2","tag-crisopolis-2","tag-educacao","tag-erasmo-carlos","tag-euclides-da-cunha","tag-fatima","tag-heliopolis-2","tag-itapicuru","tag-jeremoabo","tag-morte","tag-noticias","tag-nova-soure","tag-novo-triunfo","tag-olindina","tag-paripiranga","tag-quijingue","tag-ribeira-do-amparo","tag-ribeira-do-pombal","tag-sitio-do-quinto"],"aioseo_notices":[],"_links":{"self":[{"href":"https:\/\/www.portalalerta.com.br\/index.php\/wp-json\/wp\/v2\/posts\/45851","targetHints":{"allow":["GET"]}}],"collection":[{"href":"https:\/\/www.portalalerta.com.br\/index.php\/wp-json\/wp\/v2\/posts"}],"about":[{"href":"https:\/\/www.portalalerta.com.br\/index.php\/wp-json\/wp\/v2\/types\/post"}],"author":[{"embeddable":true,"href":"https:\/\/www.portalalerta.com.br\/index.php\/wp-json\/wp\/v2\/users\/2"}],"replies":[{"embeddable":true,"href":"https:\/\/www.portalalerta.com.br\/index.php\/wp-json\/wp\/v2\/comments?post=45851"}],"version-history":[{"count":2,"href":"https:\/\/www.portalalerta.com.br\/index.php\/wp-json\/wp\/v2\/posts\/45851\/revisions"}],"predecessor-version":[{"id":45863,"href":"https:\/\/www.portalalerta.com.br\/index.php\/wp-json\/wp\/v2\/posts\/45851\/revisions\/45863"}],"wp:featuredmedia":[{"embeddable":true,"href":"https:\/\/www.portalalerta.com.br\/index.php\/wp-json\/wp\/v2\/media\/45862"}],"wp:attachment":[{"href":"https:\/\/www.portalalerta.com.br\/index.php\/wp-json\/wp\/v2\/media?parent=45851"}],"wp:term":[{"taxonomy":"category","embeddable":true,"href":"https:\/\/www.portalalerta.com.br\/index.php\/wp-json\/wp\/v2\/categories?post=45851"},{"taxonomy":"post_tag","embeddable":true,"href":"https:\/\/www.portalalerta.com.br\/index.php\/wp-json\/wp\/v2\/tags?post=45851"}],"curies":[{"name":"wp","href":"https:\/\/api.w.org\/{rel}","templated":true}]}}