{"id":45854,"date":"2022-11-22T18:03:00","date_gmt":"2022-11-22T21:03:00","guid":{"rendered":"https:\/\/www.portalalerta.com.br\/?p=45854"},"modified":"2022-11-22T00:01:49","modified_gmt":"2022-11-22T03:01:49","slug":"mpf-pede-prisao-do-prefeito-de-jeremoabo-por-desvios-de-recursos-publicos-atraves-do-posto-de-combustiveis-da-filha","status":"publish","type":"post","link":"https:\/\/www.portalalerta.com.br\/index.php\/2022\/11\/22\/mpf-pede-prisao-do-prefeito-de-jeremoabo-por-desvios-de-recursos-publicos-atraves-do-posto-de-combustiveis-da-filha\/","title":{"rendered":"MPF pede pris\u00e3o do prefeito de Jeremoabo por desvios de recursos p\u00fablicos atrav\u00e9s do posto de combust\u00edveis da filha"},"content":{"rendered":"\n<p>O prefeito de Jeremoabo, Deri de Paloma (PP), foi denunciado pelo Minist\u00e9rio P\u00fablico Federal (MPF) por desvios de recursos p\u00fablicos atrav\u00e9s da contrata\u00e7\u00e3o do posto de combust\u00edveis da sua filha, D\u00e9borah Carvalho dos Santos, que tamb\u00e9m \u00e9 secret\u00e1ria municipal de Sa\u00fade. O Informe Baiano teve acesso aos autos, nesta segunda-feira (21\/11).<\/p>\n\n\n\n<!--more-->\n\n\n\n<p>O MPF pediu a pris\u00e3o de Deri de Paloma e a devolu\u00e7\u00e3o aos cofres p\u00fablicos de R$ 2.648.089,00 (dois milh\u00f5es, seiscentos quarenta e oito mil e oitenta e nove reais).<\/p>\n\n\n\n<div class=\"wp-block-image\"><figure class=\"alignleft size-full is-resized\"><img fetchpriority=\"high\" decoding=\"async\" src=\"https:\/\/www.portalalerta.com.br\/wp-content\/uploads\/2021\/04\/ELAB.jpg\" alt=\"\" class=\"wp-image-34795\" width=\"442\" height=\"353\" srcset=\"https:\/\/www.portalalerta.com.br\/wp-content\/uploads\/2021\/04\/ELAB.jpg 1000w, https:\/\/www.portalalerta.com.br\/wp-content\/uploads\/2021\/04\/ELAB-300x240.jpg 300w, https:\/\/www.portalalerta.com.br\/wp-content\/uploads\/2021\/04\/ELAB-768x614.jpg 768w, https:\/\/www.portalalerta.com.br\/wp-content\/uploads\/2021\/04\/ELAB-183x146.jpg 183w, https:\/\/www.portalalerta.com.br\/wp-content\/uploads\/2021\/04\/ELAB-50x40.jpg 50w, https:\/\/www.portalalerta.com.br\/wp-content\/uploads\/2021\/04\/ELAB-94x75.jpg 94w\" sizes=\"(max-width: 442px) 100vw, 442px\" \/><\/figure><\/div>\n\n\n\n<p>Conforme a den\u00fancia feita por vereadores e apurada pela Pol\u00edcia Federal, j\u00e1 que h\u00e1 recursos do Fundeb, o prefeito condicionou os abastecimentos dos ve\u00edculos da frota da prefeitura mediante o uso de tickets. Com isso os tanques dos ve\u00edculos seriam cheios no Posto Paloma, que j\u00e1 foi oficialmente da sua propriedade.<\/p>\n\n\n\n<p>Deri chegou a alegar em depoimento que o estabelecimento n\u00e3o era mais seu, mas n\u00e3o revelou que pertencia a sua filha e a sua irm\u00e3, o que foi descoberto pela PF.<\/p>\n\n\n\n<p>O processo encontra-se no Tribunal Regional Federal e o gestor de Jeremoabo pode ser condenado a at\u00e9 12 anos de pris\u00e3o e inelegibilidade de cinco anos, al\u00e9m da devolu\u00e7\u00e3o do dinheiro.<\/p>\n\n\n\n<p>Presidente da C\u00e2mara Municipal, o vereador Kak\u00e1 de Sonso classificou o caso como <strong><em>\u201clament\u00e1vel\u201d<\/em><\/strong>. Segundo o edil, pela primeira vez na hist\u00f3ria de Jeremoabo h\u00e1 <strong><em>\u201cum pedido de condena\u00e7\u00e3o em pris\u00e3o e perda do cargo por crime de desvio de recursos p\u00fablicos\u201d<\/em><\/strong>. Kak\u00e1 disse tamb\u00e9m que se trata de <strong><em>\u201calgo esdr\u00faxulo\u201d<\/em><\/strong> a <strong><em>\u201ccompra de gasolina no posto do pr\u00f3prio prefeito\u201d<\/em><\/strong>.<\/p>\n\n\n\n<p><a href=\"https:\/\/www.jeremoabo.com.br\/envios\/2022\/11\/21\/d729b20edb09deec56e6ace1b39543d09e9459e2.pdf\"><strong>CLIQUE AQUI PARA VER O DESPACHO COMPLETO<\/strong><\/a><\/p>\n\n\n\n<p><em>Fonte: Jeremoabo.com.br<\/em><\/p>\n","protected":false},"excerpt":{"rendered":"<p>O prefeito de Jeremoabo, Deri de Paloma (PP), foi denunciado pelo Minist\u00e9rio P\u00fablico Federal (MPF) por desvios de recursos p\u00fablicos atrav\u00e9s da contrata\u00e7\u00e3o do posto de combust\u00edveis da sua filha, D\u00e9borah Carvalho dos Santos, que tamb\u00e9m \u00e9 secret\u00e1ria municipal de Sa\u00fade. O Informe Baiano teve acesso aos autos, nesta segunda-feira (21\/11).<\/p>\n","protected":false},"author":2,"featured_media":45855,"comment_status":"open","ping_status":"open","sticky":false,"template":"","format":"standard","meta":{"om_disable_all_campaigns":false,"_monsterinsights_skip_tracking":false,"_monsterinsights_sitenote_active":false,"_monsterinsights_sitenote_note":"","_monsterinsights_sitenote_category":0,"footnotes":""},"categories":[70,9,69,21,32],"tags":[1210,230,352,5713,198],"class_list":["post-45854","post","type-post","status-publish","format-standard","has-post-thumbnail","hentry","category-destaques","category-jeremoabo","category-noticias2","category-politica","category-regiao","tag-deri-do-paloma","tag-jeremoabo","tag-ministerio-publico","tag-pedido-de-prisao","tag-prefeito"],"aioseo_notices":[],"_links":{"self":[{"href":"https:\/\/www.portalalerta.com.br\/index.php\/wp-json\/wp\/v2\/posts\/45854","targetHints":{"allow":["GET"]}}],"collection":[{"href":"https:\/\/www.portalalerta.com.br\/index.php\/wp-json\/wp\/v2\/posts"}],"about":[{"href":"https:\/\/www.portalalerta.com.br\/index.php\/wp-json\/wp\/v2\/types\/post"}],"author":[{"embeddable":true,"href":"https:\/\/www.portalalerta.com.br\/index.php\/wp-json\/wp\/v2\/users\/2"}],"replies":[{"embeddable":true,"href":"https:\/\/www.portalalerta.com.br\/index.php\/wp-json\/wp\/v2\/comments?post=45854"}],"version-history":[{"count":1,"href":"https:\/\/www.portalalerta.com.br\/index.php\/wp-json\/wp\/v2\/posts\/45854\/revisions"}],"predecessor-version":[{"id":45856,"href":"https:\/\/www.portalalerta.com.br\/index.php\/wp-json\/wp\/v2\/posts\/45854\/revisions\/45856"}],"wp:featuredmedia":[{"embeddable":true,"href":"https:\/\/www.portalalerta.com.br\/index.php\/wp-json\/wp\/v2\/media\/45855"}],"wp:attachment":[{"href":"https:\/\/www.portalalerta.com.br\/index.php\/wp-json\/wp\/v2\/media?parent=45854"}],"wp:term":[{"taxonomy":"category","embeddable":true,"href":"https:\/\/www.portalalerta.com.br\/index.php\/wp-json\/wp\/v2\/categories?post=45854"},{"taxonomy":"post_tag","embeddable":true,"href":"https:\/\/www.portalalerta.com.br\/index.php\/wp-json\/wp\/v2\/tags?post=45854"}],"curies":[{"name":"wp","href":"https:\/\/api.w.org\/{rel}","templated":true}]}}