{"id":45870,"date":"2022-11-23T09:01:00","date_gmt":"2022-11-23T12:01:00","guid":{"rendered":"https:\/\/www.portalalerta.com.br\/?p=45870"},"modified":"2022-11-22T22:43:52","modified_gmt":"2022-11-23T01:43:52","slug":"gabarito-oficial-do-enem-sera-divulgado-nesta-quarta-feira-diz-ministro-da-educacao","status":"publish","type":"post","link":"https:\/\/www.portalalerta.com.br\/index.php\/2022\/11\/23\/gabarito-oficial-do-enem-sera-divulgado-nesta-quarta-feira-diz-ministro-da-educacao\/","title":{"rendered":"Gabarito oficial do Enem ser\u00e1 divulgado nesta quarta-feira, diz ministro da Educa\u00e7\u00e3o"},"content":{"rendered":"\n<p>Nota final, que atribui diferentes pesos para cada quest\u00e3o e aplica um m\u00e9todo &#8220;anti-chute&#8221;<\/p>\n\n\n\n<!--more-->\n\n\n\n<p>O gabarito oficial do Exame Nacional do Ensino M\u00e9dio (Enem) 2022 ser\u00e1 divulgado \u00e0s 18h desta quarta-feira (23), conforme anunciou o ministro da Educa\u00e7\u00e3o, Victor Godoy, nesta segunda (21).<\/p>\n\n\n\n<div class=\"wp-block-image\"><figure class=\"alignleft size-full is-resized\"><img fetchpriority=\"high\" decoding=\"async\" src=\"https:\/\/www.portalalerta.com.br\/wp-content\/uploads\/2022\/03\/Cred-Real.1.jpg\" alt=\"\" class=\"wp-image-41523\" width=\"351\" height=\"281\" srcset=\"https:\/\/www.portalalerta.com.br\/wp-content\/uploads\/2022\/03\/Cred-Real.1.jpg 500w, https:\/\/www.portalalerta.com.br\/wp-content\/uploads\/2022\/03\/Cred-Real.1-300x240.jpg 300w, https:\/\/www.portalalerta.com.br\/wp-content\/uploads\/2022\/03\/Cred-Real.1-183x146.jpg 183w, https:\/\/www.portalalerta.com.br\/wp-content\/uploads\/2022\/03\/Cred-Real.1-50x40.jpg 50w, https:\/\/www.portalalerta.com.br\/wp-content\/uploads\/2022\/03\/Cred-Real.1-94x75.jpg 94w\" sizes=\"(max-width: 351px) 100vw, 351px\" \/><\/figure><\/div>\n\n\n\n<p>Embora o gabarito saia nesta semana, a nota final, que atribui diferentes pesos para cada quest\u00e3o e aplica um m\u00e9todo <strong>&#8220;anti-chute&#8221;<\/strong>, s\u00f3 ser\u00e1 conhecida no ano que vem.&nbsp;<\/p>\n\n\n\n<p>Segundo o ministro, ap\u00f3s as altas taxas de absten\u00e7\u00e3o durante a pandemia, o percentual de comparecimento ao exame voltou aos n\u00edveis hist\u00f3ricos.&nbsp;<\/p>\n\n\n\n<p><em>Fonte: Metro1<\/em><\/p>\n","protected":false},"excerpt":{"rendered":"<p>Nota final, que atribui diferentes pesos para cada quest\u00e3o e aplica um m\u00e9todo &#8220;anti-chute&#8221;<\/p>\n","protected":false},"author":2,"featured_media":45852,"comment_status":"open","ping_status":"open","sticky":false,"template":"","format":"standard","meta":{"om_disable_all_campaigns":false,"_monsterinsights_skip_tracking":false,"_monsterinsights_sitenote_active":false,"_monsterinsights_sitenote_note":"","_monsterinsights_sitenote_category":0,"footnotes":""},"categories":[34,70,20,69],"tags":[100,71,48,4179,93,75,4178,4180,140,220,129,107,976,4181,132,230,3828,106,203,120,51,109,88,47,111,190],"class_list":["post-45870","post","type-post","status-publish","format-standard","has-post-thumbnail","hentry","category-brasil","category-destaques","category-educacao","category-noticias2","tag-adustina","tag-antas","tag-araci","tag-banzae-2","tag-brasil","tag-cicero-dantas","tag-cipo-2","tag-crisopolis-2","tag-educacao","tag-enem","tag-euclides-da-cunha","tag-fatima","tag-gabarito","tag-heliopolis-2","tag-itapicuru","tag-jeremoabo","tag-noticias","tag-nova-soure","tag-novo-triunfo","tag-olindina","tag-paripiranga","tag-quijingue","tag-ribeira-do-amparo","tag-ribeira-do-pombal","tag-sitio-do-quinto","tag-tucano"],"aioseo_notices":[],"_links":{"self":[{"href":"https:\/\/www.portalalerta.com.br\/index.php\/wp-json\/wp\/v2\/posts\/45870","targetHints":{"allow":["GET"]}}],"collection":[{"href":"https:\/\/www.portalalerta.com.br\/index.php\/wp-json\/wp\/v2\/posts"}],"about":[{"href":"https:\/\/www.portalalerta.com.br\/index.php\/wp-json\/wp\/v2\/types\/post"}],"author":[{"embeddable":true,"href":"https:\/\/www.portalalerta.com.br\/index.php\/wp-json\/wp\/v2\/users\/2"}],"replies":[{"embeddable":true,"href":"https:\/\/www.portalalerta.com.br\/index.php\/wp-json\/wp\/v2\/comments?post=45870"}],"version-history":[{"count":1,"href":"https:\/\/www.portalalerta.com.br\/index.php\/wp-json\/wp\/v2\/posts\/45870\/revisions"}],"predecessor-version":[{"id":45871,"href":"https:\/\/www.portalalerta.com.br\/index.php\/wp-json\/wp\/v2\/posts\/45870\/revisions\/45871"}],"wp:featuredmedia":[{"embeddable":true,"href":"https:\/\/www.portalalerta.com.br\/index.php\/wp-json\/wp\/v2\/media\/45852"}],"wp:attachment":[{"href":"https:\/\/www.portalalerta.com.br\/index.php\/wp-json\/wp\/v2\/media?parent=45870"}],"wp:term":[{"taxonomy":"category","embeddable":true,"href":"https:\/\/www.portalalerta.com.br\/index.php\/wp-json\/wp\/v2\/categories?post=45870"},{"taxonomy":"post_tag","embeddable":true,"href":"https:\/\/www.portalalerta.com.br\/index.php\/wp-json\/wp\/v2\/tags?post=45870"}],"curies":[{"name":"wp","href":"https:\/\/api.w.org\/{rel}","templated":true}]}}