{"id":45872,"date":"2022-11-23T09:02:00","date_gmt":"2022-11-23T12:02:00","guid":{"rendered":"https:\/\/www.portalalerta.com.br\/?p=45872"},"modified":"2022-11-22T23:18:12","modified_gmt":"2022-11-23T02:18:12","slug":"menor-acusado-de-participar-de-homicidio-em-nova-soure-ba-e-apreendido-em-cumprimento-a-mandado-de-internacao","status":"publish","type":"post","link":"https:\/\/www.portalalerta.com.br\/index.php\/2022\/11\/23\/menor-acusado-de-participar-de-homicidio-em-nova-soure-ba-e-apreendido-em-cumprimento-a-mandado-de-internacao\/","title":{"rendered":"Menor acusado de participar de homic\u00eddio em Nova Soure-BA, \u00e9 apreendido em cumprimento a Mandado de Interna\u00e7\u00e3o"},"content":{"rendered":"\n<p>Na manh\u00e3 da \u00faltima segunda-feira (21), policiais civis de Nova Soure-BA cumpriram um Mandado de Interna\u00e7\u00e3o Provis\u00f3ria, em desfavor de um adolescente identificado pelas iniciais E.LD.S.S.<\/p>\n\n\n\n<!--more-->\n\n\n\n<p>De acordo com informa\u00e7\u00f5es, o adolescente teria participado de um homic\u00eddio, no \u00faltimo dia 03, no povoado Concei\u00e7\u00e3o, no referido munic\u00edpio, tendo como v\u00edtima outro adolescente, Jadielson Santos Bispo, 17 anos.<\/p>\n\n\n\n<p><strong><a href=\"https:\/\/www.portalalerta.com.br\/index.php\/2022\/11\/07\/corpo-de-adolescente-que-estava-desaparecido-e-encontrado-carbonizado-em-nova-soure-ba\/\">Na \u00e9poca, a v\u00edtima era tida como desaparecida, sendo o seu corpo encontrado na manh\u00e3 do dia 06, sob uma vegeta\u00e7\u00e3o seca, carbonizado.<\/a> <\/strong>Um dia ap\u00f3s o corpo ter sido encontrado, a pol\u00edcia chegou at\u00e9 o outro autor, <strong><a href=\"https:\/\/www.portalalerta.com.br\/index.php\/2022\/11\/09\/acusado-de-assassinar-e-carbonizar-corpo-de-adolescente-e-preso-em-nova-soure-ba\/\">um homem conhecido pelo prenome Nailson, que foi preso preventivamente.<\/a><\/strong><\/p>\n\n\n\n<p>Com a apreens\u00e3o do menor, a Pol\u00edcia Civil concluiu o Auto de Investiga\u00e7\u00e3o de Ato Infracional, o encaminhando ao Poder Judici\u00e1rio.<\/p>\n\n\n\n<p><em>Reda\u00e7\u00e3o: Portal Alerta<\/em><\/p>\n","protected":false},"excerpt":{"rendered":"<p>Na manh\u00e3 da \u00faltima segunda-feira (21), policiais civis de Nova Soure-BA cumpriram um Mandado de Interna\u00e7\u00e3o Provis\u00f3ria, em desfavor de um adolescente identificado pelas iniciais E.LD.S.S.<\/p>\n","protected":false},"author":2,"featured_media":45555,"comment_status":"open","ping_status":"open","sticky":false,"template":"","format":"standard","meta":{"om_disable_all_campaigns":false,"_monsterinsights_skip_tracking":false,"_monsterinsights_sitenote_active":false,"_monsterinsights_sitenote_note":"","_monsterinsights_sitenote_category":0,"footnotes":""},"categories":[70,69,14,32,22],"tags":[100,71,143,48,4179,75,4178,4180,129,107,4181,206,132,230,3385,3828,106,203,120,51,122,109,88,47,111],"class_list":["post-45872","post","type-post","status-publish","format-standard","has-post-thumbnail","hentry","category-destaques","category-noticias2","category-nova-soure","category-regiao","category-seguranca","tag-adustina","tag-antas","tag-apreensao","tag-araci","tag-banzae-2","tag-cicero-dantas","tag-cipo-2","tag-crisopolis-2","tag-euclides-da-cunha","tag-fatima","tag-heliopolis-2","tag-homicidio","tag-itapicuru","tag-jeremoabo","tag-menor-infrator","tag-noticias","tag-nova-soure","tag-novo-triunfo","tag-olindina","tag-paripiranga","tag-policia-civil","tag-quijingue","tag-ribeira-do-amparo","tag-ribeira-do-pombal","tag-sitio-do-quinto"],"aioseo_notices":[],"_links":{"self":[{"href":"https:\/\/www.portalalerta.com.br\/index.php\/wp-json\/wp\/v2\/posts\/45872","targetHints":{"allow":["GET"]}}],"collection":[{"href":"https:\/\/www.portalalerta.com.br\/index.php\/wp-json\/wp\/v2\/posts"}],"about":[{"href":"https:\/\/www.portalalerta.com.br\/index.php\/wp-json\/wp\/v2\/types\/post"}],"author":[{"embeddable":true,"href":"https:\/\/www.portalalerta.com.br\/index.php\/wp-json\/wp\/v2\/users\/2"}],"replies":[{"embeddable":true,"href":"https:\/\/www.portalalerta.com.br\/index.php\/wp-json\/wp\/v2\/comments?post=45872"}],"version-history":[{"count":1,"href":"https:\/\/www.portalalerta.com.br\/index.php\/wp-json\/wp\/v2\/posts\/45872\/revisions"}],"predecessor-version":[{"id":45873,"href":"https:\/\/www.portalalerta.com.br\/index.php\/wp-json\/wp\/v2\/posts\/45872\/revisions\/45873"}],"wp:featuredmedia":[{"embeddable":true,"href":"https:\/\/www.portalalerta.com.br\/index.php\/wp-json\/wp\/v2\/media\/45555"}],"wp:attachment":[{"href":"https:\/\/www.portalalerta.com.br\/index.php\/wp-json\/wp\/v2\/media?parent=45872"}],"wp:term":[{"taxonomy":"category","embeddable":true,"href":"https:\/\/www.portalalerta.com.br\/index.php\/wp-json\/wp\/v2\/categories?post=45872"},{"taxonomy":"post_tag","embeddable":true,"href":"https:\/\/www.portalalerta.com.br\/index.php\/wp-json\/wp\/v2\/tags?post=45872"}],"curies":[{"name":"wp","href":"https:\/\/api.w.org\/{rel}","templated":true}]}}