{"id":45874,"date":"2022-11-23T09:03:00","date_gmt":"2022-11-23T12:03:00","guid":{"rendered":"https:\/\/www.portalalerta.com.br\/?p=45874"},"modified":"2022-11-22T23:26:26","modified_gmt":"2022-11-23T02:26:26","slug":"coligacao-de-bolsonaro-questiona-vitoria-de-lula-no-tse-e-moraes-exige-complemento-em-24-horas","status":"publish","type":"post","link":"https:\/\/www.portalalerta.com.br\/index.php\/2022\/11\/23\/coligacao-de-bolsonaro-questiona-vitoria-de-lula-no-tse-e-moraes-exige-complemento-em-24-horas\/","title":{"rendered":"Coliga\u00e7\u00e3o de Bolsonaro questiona vit\u00f3ria de Lula no TSE e Moraes exige complemento em 24 horas"},"content":{"rendered":"\n<p>A coliga\u00e7\u00e3o do presidente Jair Bolsonaro (PL) ingressou com uma representa\u00e7\u00e3o no Tribunal Superior Eleitoral (TSE) pedindo uma verifica\u00e7\u00e3o extraordin\u00e1ria dos resultados da elei\u00e7\u00e3o de 2022, alegando que o suposto mau funcionamento de alguns modelos de urnas eletr\u00f4nicas no segundo turno deram equivocadamente a vit\u00f3ria a Luiz In\u00e1cio Lula da Silva (PT).<\/p>\n\n\n\n<!--more-->\n\n\n\n<p>Em resposta imediata \u00e0 peti\u00e7\u00e3o, o presidente do TSE, Alexandre de Moraes, determinou que a coliga\u00e7\u00e3o do presidente fa\u00e7a um aditamento ao pedido inicial para que abranja tamb\u00e9m o resultado do primeiro turno, ao destacar que as mesmas urnas eletr\u00f4nicas foram usadas. Se n\u00e3o fizer isso em 24 horas, o pedido bolsonarista poder\u00e1 ser arquivado.<\/p>\n\n\n\n<div class=\"wp-block-image\"><figure class=\"alignleft size-full is-resized\"><img fetchpriority=\"high\" decoding=\"async\" src=\"https:\/\/www.portalalerta.com.br\/wp-content\/uploads\/2021\/04\/ELAB.jpg\" alt=\"\" class=\"wp-image-34795\" width=\"404\" height=\"322\" srcset=\"https:\/\/www.portalalerta.com.br\/wp-content\/uploads\/2021\/04\/ELAB.jpg 1000w, https:\/\/www.portalalerta.com.br\/wp-content\/uploads\/2021\/04\/ELAB-300x240.jpg 300w, https:\/\/www.portalalerta.com.br\/wp-content\/uploads\/2021\/04\/ELAB-768x614.jpg 768w, https:\/\/www.portalalerta.com.br\/wp-content\/uploads\/2021\/04\/ELAB-183x146.jpg 183w, https:\/\/www.portalalerta.com.br\/wp-content\/uploads\/2021\/04\/ELAB-50x40.jpg 50w, https:\/\/www.portalalerta.com.br\/wp-content\/uploads\/2021\/04\/ELAB-94x75.jpg 94w\" sizes=\"(max-width: 404px) 100vw, 404px\" \/><\/figure><\/div>\n\n\n\n<p>A pronta rea\u00e7\u00e3o de Moraes, que constrange os partidos aliados ao presidente ao questionar tamb\u00e9m os resultados das elei\u00e7\u00f5es do primeiro turno, e portanto, para o Legislativo, \u00e9 um sinal de que n\u00e3o deve ser f\u00e1cil o caminho da representa\u00e7\u00e3o da coliga\u00e7\u00e3o de Bolsonaro no TSE, a quem cabe decidir se considera v\u00e1lido levar adiante ou n\u00e3o contesta\u00e7\u00f5es de resultados eleitorais.<\/p>\n\n\n\n<p>O atual presidente jamais reconheceu formalmente a derrota para Lula, embora tenha autorizado a transi\u00e7\u00e3o de governo. Recluso no Planalto, o mandat\u00e1rio assiste a protestos pequenos, mas resilientes, de apoiadores que pedem um golpe militar para impedir a posse de Lula em janeiro e podem se ver estimulados pelo questionamento formal no TSE.<\/p>\n\n\n\n<p><strong>MODELOS DE URNAS<\/strong><\/p>\n\n\n\n<p>De acordo com a representa\u00e7\u00e3o da coliga\u00e7\u00e3o do presidente derrotado, modelos anteriores ao do ano 2020 das urnas eletr\u00f4nicas teriam apresentado um problema no funcionamento no chamado arquivos de log de sistemas.<\/p>\n\n\n\n<p>Nas urnas que n\u00e3o est\u00e3o sob questionamento, que representariam um universo de 40,82% do total, o resultado apontaria uma vit\u00f3ria de Bolsonaro com 51,05% dos votos v\u00e1lidos, enquanto Lula teria 48,95%. O resultado oficial da elei\u00e7\u00e3o mostrou o petista com 50,90% dos votos v\u00e1lidos contra 49,10% do atual presidente.<\/p>\n\n\n\n<p>Foram utilizadas 472 mil urnas no segundo turno, das quais 192 mil do modelo mais recente e quase 280 mil de modelos de anos anteriores, entre 2009 e 2015.<\/p>\n\n\n\n<p>A chapa de Bolsonaro defende a cria\u00e7\u00e3o de uma comiss\u00e3o t\u00e9cnica independente de verifica\u00e7\u00e3o, formado por profissionais especializados, que n\u00e3o sejam vinculados a partido pol\u00edtico e \u00e0 Justi\u00e7a Eleitoral. Defende ainda a anula\u00e7\u00e3o dos votos apenas das urnas questionadas.<\/p>\n\n\n\n<p><strong><em>&#8220;Ao final, que sejam invalidados os votos decorrentes das urnas em que comprovadas as desconformidades irrepar\u00e1veis de mau funcionamento (modelos UE2009, UE2010, UE2011, UE2013 e UE2015), sendo determinadas as consequ\u00eancias pr\u00e1ticas e jur\u00eddicas devidas com rela\u00e7\u00e3o ao resultado do Segundo Turno das Elei\u00e7\u00f5es de 2022&#8221;<\/em><\/strong>, disse a representa\u00e7\u00e3o, em 33 p\u00e1ginas.<\/p>\n\n\n\n<p>O respons\u00e1vel pela auditoria, o engenheiro Carlos Rocha, tamb\u00e9m disse que o caso envolvendo as urnas eletr\u00f4nicas anteriores de 2020 &#8211;que seriam cinco modelos&#8211; representam um &#8220;ind\u00edcio muito forte&#8221; de que h\u00e1 problema nas urnas. Ele ainda apontou que teria havido uma ocorr\u00eancia que poderia levar \u00e0 viola\u00e7\u00e3o do sigilo do voto no caso de urnas que foram desligadas e religadas, supostamente expondo informa\u00e7\u00f5es dos votantes.<\/p>\n\n\n\n<p>O advogado da chapa, Marcelo Bessa, afirmou que as inconsist\u00eancias n\u00e3o permitem atestar o resultado ou que as urnas n\u00e3o registraram o resultado eleitoral.<\/p>\n\n\n\n<p><strong><em>&#8220;Isso n\u00e3o quer dizer que ocorreu uma fraude, mas \u00e9 uma possibilidade, n\u00e3o se tem certeza que aquelas urnas tenham credibilidade suficiente para atestar aquela vota\u00e7\u00e3o&#8221;<\/em><\/strong>, disse.<\/p>\n\n\n\n<p>Para Giuseppe Janino, matem\u00e1tico, consultor em elei\u00e7\u00f5es digitais e um dos criadores da urna eletr\u00f4nica brasileira, o arquivo de log, apontado como problema pela auditoria do PL, <strong><em>&#8220;n\u00e3o tem nada a ver com o n\u00facleo do ecossistema da urna eletr\u00f4nica&#8221;<\/em><\/strong>.<\/p>\n\n\n\n<p><strong><em>&#8220;Ele n\u00e3o interfere absolutamente em nada no que diz respeito ao recebimento do voto, ao registro do voto ou \u00e0 apura\u00e7\u00e3o dos resultados&#8221;<\/em><\/strong>, disse Janino \u00e0 Reuters.<\/p>\n\n\n\n<p><strong>EQUILIBRISTA<\/strong><\/p>\n\n\n\n<p>Em pronunciamento ap\u00f3s a divulga\u00e7\u00e3o da representa\u00e7\u00e3o, o presidente do PL, Valdemar Costa Neto, fez quest\u00e3o de ressaltar que o relat\u00f3rio n\u00e3o expressa a opini\u00e3o da legenda &#8211;dona das maiores bancadas da C\u00e2mara e no Senado, eleitas na esteira do bolsonarismo.<\/p>\n\n\n\n<p>Valdemar defendeu que o trabalho contratado pelo partido deve ser analisado para assegurar a integridade do processo eleitoral.<\/p>\n\n\n\n<p>Segundo uma fonte do PL, o presidente do partido est\u00e1 agindo dentro do poss\u00edvel para se equilibrar diante da press\u00e3o da ala bolsonarista da legenda. Pelos c\u00e1lculos, cerca de 40 dos 99 deputados federais eleitos pelo PL se perfilam com Bolsonaro.<\/p>\n\n\n\n<p>Esse grupo, conforme a fonte, \u00e9 muito barulhento, ativo, mas falta saber como funciona o mundo pol\u00edtico, a maioria deles vai para o primeiro mandato. Valdemar \u00e9 um dos caciques partid\u00e1rios mais longevos em atividade, sobrevivente de esc\u00e2ndalos pol\u00edticos como o mensal\u00e3o.<\/p>\n\n\n\n<p>Bolsonaro fez diversos ataques \u00e0s urnas eletr\u00f4nicas durante a campanha, apesar de especialistas e de o TSE terem demonstrado que as urnas s\u00e3o seguras. Ele n\u00e3o participou da coletiva e est\u00e1 silente desde a derrota.<\/p>\n\n\n\n<p>Desde a implanta\u00e7\u00e3o das urnas eletr\u00f4nicas, em 1996, nunca houve registro de fraude nas elei\u00e7\u00f5es.<\/p>\n\n\n\n<p>A reivindica\u00e7\u00e3o de Bolsonaro provavelmente n\u00e3o ir\u00e1 longe, j\u00e1 que a vit\u00f3ria de Lula foi ratificada pelo TSE e reconhecida pelos principais pol\u00edticos do Brasil e aliados internacionais, incluindo os Estados Unidos.<\/p>\n\n\n\n<p><em>Fonte: Yahoo Not\u00edcias<\/em><\/p>\n","protected":false},"excerpt":{"rendered":"<p>A coliga\u00e7\u00e3o do presidente Jair Bolsonaro (PL) ingressou com uma representa\u00e7\u00e3o no Tribunal Superior Eleitoral (TSE) pedindo uma verifica\u00e7\u00e3o extraordin\u00e1ria dos resultados da elei\u00e7\u00e3o de 2022, alegando que o suposto mau funcionamento de alguns modelos de urnas eletr\u00f4nicas no segundo turno deram equivocadamente a vit\u00f3ria a Luiz In\u00e1cio Lula da Silva (PT).<\/p>\n","protected":false},"author":2,"featured_media":44870,"comment_status":"open","ping_status":"open","sticky":false,"template":"","format":"standard","meta":{"om_disable_all_campaigns":false,"_monsterinsights_skip_tracking":false,"_monsterinsights_sitenote_active":false,"_monsterinsights_sitenote_note":"","_monsterinsights_sitenote_category":0,"footnotes":""},"categories":[34,70,69,21],"tags":[100,71,48,4179,93,75,4178,4180,3181,129,107,4181,132,230,3828,106,203,120,51,3391,199,109,88,47,111,549,190,4721,5065],"class_list":["post-45874","post","type-post","status-publish","format-standard","has-post-thumbnail","hentry","category-brasil","category-destaques","category-noticias2","category-politica","tag-adustina","tag-antas","tag-araci","tag-banzae-2","tag-brasil","tag-cicero-dantas","tag-cipo-2","tag-crisopolis-2","tag-eleicoes-2022","tag-euclides-da-cunha","tag-fatima","tag-heliopolis-2","tag-itapicuru","tag-jeremoabo","tag-noticias","tag-nova-soure","tag-novo-triunfo","tag-olindina","tag-paripiranga","tag-pl","tag-politica","tag-quijingue","tag-ribeira-do-amparo","tag-ribeira-do-pombal","tag-sitio-do-quinto","tag-tse","tag-tucano","tag-urnas-eletronicas","tag-valdemar-costa-neto"],"aioseo_notices":[],"_links":{"self":[{"href":"https:\/\/www.portalalerta.com.br\/index.php\/wp-json\/wp\/v2\/posts\/45874","targetHints":{"allow":["GET"]}}],"collection":[{"href":"https:\/\/www.portalalerta.com.br\/index.php\/wp-json\/wp\/v2\/posts"}],"about":[{"href":"https:\/\/www.portalalerta.com.br\/index.php\/wp-json\/wp\/v2\/types\/post"}],"author":[{"embeddable":true,"href":"https:\/\/www.portalalerta.com.br\/index.php\/wp-json\/wp\/v2\/users\/2"}],"replies":[{"embeddable":true,"href":"https:\/\/www.portalalerta.com.br\/index.php\/wp-json\/wp\/v2\/comments?post=45874"}],"version-history":[{"count":1,"href":"https:\/\/www.portalalerta.com.br\/index.php\/wp-json\/wp\/v2\/posts\/45874\/revisions"}],"predecessor-version":[{"id":45875,"href":"https:\/\/www.portalalerta.com.br\/index.php\/wp-json\/wp\/v2\/posts\/45874\/revisions\/45875"}],"wp:featuredmedia":[{"embeddable":true,"href":"https:\/\/www.portalalerta.com.br\/index.php\/wp-json\/wp\/v2\/media\/44870"}],"wp:attachment":[{"href":"https:\/\/www.portalalerta.com.br\/index.php\/wp-json\/wp\/v2\/media?parent=45874"}],"wp:term":[{"taxonomy":"category","embeddable":true,"href":"https:\/\/www.portalalerta.com.br\/index.php\/wp-json\/wp\/v2\/categories?post=45874"},{"taxonomy":"post_tag","embeddable":true,"href":"https:\/\/www.portalalerta.com.br\/index.php\/wp-json\/wp\/v2\/tags?post=45874"}],"curies":[{"name":"wp","href":"https:\/\/api.w.org\/{rel}","templated":true}]}}