{"id":45876,"date":"2022-11-23T16:00:00","date_gmt":"2022-11-23T19:00:00","guid":{"rendered":"https:\/\/www.portalalerta.com.br\/?p=45876"},"modified":"2022-11-22T23:38:52","modified_gmt":"2022-11-23T02:38:52","slug":"ministro-do-tcu-tira-licenca-apos-audio-com-teor-golpista","status":"publish","type":"post","link":"https:\/\/www.portalalerta.com.br\/index.php\/2022\/11\/23\/ministro-do-tcu-tira-licenca-apos-audio-com-teor-golpista\/","title":{"rendered":"Ministro do TCU tira licen\u00e7a ap\u00f3s \u00e1udio com teor golpista"},"content":{"rendered":"\n<p>O ministro Augusto Nardes, do TCU (Tribunal de Contas da Uni\u00e3o), pegou um per\u00edodo de licen\u00e7a m\u00e9dica, um dia depois da\u00a0divulga\u00e7\u00e3o de um \u00e1udio dele com teor golpista. A informa\u00e7\u00e3o \u00e9 do portal UOL.<\/p>\n\n\n\n<!--more-->\n\n\n\n<p>Em mensagem de voz enviada a amigos, Nardes afirma que \u201cest\u00e1 acontecendo um movimento muito forte nas casernas brasileiras\u201d \u2013 alojamentos onde ficam os soldados \u2013 e que <strong><em>&#8220;\u00e9 quest\u00e3o de horas, dias, no m\u00e1ximo, uma semana, duas, talvez menos do que isso&#8221;<\/em><\/strong>, para um <strong><em>&#8220;desenlace bastante forte na na\u00e7\u00e3o, [de consequ\u00eancias] imprevis\u00edveis, imprevis\u00edveis&#8221;<\/em><\/strong>.<\/p>\n\n\n\n<div class=\"wp-block-image\"><figure class=\"aligncenter size-full\"><img fetchpriority=\"high\" decoding=\"async\" width=\"720\" height=\"181\" src=\"https:\/\/www.portalalerta.com.br\/wp-content\/uploads\/2018\/02\/Auto-Escola-Nobre.jpg\" alt=\"\" class=\"wp-image-4869\" srcset=\"https:\/\/www.portalalerta.com.br\/wp-content\/uploads\/2018\/02\/Auto-Escola-Nobre.jpg 720w, https:\/\/www.portalalerta.com.br\/wp-content\/uploads\/2018\/02\/Auto-Escola-Nobre-260x65.jpg 260w, https:\/\/www.portalalerta.com.br\/wp-content\/uploads\/2018\/02\/Auto-Escola-Nobre-50x13.jpg 50w, https:\/\/www.portalalerta.com.br\/wp-content\/uploads\/2018\/02\/Auto-Escola-Nobre-150x38.jpg 150w\" sizes=\"(max-width: 720px) 100vw, 720px\" \/><\/figure><\/div>\n\n\n\n<p>Conforme divulgado pela coluna de M\u00f4nica Bergamo, do jornal Folha de S. Paulo, Nardes afirma aos colegas que n\u00e3o pode falar muito, mas que <strong><em>\u201cconhece todos os l\u00edderes\u201d<\/em><\/strong> do suposto movimento.<\/p>\n\n\n\n<p>Ele ainda destaca que Jair Bolsonaro (PL) n\u00e3o est\u00e1 bem de sa\u00fade no momento, mas que em breve <strong><em>\u201cter\u00e1 condi\u00e7\u00f5es de enfrentar o que vai acontecer no pa\u00eds\u201d<\/em><\/strong>.<\/p>\n\n\n\n<p>Depois disso, por meio de nota, o ministro disse que <strong><em>\u201clamenta profundamente a interpreta\u00e7\u00e3o que foi dada sobre um \u00e1udio despretensioso gravado apressadamente e dirigido a um grupo de amigos&#8221;<\/em><\/strong>.<\/p>\n\n\n\n<p><em>Fonte: Yahoo Not\u00edcias<\/em><\/p>\n","protected":false},"excerpt":{"rendered":"<p>O ministro Augusto Nardes, do TCU (Tribunal de Contas da Uni\u00e3o), pegou um per\u00edodo de licen\u00e7a m\u00e9dica, um dia depois da\u00a0divulga\u00e7\u00e3o de um \u00e1udio dele com teor golpista. A informa\u00e7\u00e3o \u00e9 do portal UOL.<\/p>\n","protected":false},"author":2,"featured_media":45877,"comment_status":"open","ping_status":"open","sticky":false,"template":"","format":"standard","meta":{"om_disable_all_campaigns":false,"_monsterinsights_skip_tracking":false,"_monsterinsights_sitenote_active":false,"_monsterinsights_sitenote_note":"","_monsterinsights_sitenote_category":0,"footnotes":""},"categories":[34,70,69,21],"tags":[100,71,48,5711,4179,93,75,4178,4180,129,107,839,4181,132,230,2918,3828,106,203,120,51,109,88,47,111,1317,190],"class_list":["post-45876","post","type-post","status-publish","format-standard","has-post-thumbnail","hentry","category-brasil","category-destaques","category-noticias2","category-politica","tag-adustina","tag-antas","tag-araci","tag-augusto-nardes","tag-banzae-2","tag-brasil","tag-cicero-dantas","tag-cipo-2","tag-crisopolis-2","tag-euclides-da-cunha","tag-fatima","tag-golpe","tag-heliopolis-2","tag-itapicuru","tag-jeremoabo","tag-licenca","tag-noticias","tag-nova-soure","tag-novo-triunfo","tag-olindina","tag-paripiranga","tag-quijingue","tag-ribeira-do-amparo","tag-ribeira-do-pombal","tag-sitio-do-quinto","tag-tcu","tag-tucano"],"aioseo_notices":[],"_links":{"self":[{"href":"https:\/\/www.portalalerta.com.br\/index.php\/wp-json\/wp\/v2\/posts\/45876","targetHints":{"allow":["GET"]}}],"collection":[{"href":"https:\/\/www.portalalerta.com.br\/index.php\/wp-json\/wp\/v2\/posts"}],"about":[{"href":"https:\/\/www.portalalerta.com.br\/index.php\/wp-json\/wp\/v2\/types\/post"}],"author":[{"embeddable":true,"href":"https:\/\/www.portalalerta.com.br\/index.php\/wp-json\/wp\/v2\/users\/2"}],"replies":[{"embeddable":true,"href":"https:\/\/www.portalalerta.com.br\/index.php\/wp-json\/wp\/v2\/comments?post=45876"}],"version-history":[{"count":1,"href":"https:\/\/www.portalalerta.com.br\/index.php\/wp-json\/wp\/v2\/posts\/45876\/revisions"}],"predecessor-version":[{"id":45878,"href":"https:\/\/www.portalalerta.com.br\/index.php\/wp-json\/wp\/v2\/posts\/45876\/revisions\/45878"}],"wp:featuredmedia":[{"embeddable":true,"href":"https:\/\/www.portalalerta.com.br\/index.php\/wp-json\/wp\/v2\/media\/45877"}],"wp:attachment":[{"href":"https:\/\/www.portalalerta.com.br\/index.php\/wp-json\/wp\/v2\/media?parent=45876"}],"wp:term":[{"taxonomy":"category","embeddable":true,"href":"https:\/\/www.portalalerta.com.br\/index.php\/wp-json\/wp\/v2\/categories?post=45876"},{"taxonomy":"post_tag","embeddable":true,"href":"https:\/\/www.portalalerta.com.br\/index.php\/wp-json\/wp\/v2\/tags?post=45876"}],"curies":[{"name":"wp","href":"https:\/\/api.w.org\/{rel}","templated":true}]}}