{"id":45879,"date":"2022-11-23T16:01:00","date_gmt":"2022-11-23T19:01:00","guid":{"rendered":"https:\/\/www.portalalerta.com.br\/?p=45879"},"modified":"2022-11-22T23:48:00","modified_gmt":"2022-11-23T02:48:00","slug":"ribeira-do-pombal-ba-inicia-vacinacao-de-criancas-menores-de-3-anos","status":"publish","type":"post","link":"https:\/\/www.portalalerta.com.br\/index.php\/2022\/11\/23\/ribeira-do-pombal-ba-inicia-vacinacao-de-criancas-menores-de-3-anos\/","title":{"rendered":"Ribeira do Pombal-BA inicia vacina\u00e7\u00e3o de crian\u00e7as menores de 3 anos"},"content":{"rendered":"\n<p>Desde a \u00faltima ter\u00e7a-feira (22), a Prefeitura de Ribeira do Pombal-BA iniciou vacina\u00e7\u00e3o para crian\u00e7as de zero a tr\u00eas anos, mas com um detalhe: <strong>por enquanto a vacina \u00e9 destinada \u00e0 crian\u00e7as que possuem alguma comorbidade, como por exemplo; diabetes, pneumonia grave, hipertens\u00e3o, doen\u00e7as card\u00edacas, doen\u00e7as neurol\u00f3gicas cr\u00f4nicas, imunossuprimidas, c\u00e2ncer, HIV, transplantadas, Hemoglobinopatias graves, obesidade m\u00f3rbida e S\u00edndrome de Down<\/strong>.<\/p>\n\n\n\n<!--more-->\n\n\n\n<div class=\"wp-block-image\"><figure class=\"alignleft size-full is-resized\"><img fetchpriority=\"high\" decoding=\"async\" src=\"https:\/\/www.portalalerta.com.br\/wp-content\/uploads\/2022\/03\/Cred-Real.1.jpg\" alt=\"\" class=\"wp-image-41523\" width=\"401\" height=\"321\" srcset=\"https:\/\/www.portalalerta.com.br\/wp-content\/uploads\/2022\/03\/Cred-Real.1.jpg 500w, https:\/\/www.portalalerta.com.br\/wp-content\/uploads\/2022\/03\/Cred-Real.1-300x240.jpg 300w, https:\/\/www.portalalerta.com.br\/wp-content\/uploads\/2022\/03\/Cred-Real.1-183x146.jpg 183w, https:\/\/www.portalalerta.com.br\/wp-content\/uploads\/2022\/03\/Cred-Real.1-50x40.jpg 50w, https:\/\/www.portalalerta.com.br\/wp-content\/uploads\/2022\/03\/Cred-Real.1-94x75.jpg 94w\" sizes=\"(max-width: 401px) 100vw, 401px\" \/><\/figure><\/div>\n\n\n\n<p>Essa exig\u00eancia sobre comorbidade \u00e9 orienta\u00e7\u00e3o da autoridade estadual de sa\u00fade devido a quantidade de doses disponibilizada para os munic\u00edpios que ainda \u00e9 insuficiente para todo o p\u00fablico, mas se espera que logo seja poss\u00edvel obter a quantidade de doses ideal. Com isso, a Secretaria de Sa\u00fade est\u00e1 disponibilizando vacina\u00e7\u00e3o no Centro de Sa\u00fade e nas Unidades em cada localidade nas comunidades da sede e do interior do munic\u00edpio.<\/p>\n\n\n\n<p>A vacina que est\u00e1 sendo aplicada \u00e9 uma vers\u00e3o da Pfizer espec\u00edfica para a idade de 0 a 3 anos e ser\u00e1 preciso tr\u00eas doses para completar o esquema vacinal. Quanto \u00e0s rea\u00e7\u00f5es elas ainda existem, por\u00e9m de forma leve e com dura\u00e7\u00e3o de pouco tempo. A Secretaria de Sa\u00fade alerta pra o fato de que a Pandemia da COVID 19 ainda n\u00e3o acabou por isso \u00e9 preciso ficar atentos \u00e0s orienta\u00e7\u00f5es m\u00e9dicas e diante de qualquer suspeita, buscar realizar o teste no Posto de Sa\u00fade.<\/p>\n\n\n\n<p><em>Fonte: SECOM\/ Ribeira do Pombal &nbsp;<\/em><\/p>\n","protected":false},"excerpt":{"rendered":"<p>Desde a \u00faltima ter\u00e7a-feira (22), a Prefeitura de Ribeira do Pombal-BA iniciou vacina\u00e7\u00e3o para crian\u00e7as de zero a tr\u00eas anos, mas com um detalhe: por enquanto a vacina \u00e9 destinada \u00e0 crian\u00e7as que possuem alguma comorbidade, como por exemplo; diabetes, pneumonia grave, hipertens\u00e3o, doen\u00e7as card\u00edacas, doen\u00e7as neurol\u00f3gicas cr\u00f4nicas, imunossuprimidas, c\u00e2ncer, HIV, transplantadas, Hemoglobinopatias graves, obesidade &hellip;<\/p>\n","protected":false},"author":2,"featured_media":45880,"comment_status":"open","ping_status":"open","sticky":false,"template":"","format":"standard","meta":{"om_disable_all_campaigns":false,"_monsterinsights_skip_tracking":false,"_monsterinsights_sitenote_active":false,"_monsterinsights_sitenote_note":"","_monsterinsights_sitenote_category":0,"footnotes":""},"categories":[70,69,32,3,19],"tags":[100,71,48,4179,75,4178,3429,3486,546,4180,129,107,4181,132,230,3828,106,203,120,51,109,88,47,111,190,371],"class_list":["post-45879","post","type-post","status-publish","format-standard","has-post-thumbnail","hentry","category-destaques","category-noticias2","category-regiao","category-ribeira-do-pombal","category-saude","tag-adustina","tag-antas","tag-araci","tag-banzae-2","tag-cicero-dantas","tag-cipo-2","tag-coronavirus","tag-covid-19","tag-crianca","tag-crisopolis-2","tag-euclides-da-cunha","tag-fatima","tag-heliopolis-2","tag-itapicuru","tag-jeremoabo","tag-noticias","tag-nova-soure","tag-novo-triunfo","tag-olindina","tag-paripiranga","tag-quijingue","tag-ribeira-do-amparo","tag-ribeira-do-pombal","tag-sitio-do-quinto","tag-tucano","tag-vacinacao"],"aioseo_notices":[],"_links":{"self":[{"href":"https:\/\/www.portalalerta.com.br\/index.php\/wp-json\/wp\/v2\/posts\/45879","targetHints":{"allow":["GET"]}}],"collection":[{"href":"https:\/\/www.portalalerta.com.br\/index.php\/wp-json\/wp\/v2\/posts"}],"about":[{"href":"https:\/\/www.portalalerta.com.br\/index.php\/wp-json\/wp\/v2\/types\/post"}],"author":[{"embeddable":true,"href":"https:\/\/www.portalalerta.com.br\/index.php\/wp-json\/wp\/v2\/users\/2"}],"replies":[{"embeddable":true,"href":"https:\/\/www.portalalerta.com.br\/index.php\/wp-json\/wp\/v2\/comments?post=45879"}],"version-history":[{"count":1,"href":"https:\/\/www.portalalerta.com.br\/index.php\/wp-json\/wp\/v2\/posts\/45879\/revisions"}],"predecessor-version":[{"id":45881,"href":"https:\/\/www.portalalerta.com.br\/index.php\/wp-json\/wp\/v2\/posts\/45879\/revisions\/45881"}],"wp:featuredmedia":[{"embeddable":true,"href":"https:\/\/www.portalalerta.com.br\/index.php\/wp-json\/wp\/v2\/media\/45880"}],"wp:attachment":[{"href":"https:\/\/www.portalalerta.com.br\/index.php\/wp-json\/wp\/v2\/media?parent=45879"}],"wp:term":[{"taxonomy":"category","embeddable":true,"href":"https:\/\/www.portalalerta.com.br\/index.php\/wp-json\/wp\/v2\/categories?post=45879"},{"taxonomy":"post_tag","embeddable":true,"href":"https:\/\/www.portalalerta.com.br\/index.php\/wp-json\/wp\/v2\/tags?post=45879"}],"curies":[{"name":"wp","href":"https:\/\/api.w.org\/{rel}","templated":true}]}}