{"id":45882,"date":"2022-11-23T16:02:00","date_gmt":"2022-11-23T19:02:00","guid":{"rendered":"https:\/\/www.portalalerta.com.br\/?p=45882"},"modified":"2022-11-23T20:45:48","modified_gmt":"2022-11-23T23:45:48","slug":"confira-como-foram-os-jogos-da-copa-do-mundo-2022-desta-quarta-feira","status":"publish","type":"post","link":"https:\/\/www.portalalerta.com.br\/index.php\/2022\/11\/23\/confira-como-foram-os-jogos-da-copa-do-mundo-2022-desta-quarta-feira\/","title":{"rendered":"Zebra Japonesa e Goleada da Espanha. Confira como foram os jogos da Copa do Mundo nesta quarta-feira (23)"},"content":{"rendered":"\n<p><strong>Marrocos e Cro\u00e1cia<\/strong>&nbsp;se enfrentaram em jogo v\u00e1lido pelo Grupo F da&nbsp;Copa do Mundo do Catar.&nbsp;Numa partida burocr\u00e1tica, a vice-campe\u00e3 mundial ficou no empate sem gols com o time marroquino. \u00c9 a terceira vez que o placar se repete nesta fase do torneio de 2022. O duelo desta quarta-feira (23) ocorreu no Est\u00e1dio Al Bayt, no <\/p>\n\n\n\n<!--more-->\n\n\n\n<h2 class=\"wp-block-heading\"><strong>PR\u00d3XIMOS JOGOS<\/strong><br><\/h2>\n\n\n\n<p>Com o resultado, a Cro\u00e1cia segue em primeiro e a equipe marroquina vem logo em seguida, tamb\u00e9m com um ponto. O pr\u00f3ximo duelo do time croata ser\u00e1 diante do Canad\u00e1, no domingo (27), \u00e0s 13h (de Bras\u00edlia). J\u00e1 o grupo marroquino encara a B\u00e9lgica, no mesmo dia, \u00e0s 10h (de Bras\u00edlia).<\/p>\n\n\n\n<h2 class=\"wp-block-heading\"><strong>RESUMO DO JOGO<\/strong><\/h2>\n\n\n\n<p>&nbsp;<br>Marrocos e Cro\u00e1cia fizeram um primeiro tempo amarrado. As equipes se movimentaram bem no meio do campo, em defesa e ataque, respectivamente, mas erraram bastante nas finaliza\u00e7\u00f5es. Os lances mais perigosos vieram da atual vice-campe\u00e3 do mundo, com Vlasic e Modric, que chutaram forte de longe, mas erraram o alvo.&nbsp;<\/p>\n\n\n\n<div class=\"wp-block-image\"><figure class=\"alignleft size-large is-resized\"><img fetchpriority=\"high\" decoding=\"async\" src=\"https:\/\/www.portalalerta.com.br\/wp-content\/uploads\/2022\/11\/Novembro-Azul-Elab-2022-1024x750.jpeg\" alt=\"\" class=\"wp-image-45666\" width=\"360\" height=\"263\" srcset=\"https:\/\/www.portalalerta.com.br\/wp-content\/uploads\/2022\/11\/Novembro-Azul-Elab-2022-1024x750.jpeg 1024w, https:\/\/www.portalalerta.com.br\/wp-content\/uploads\/2022\/11\/Novembro-Azul-Elab-2022-328x240.jpeg 328w, https:\/\/www.portalalerta.com.br\/wp-content\/uploads\/2022\/11\/Novembro-Azul-Elab-2022-768x562.jpeg 768w, https:\/\/www.portalalerta.com.br\/wp-content\/uploads\/2022\/11\/Novembro-Azul-Elab-2022.jpeg 1080w\" sizes=\"(max-width: 360px) 100vw, 360px\" \/><\/figure><\/div>\n\n\n\n<p>Marrocos apostou na marca\u00e7\u00e3o do meio para tr\u00e1s, dificultando a chegada da bola para os atacantes croatas. Mesmo com alguma liberdade na frente, o time croata n\u00e3o conseguiu aproveitar as poucas chances criadas.&nbsp;<br>&nbsp;<br>Hakimi e En-Nesyri tentaram avan\u00e7ar pelas laterais e ensaiaram algum perigo, inclusive com bola parada. A defesa advers\u00e1ria se manteve firme. Nos minutos finais, Vlasic e Modric tiveram duas boas chances, mas a bola foi por cima da trave. Assim, jogo foi para o intervalo em 0 a 0.<br>&nbsp;<br>No 2\u00ba tempo, as equipes voltaram num ritmo mais acelerado, mas pecando na finaliza\u00e7\u00e3o. O time croata trabalhou bem no meio do campo mas seguiu ineficiente no \u00faltimo ter\u00e7o do campo. A falha se repetiu com Marrocos, que apostou nos contra-ataques com velocidade, mas n\u00e3o se achou no ataque. O time marroquino manteve boa postura defensiva e aumentou a marca\u00e7\u00e3o. Assim o duelo terminou no empate sem gols.&nbsp;<\/p>\n\n\n\n<p><strong>Jap\u00e3o surpreende e derrota Alemanha de virada em estreia na Copa<\/strong><\/p>\n\n\n\n<p>O&nbsp;Jap\u00e3o&nbsp;surpreendeu em sua estreia na&nbsp;Copa do Mundo do Catar&nbsp;e derrotou a&nbsp;Alemanha&nbsp;de virada, por 2 a 1, nesta quarta-feira (23).<\/p>\n\n\n\n<div class=\"wp-block-image\"><figure class=\"aligncenter size-full\"><img decoding=\"async\" width=\"876\" height=\"484\" src=\"https:\/\/www.portalalerta.com.br\/wp-content\/uploads\/2022\/11\/Alemanha-e-Japao-2022.jpg\" alt=\"\" class=\"wp-image-45896\" srcset=\"https:\/\/www.portalalerta.com.br\/wp-content\/uploads\/2022\/11\/Alemanha-e-Japao-2022.jpg 876w, https:\/\/www.portalalerta.com.br\/wp-content\/uploads\/2022\/11\/Alemanha-e-Japao-2022-434x240.jpg 434w, https:\/\/www.portalalerta.com.br\/wp-content\/uploads\/2022\/11\/Alemanha-e-Japao-2022-768x424.jpg 768w\" sizes=\"(max-width: 876px) 100vw, 876px\" \/><\/figure><\/div>\n\n\n\n<p>A sele\u00e7\u00e3o alem\u00e3 come\u00e7ou a partida pressionando o Jap\u00e3o e chegou a ter 78% da posse de bola. Por\u00e9m, a equipe comandada pelo t\u00e9cnico Hansi-Flick sofreu o primeiro susto aos sete minutos, quando o atacante japon\u00eas Maeda aproveitou cruzamento e balan\u00e7ou as redes. A arbitragem assinalou impedimento no lance.<\/p>\n\n\n\n<p>A Alemanha seguiu no ataque em busca do primeiro gol. Aos 16 minutos, a cabe\u00e7ada do zagueiro Rudiger passou perto da trave japonesa.<\/p>\n\n\n\n<p>Aos 20 minutos, o goleiro Gonda fez bela defesa ap\u00f3s chute firme do meio-campista alem\u00e3o Kimmich. Dez minutos depois, o mesmo jogador recebeu a bola sozinho na grande \u00e1rea e foi derrubado pelo goleiro japon\u00eas. O \u00e1rbitro salvadorenho Iv\u00e1n Barton marcou p\u00eanalti. G\u00fcndo\u011fan converteu a cobran\u00e7a e fez 1 a 0 para a Alemanha.<\/p>\n\n\n\n<p>Nos acr\u00e9scimos do primeiro tempo, o atacante Havertz chegou a marcar o segundo gol para os alem\u00e3es, mas a arbitragem marcou impedimento na jogada.<\/p>\n\n\n\n<p>Na etapa final, os japoneses equilibraram o duelo e passaram a criar boas oportunidades para empatar a partida. Entretanto, aos 25 minutos, o goleiro japon\u00eas fez quatro defesas em sequ\u00eancia e evitou que a Alemanha ampliasse o placar.<\/p>\n\n\n\n<p>A seguir, foi a vez do goleiro alem\u00e3o Neuer fazer bela defesa e evitar o empate japon\u00eas.<\/p>\n\n\n\n<p>O jogo caminhava para o final quando, aos 30 minutos, o atacante Doan aproveitou o cruzamento do meia Kamada e igualou o placar.<\/p>\n\n\n\n<p>A virada japonesa veio em menos de dez minutos. Em cobran\u00e7a de falta, o zagueiro Itakura acionou Doan, que invadiu a \u00e1rea alem\u00e3 e bateu forte para garantir a vit\u00f3ria do Jap\u00e3o.<\/p>\n\n\n\n<h1 class=\"wp-block-heading\">Jovens da Espanha brilham e goleiam Costa Rica na estreia da Copa do Mundo<\/h1>\n\n\n\n<p>Com elenco reestruturado e jovem, uma das sele\u00e7\u00f5es favoritas ao trof\u00e9u desta&nbsp;Copa do Mundo, a Espanha estreou no Mundial com goleada em jogo contra a Costa Rica, no est\u00e1dio Al Thumama. Dani Olmo, Asensio, Ferran Torres, Gavi, Soler e Morata foram os respons\u00e1veis por marcar os gols da vit\u00f3ria de 7 a 0 da sele\u00e7\u00e3o espanhola sobre os costarriquenhos.&nbsp;A disputa marcou o fim a primeira rodada do Grupo E.<\/p>\n\n\n\n<div class=\"wp-block-image\"><figure class=\"aligncenter size-full\"><img decoding=\"async\" width=\"771\" height=\"420\" src=\"https:\/\/www.portalalerta.com.br\/wp-content\/uploads\/2022\/11\/Espanha-e-Costa-Rica-2022.jpg\" alt=\"\" class=\"wp-image-45899\" srcset=\"https:\/\/www.portalalerta.com.br\/wp-content\/uploads\/2022\/11\/Espanha-e-Costa-Rica-2022.jpg 771w, https:\/\/www.portalalerta.com.br\/wp-content\/uploads\/2022\/11\/Espanha-e-Costa-Rica-2022-441x240.jpg 441w, https:\/\/www.portalalerta.com.br\/wp-content\/uploads\/2022\/11\/Espanha-e-Costa-Rica-2022-768x418.jpg 768w\" sizes=\"(max-width: 771px) 100vw, 771px\" \/><\/figure><\/div>\n\n\n\n<p>O t\u00e9cnico espanhol, Luis Enrique apostou em uma reestrutura\u00e7\u00e3o no time e convocou jovens atletas. Apenas seis jogadores que disputaram a Copa do Mundo da R\u00fassia em 2018 est\u00e3o no Catar. Dentre os estreantes em Mundiais, est\u00e3o Pedri, Gavi, Ferran Torres e Dani Olmo, que foram os respons\u00e1veis por criar chances para a equipe e marcar gols.<\/p>\n\n\n\n<p>Aos 10 minutos do primeiro tempo, Dani Olmo estufou as redes do goleiro Keylor Navas. O atacante recebeu a bola de Pedri e, apesar da zaga ter desviado o passe, o espanhol conseguiu controlar a bola e chutar com a perna direita, inaugurando o placar da disputa.<\/p>\n\n\n\n<p>Em menos de dez minutos depois do primeiro gol, Jordi Alba encontrou Asensio no meio da \u00e1rea, e o atacante chutou a bola no canto do gol, ampliando a vantagem da Espanha. Nos 30 minutos da primeira etapa, Alba sofreu uma falta dentro da \u00e1rea e o \u00e1rbitro apitou o p\u00eanalti. Ferran Torres foi para a cobran\u00e7a e marcou o terceiro gol para os espanh\u00f3is.<\/p>\n\n\n\n<p>No segundo tempo, a Espanha retornou ao campo com sede de gols, e Ferran Torres marcou seu segundo gol, nos 9 minutos. 4 a 0 para os espanh\u00f3is. Aos 29 minutos, Morata cruzou a bola para Gavi, que chutou de fora da \u00e1rea e marcou mais um gol para a Espanha. Com o gol, o meia de 18 anos se tornou o jogador mais jovem a marcar com a camisa da sele\u00e7\u00e3o.<\/p>\n\n\n\n<p>Nos 45 minutos do segundo tempo, do meio da \u00e1rea, Soler chutou para o fundo da rede de Navas e ampilou ainda mais a vantagem. J\u00e1 nos acr\u00e9scimos da partida, Morata fez o s\u00e9timo gol da Espanha.<\/p>\n\n\n\n<p>Durante toda a partida, a sele\u00e7\u00e3o da Costa Rica n\u00e3o conseguiu superar a defesa advers\u00e1ria e n\u00e3o realizou chutes ou chutes ao gol. A Espanha, por outor lado, mostrou completo dom\u00ednio da partida e alcan\u00e7ou 82% da posse de bola.<\/p>\n\n\n\n<h3 class=\"wp-block-heading\">Pr\u00f3ximos jogos<\/h3>\n\n\n\n<p>A Costa Rica entra de novo em campo no domingo (27), contra a sele\u00e7\u00e3o do Jap\u00e3o, que venceu a Alemanha na estreia por 2 a 1. O jogo acontece \u00e0s 7h (de Bras\u00edlia) no est\u00e1dio Ahmad Bin Ali. No mesmo dia, os espanh\u00f3is encaram a sele\u00e7\u00e3o da Alemanha, \u00e0s 16h, no est\u00e1dio Internacional Khalifa.<\/p>\n\n\n\n<p><strong>B\u00e9lgica vence Canad\u00e1 por 1 a 0 e sai na lideran\u00e7a do Grupo F<\/strong><\/p>\n\n\n\n<p>Goleiro do time belga, Courtois defendeu um p\u00eanalti e impediu outras finaliza\u00e7\u00f5es do pa\u00eds canadense durante o jogo<\/p>\n\n\n\n<div class=\"wp-block-image\"><figure class=\"aligncenter size-large\"><img loading=\"lazy\" decoding=\"async\" width=\"1024\" height=\"481\" src=\"https:\/\/www.portalalerta.com.br\/wp-content\/uploads\/2022\/11\/Belgica-e-Canada-2022-1024x481.jpg\" alt=\"\" class=\"wp-image-45913\" srcset=\"https:\/\/www.portalalerta.com.br\/wp-content\/uploads\/2022\/11\/Belgica-e-Canada-2022-1024x481.jpg 1024w, https:\/\/www.portalalerta.com.br\/wp-content\/uploads\/2022\/11\/Belgica-e-Canada-2022-511x240.jpg 511w, https:\/\/www.portalalerta.com.br\/wp-content\/uploads\/2022\/11\/Belgica-e-Canada-2022-768x361.jpg 768w, https:\/\/www.portalalerta.com.br\/wp-content\/uploads\/2022\/11\/Belgica-e-Canada-2022-1536x722.jpg 1536w, https:\/\/www.portalalerta.com.br\/wp-content\/uploads\/2022\/11\/Belgica-e-Canada-2022.jpg 1600w\" sizes=\"(max-width: 1024px) 100vw, 1024px\" \/><\/figure><\/div>\n\n\n\n<p>A B\u00e9lgica venceu o Canad\u00e1 por 1 a 0 na tarde desta quarta-feira (23), pela primeira rodada do Grupo F da Copa do Mundo 2022. Batshuayi fez o \u00fanico gol da partida disputada.<\/p>\n\n\n\n<p>O goleiro do time belga, Courtois defendeu um p\u00eanalti e impediu outras finaliza\u00e7\u00f5es do Canad\u00e1 durante o jogo.<\/p>\n\n\n\n<p>Com o resultado, os belgas ocupam a primeira coloca\u00e7\u00e3o do Grupo F, com tr\u00eas pontos. Cro\u00e1cia e Marrocos dividem a vice-lideran\u00e7a, com um ponto cada. J\u00e1 o Canad\u00e1 n\u00e3o pontuou.<\/p>\n\n\n\n<p><em>Fonte: Di\u00e1rio do Nordeste<\/em>, CNN, R7 e <em>Metro1<\/em><\/p>\n\n\n\n<p><\/p>\n","protected":false},"excerpt":{"rendered":"<p>Marrocos e Cro\u00e1cia&nbsp;se enfrentaram em jogo v\u00e1lido pelo Grupo F da&nbsp;Copa do Mundo do Catar.&nbsp;Numa partida burocr\u00e1tica, a vice-campe\u00e3 mundial ficou no empate sem gols com o time marroquino. \u00c9 a terceira vez que o placar se repete nesta fase do torneio de 2022. O duelo desta quarta-feira (23) ocorreu no Est\u00e1dio Al Bayt, no<\/p>\n","protected":false},"author":2,"featured_media":45887,"comment_status":"open","ping_status":"open","sticky":false,"template":"","format":"standard","meta":{"om_disable_all_campaigns":false,"_monsterinsights_skip_tracking":false,"_monsterinsights_sitenote_active":false,"_monsterinsights_sitenote_note":"","_monsterinsights_sitenote_category":0,"footnotes":""},"categories":[70,2,69],"tags":[1248,1258,325,123,1246,1244,899,96,97,1268,1239],"class_list":["post-45882","post","type-post","status-publish","format-standard","has-post-thumbnail","hentry","category-destaques","category-esportes","category-noticias2","tag-alemanha","tag-belgica","tag-canada","tag-copa-do-mundo","tag-costa-rica","tag-croacia","tag-espanha","tag-esporte","tag-futebol","tag-japao","tag-marrocos"],"aioseo_notices":[],"_links":{"self":[{"href":"https:\/\/www.portalalerta.com.br\/index.php\/wp-json\/wp\/v2\/posts\/45882","targetHints":{"allow":["GET"]}}],"collection":[{"href":"https:\/\/www.portalalerta.com.br\/index.php\/wp-json\/wp\/v2\/posts"}],"about":[{"href":"https:\/\/www.portalalerta.com.br\/index.php\/wp-json\/wp\/v2\/types\/post"}],"author":[{"embeddable":true,"href":"https:\/\/www.portalalerta.com.br\/index.php\/wp-json\/wp\/v2\/users\/2"}],"replies":[{"embeddable":true,"href":"https:\/\/www.portalalerta.com.br\/index.php\/wp-json\/wp\/v2\/comments?post=45882"}],"version-history":[{"count":6,"href":"https:\/\/www.portalalerta.com.br\/index.php\/wp-json\/wp\/v2\/posts\/45882\/revisions"}],"predecessor-version":[{"id":45914,"href":"https:\/\/www.portalalerta.com.br\/index.php\/wp-json\/wp\/v2\/posts\/45882\/revisions\/45914"}],"wp:featuredmedia":[{"embeddable":true,"href":"https:\/\/www.portalalerta.com.br\/index.php\/wp-json\/wp\/v2\/media\/45887"}],"wp:attachment":[{"href":"https:\/\/www.portalalerta.com.br\/index.php\/wp-json\/wp\/v2\/media?parent=45882"}],"wp:term":[{"taxonomy":"category","embeddable":true,"href":"https:\/\/www.portalalerta.com.br\/index.php\/wp-json\/wp\/v2\/categories?post=45882"},{"taxonomy":"post_tag","embeddable":true,"href":"https:\/\/www.portalalerta.com.br\/index.php\/wp-json\/wp\/v2\/tags?post=45882"}],"curies":[{"name":"wp","href":"https:\/\/api.w.org\/{rel}","templated":true}]}}