{"id":45884,"date":"2022-11-23T16:03:00","date_gmt":"2022-11-23T19:03:00","guid":{"rendered":"https:\/\/www.portalalerta.com.br\/?p=45884"},"modified":"2022-11-23T00:13:05","modified_gmt":"2022-11-23T03:13:05","slug":"homem-e-preso-por-manter-mulher-em-carcere-privado-contra-quem-praticava-violencia-fisica-e-psicologica-em-olindina-ba","status":"publish","type":"post","link":"https:\/\/www.portalalerta.com.br\/index.php\/2022\/11\/23\/homem-e-preso-por-manter-mulher-em-carcere-privado-contra-quem-praticava-violencia-fisica-e-psicologica-em-olindina-ba\/","title":{"rendered":"Homem \u00e9 preso por manter mulher em c\u00e1rcere privado, contra quem praticava viol\u00eancia f\u00edsica e psicol\u00f3gica, em Olindina-BA"},"content":{"rendered":"\n<p>Na manh\u00e3 desta ter\u00e7a-feira (22), policiais militares da 6\u00aa CIA que realizavam rondas de rotina no munic\u00edpio de Cris\u00f3polis-BA, foram procurados por uma mulher que solicitava por ajuda.<\/p>\n\n\n\n<!--more-->\n\n\n\n<p>De acordo com a solicitante, seu genro mantinha sua filha e neta em c\u00e1rcere privado, ao mesmo tempo em que praticava viol\u00eancia f\u00edsica e psicol\u00f3gica contra a mulher, tendo em vista que a amea\u00e7ava de morte com uso de arma de fogo.<\/p>\n\n\n\n<p>Os policiais foram at\u00e9 o povoado Raso da Lagoa Doce, em Olindina-BA, onde os crimes estariam acontecendo. No local indicado, os policiais constataram ind\u00edcios de viol\u00eancia, e por isso, deram voz de pris\u00e3o ao autor, que foi conduzido e apresentado na Central de Flagrantes em Rio Real.<\/p>\n\n\n\n<p><em>Reda\u00e7\u00e3o: Portal Alerta<\/em><\/p>\n","protected":false},"excerpt":{"rendered":"<p>Na manh\u00e3 desta ter\u00e7a-feira (22), policiais militares da 6\u00aa CIA que realizavam rondas de rotina no munic\u00edpio de Cris\u00f3polis-BA, foram procurados por uma mulher que solicitava por ajuda.<\/p>\n","protected":false},"author":2,"featured_media":20567,"comment_status":"open","ping_status":"open","sticky":false,"template":"","format":"standard","meta":{"om_disable_all_campaigns":false,"_monsterinsights_skip_tracking":false,"_monsterinsights_sitenote_active":false,"_monsterinsights_sitenote_note":"","_monsterinsights_sitenote_category":0,"footnotes":""},"categories":[70,69,15,32,22],"tags":[100,71,48,4179,458,75,4178,4180,129,107,4181,132,230,3828,106,203,120,51,109,88,47,111,190,523],"class_list":["post-45884","post","type-post","status-publish","format-standard","has-post-thumbnail","hentry","category-destaques","category-noticias2","category-olindina","category-regiao","category-seguranca","tag-adustina","tag-antas","tag-araci","tag-banzae-2","tag-carcere-privado","tag-cicero-dantas","tag-cipo-2","tag-crisopolis-2","tag-euclides-da-cunha","tag-fatima","tag-heliopolis-2","tag-itapicuru","tag-jeremoabo","tag-noticias","tag-nova-soure","tag-novo-triunfo","tag-olindina","tag-paripiranga","tag-quijingue","tag-ribeira-do-amparo","tag-ribeira-do-pombal","tag-sitio-do-quinto","tag-tucano","tag-violencia-domestica"],"aioseo_notices":[],"_links":{"self":[{"href":"https:\/\/www.portalalerta.com.br\/index.php\/wp-json\/wp\/v2\/posts\/45884","targetHints":{"allow":["GET"]}}],"collection":[{"href":"https:\/\/www.portalalerta.com.br\/index.php\/wp-json\/wp\/v2\/posts"}],"about":[{"href":"https:\/\/www.portalalerta.com.br\/index.php\/wp-json\/wp\/v2\/types\/post"}],"author":[{"embeddable":true,"href":"https:\/\/www.portalalerta.com.br\/index.php\/wp-json\/wp\/v2\/users\/2"}],"replies":[{"embeddable":true,"href":"https:\/\/www.portalalerta.com.br\/index.php\/wp-json\/wp\/v2\/comments?post=45884"}],"version-history":[{"count":1,"href":"https:\/\/www.portalalerta.com.br\/index.php\/wp-json\/wp\/v2\/posts\/45884\/revisions"}],"predecessor-version":[{"id":45885,"href":"https:\/\/www.portalalerta.com.br\/index.php\/wp-json\/wp\/v2\/posts\/45884\/revisions\/45885"}],"wp:featuredmedia":[{"embeddable":true,"href":"https:\/\/www.portalalerta.com.br\/index.php\/wp-json\/wp\/v2\/media\/20567"}],"wp:attachment":[{"href":"https:\/\/www.portalalerta.com.br\/index.php\/wp-json\/wp\/v2\/media?parent=45884"}],"wp:term":[{"taxonomy":"category","embeddable":true,"href":"https:\/\/www.portalalerta.com.br\/index.php\/wp-json\/wp\/v2\/categories?post=45884"},{"taxonomy":"post_tag","embeddable":true,"href":"https:\/\/www.portalalerta.com.br\/index.php\/wp-json\/wp\/v2\/tags?post=45884"}],"curies":[{"name":"wp","href":"https:\/\/api.w.org\/{rel}","templated":true}]}}