{"id":45889,"date":"2022-11-24T07:00:00","date_gmt":"2022-11-24T10:00:00","guid":{"rendered":"https:\/\/www.portalalerta.com.br\/?p=45889"},"modified":"2022-11-23T20:16:34","modified_gmt":"2022-11-23T23:16:34","slug":"xxviii-batizado-e-troca-de-graduacao-de-capoeira-em-ribeira-do-pombal-ba","status":"publish","type":"post","link":"https:\/\/www.portalalerta.com.br\/index.php\/2022\/11\/24\/xxviii-batizado-e-troca-de-graduacao-de-capoeira-em-ribeira-do-pombal-ba\/","title":{"rendered":"XXVIII Batizado e Troca de Gradua\u00e7\u00e3o de Capoeira em Ribeira do Pombal-BA"},"content":{"rendered":"\n<p>A Associa\u00e7\u00e3o de Capoeira Arte Brasileira, convida a todos os pombalenses para um grande evento que ir\u00e1 acontecer no pr\u00f3ximo final de semana no Visgueira Clube de Lazer, em Ribeira do Pombal-BA.<\/p>\n\n\n\n<!--more-->\n\n\n\n<p>Na ocasi\u00e3o, ser\u00e3o realizados: <strong>batizados, Troca de Gradua\u00e7\u00f5es, e oficinas<\/strong>. Tudo com transmiss\u00e3o Ao Vivo.<\/p>\n\n\n\n<p><strong>Confira o cronograma do evento:<\/strong><\/p>\n\n\n\n<p><strong><u>Sexta-feira (25) \u2013 das 17hs \u00e0s 20hs<\/u><\/strong><\/p>\n\n\n\n<p><strong>17:00hs \u2013<\/strong> Aul\u00e3o com Mestre Gavi\u00e3o (Inhambupe)<\/p>\n\n\n\n<p><strong>18:00hs \u2013<\/strong> Oficina de Angola com Mestre Tico de Gabriel (Salvador)<\/p>\n\n\n\n<p><strong>19:00hs \u2013<\/strong> Roda Aberta<\/p>\n\n\n\n<p><strong>20:00hs \u2013<\/strong> Janta<\/p>\n\n\n\n<div class=\"wp-block-image\"><figure class=\"aligncenter size-full\"><img fetchpriority=\"high\" decoding=\"async\" width=\"720\" height=\"181\" src=\"https:\/\/www.portalalerta.com.br\/wp-content\/uploads\/2018\/02\/Auto-Escola-Nobre.jpg\" alt=\"\" class=\"wp-image-4869\" srcset=\"https:\/\/www.portalalerta.com.br\/wp-content\/uploads\/2018\/02\/Auto-Escola-Nobre.jpg 720w, https:\/\/www.portalalerta.com.br\/wp-content\/uploads\/2018\/02\/Auto-Escola-Nobre-260x65.jpg 260w, https:\/\/www.portalalerta.com.br\/wp-content\/uploads\/2018\/02\/Auto-Escola-Nobre-50x13.jpg 50w, https:\/\/www.portalalerta.com.br\/wp-content\/uploads\/2018\/02\/Auto-Escola-Nobre-150x38.jpg 150w\" sizes=\"(max-width: 720px) 100vw, 720px\" \/><\/figure><\/div>\n\n\n\n<p><strong><u>S\u00e1bado (26) \u2013 das 08hs \u00e0s 20hs<\/u><\/strong><\/p>\n\n\n\n<p><strong>08:00hs &#8211; <\/strong>&nbsp;Caf\u00e9 da Manh\u00e3<\/p>\n\n\n\n<p><strong>09:00hs \u2013<\/strong> Batizado (Abad\u00e1 Branco)<\/p>\n\n\n\n<p>Apresenta\u00e7\u00e3o dos Convidados e Batizado, e na sequ\u00eancia Roda Aberta<\/p>\n\n\n\n<p><strong>12:00hs \u2013<\/strong> Almo\u00e7o<\/p>\n\n\n\n<p><strong>14:00hs &#8211;<\/strong> Oficinas (Abad\u00e1s de cor)<\/p>\n\n\n\n<ul class=\"wp-block-list\"><li>14:00hs \u2013 Mestre Papel: Estilo Miudinho<\/li><li>15:00hs \u2013 Mestre Garrote: Musicalidade<\/li><li>16:00hs \u2013 Mestre Sabar\u00e1: Viv\u00eancia e Movimenta\u00e7\u00e3o<\/li><li>17:00hs \u2013 Mestre Macaco: Diversidade Cultural<\/li><li>18:00hs \u2013 Mestre Ventilador: Movimenta\u00e7\u00e3o e Viv\u00eancia do Maculel\u00ea<\/li><\/ul>\n\n\n\n<p><strong>19:00hs \u2013<\/strong> Roda Aberta<\/p>\n\n\n\n<p><strong>20:00hs \u2013<\/strong> Janta<\/p>\n\n\n\n<p><strong>21:00hs \u2013<\/strong> Confraterniza\u00e7\u00e3o: Samba de Roda e M\u00fasica Ao Vivo (Ariel o Sertanejo Apaixonado)<\/p>\n\n\n\n<p><strong><u>Domingo (27) \u2013 das 08hs \u00e0s 12hs<\/u><\/strong><\/p>\n\n\n\n<p><strong>08:00hs \u2013<\/strong> Caf\u00e9 da Manh\u00e3<\/p>\n\n\n\n<p><strong>09:00hs \u2013<\/strong> In\u00edcio: Apresenta\u00e7\u00e3o dos convidados, seguida de Roda de IUNA de formados \u00e0 mestre.<\/p>\n\n\n\n<p><strong>10:00hs \u2013<\/strong> Troca de Gradua\u00e7\u00f5es e formaturas<\/p>\n\n\n\n<p><strong>12:00hs \u2013<\/strong> Almo\u00e7o (Piscina)<\/p>\n\n\n\n<p>Mais informa\u00e7\u00f5es com Mestre Sombra: <strong>75-9 9943-6145.<\/strong><\/p>\n\n\n\n<p><em>Reda\u00e7\u00e3o: Portal Alerta<\/em><\/p>\n","protected":false},"excerpt":{"rendered":"<p>A Associa\u00e7\u00e3o de Capoeira Arte Brasileira, convida a todos os pombalenses para um grande evento que ir\u00e1 acontecer no pr\u00f3ximo final de semana no Visgueira Clube de Lazer, em Ribeira do Pombal-BA.<\/p>\n","protected":false},"author":2,"featured_media":45902,"comment_status":"open","ping_status":"open","sticky":false,"template":"","format":"standard","meta":{"om_disable_all_campaigns":false,"_monsterinsights_skip_tracking":false,"_monsterinsights_sitenote_active":false,"_monsterinsights_sitenote_note":"","_monsterinsights_sitenote_category":0,"footnotes":""},"categories":[70,2,69,32,3],"tags":[100,71,48,4179,2987,75,4178,4180,96,129,107,4181,132,230,3828,106,203,120,51,109,88,47,111,190],"class_list":["post-45889","post","type-post","status-publish","format-standard","has-post-thumbnail","hentry","category-destaques","category-esportes","category-noticias2","category-regiao","category-ribeira-do-pombal","tag-adustina","tag-antas","tag-araci","tag-banzae-2","tag-capoeira","tag-cicero-dantas","tag-cipo-2","tag-crisopolis-2","tag-esporte","tag-euclides-da-cunha","tag-fatima","tag-heliopolis-2","tag-itapicuru","tag-jeremoabo","tag-noticias","tag-nova-soure","tag-novo-triunfo","tag-olindina","tag-paripiranga","tag-quijingue","tag-ribeira-do-amparo","tag-ribeira-do-pombal","tag-sitio-do-quinto","tag-tucano"],"aioseo_notices":[],"_links":{"self":[{"href":"https:\/\/www.portalalerta.com.br\/index.php\/wp-json\/wp\/v2\/posts\/45889","targetHints":{"allow":["GET"]}}],"collection":[{"href":"https:\/\/www.portalalerta.com.br\/index.php\/wp-json\/wp\/v2\/posts"}],"about":[{"href":"https:\/\/www.portalalerta.com.br\/index.php\/wp-json\/wp\/v2\/types\/post"}],"author":[{"embeddable":true,"href":"https:\/\/www.portalalerta.com.br\/index.php\/wp-json\/wp\/v2\/users\/2"}],"replies":[{"embeddable":true,"href":"https:\/\/www.portalalerta.com.br\/index.php\/wp-json\/wp\/v2\/comments?post=45889"}],"version-history":[{"count":2,"href":"https:\/\/www.portalalerta.com.br\/index.php\/wp-json\/wp\/v2\/posts\/45889\/revisions"}],"predecessor-version":[{"id":45903,"href":"https:\/\/www.portalalerta.com.br\/index.php\/wp-json\/wp\/v2\/posts\/45889\/revisions\/45903"}],"wp:featuredmedia":[{"embeddable":true,"href":"https:\/\/www.portalalerta.com.br\/index.php\/wp-json\/wp\/v2\/media\/45902"}],"wp:attachment":[{"href":"https:\/\/www.portalalerta.com.br\/index.php\/wp-json\/wp\/v2\/media?parent=45889"}],"wp:term":[{"taxonomy":"category","embeddable":true,"href":"https:\/\/www.portalalerta.com.br\/index.php\/wp-json\/wp\/v2\/categories?post=45889"},{"taxonomy":"post_tag","embeddable":true,"href":"https:\/\/www.portalalerta.com.br\/index.php\/wp-json\/wp\/v2\/tags?post=45889"}],"curies":[{"name":"wp","href":"https:\/\/api.w.org\/{rel}","templated":true}]}}