{"id":45908,"date":"2022-11-24T07:03:00","date_gmt":"2022-11-24T10:03:00","guid":{"rendered":"https:\/\/www.portalalerta.com.br\/?p=45908"},"modified":"2022-11-24T07:39:19","modified_gmt":"2022-11-24T10:39:19","slug":"de-volta-apos-20-dias-bolsonaro-passa-5h-no-planalto-e-vai-embora","status":"publish","type":"post","link":"https:\/\/www.portalalerta.com.br\/index.php\/2022\/11\/24\/de-volta-apos-20-dias-bolsonaro-passa-5h-no-planalto-e-vai-embora\/","title":{"rendered":"De volta ap\u00f3s 20 dias, Bolsonaro passa 5h no Planalto e vai embora"},"content":{"rendered":"\n<p>Foi r\u00e1pido o retorno do&nbsp;presidente Jair Bolsonaro (PL)&nbsp;ao local de trabalho.<\/p>\n\n\n\n<!--more-->\n\n\n\n<p>Ap\u00f3s vinte dias sem pisar no Pal\u00e1cio do Planalto, o mandat\u00e1rio retornou ao local oficial de expediente da Presid\u00eancia da Rep\u00fablica por volta das 9h desta quarta-feira (23), mas voltou para o Pal\u00e1cio da Alvorada, sua resid\u00eancia oficial, por volta das 14h. No total, ele permaneceu na sede do Poder Executivo por cinco horas.<\/p>\n\n\n\n<p>O mandat\u00e1rio n\u00e3o frequentava o Planalto desde o dia 3 de novembro, segundo informa\u00e7\u00f5es do portal G1. Na data, ele teve um&nbsp;breve encontro com o vice-presidente eleito Geraldo Alckmin (PSB).<\/p>\n\n\n\n<div class=\"wp-block-image\"><figure class=\"alignleft size-full is-resized\"><img fetchpriority=\"high\" decoding=\"async\" src=\"https:\/\/www.portalalerta.com.br\/wp-content\/uploads\/2021\/04\/ELAB.jpg\" alt=\"\" class=\"wp-image-34795\" width=\"424\" height=\"338\" srcset=\"https:\/\/www.portalalerta.com.br\/wp-content\/uploads\/2021\/04\/ELAB.jpg 1000w, https:\/\/www.portalalerta.com.br\/wp-content\/uploads\/2021\/04\/ELAB-300x240.jpg 300w, https:\/\/www.portalalerta.com.br\/wp-content\/uploads\/2021\/04\/ELAB-768x614.jpg 768w, https:\/\/www.portalalerta.com.br\/wp-content\/uploads\/2021\/04\/ELAB-183x146.jpg 183w, https:\/\/www.portalalerta.com.br\/wp-content\/uploads\/2021\/04\/ELAB-50x40.jpg 50w, https:\/\/www.portalalerta.com.br\/wp-content\/uploads\/2021\/04\/ELAB-94x75.jpg 94w\" sizes=\"(max-width: 424px) 100vw, 424px\" \/><\/figure><\/div>\n\n\n\n<p>O encontro entre Bolsonaro e Alckmin ocorreu na \u00faltima hora. Quando o vice-presidente eleito sa\u00eda de uma reuni\u00e3o com o ministro Ciro Nogueira, da Casa Civil, ele foi chamado por um assessor para subir ao gabinete de Bolsonaro.<\/p>\n\n\n\n<p>Ciro e Alckmin s\u00e3o os respons\u00e1veis por coordenar as equipes de transi\u00e7\u00e3o do governo de Bolsonaro para o de Lula.<\/p>\n\n\n\n<p><strong>Agenda de Bolsonaro ap\u00f3s a derrota<\/strong><\/p>\n\n\n\n<p>A \u00faltima agenda oficial de Bolsonaro no Pal\u00e1cio do Planalto foi no dia 31 de outubro, quando ele teve uma reuni\u00e3o com Paulo Guedes, ministro da Economia, um dia depois de ser derrotado nas elei\u00e7\u00f5es presidenciais.<\/p>\n\n\n\n<p>At\u00e9 hoje, h\u00e1 mais de 24 dias ap\u00f3s o resultado do pleito, ele ainda n\u00e3o reconheceu publicamente a vit\u00f3ria de Luiz In\u00e1cio Lula da Silva (PT) e tem evitado apari\u00e7\u00f5es p\u00fablicas desde ent\u00e3o.<\/p>\n\n\n\n<p>Em 1\u00ba de novembro, o atual chefe do Executivo fez um pronunciamento \u00e0 imprensa de pouco mais de dois minutos, no Pal\u00e1cio da Alvorada. Na ocasi\u00e3o, disse que continuaria cumprindo a Constitui\u00e7\u00e3o Federal e n\u00e3o respondeu a nenhuma pergunta dos jornalistas convocados.<\/p>\n\n\n\n<p>Coube ao ministro da Casa Civil, Ciro Nogueira, anunciar que a transi\u00e7\u00e3o de governo havia sido autorizada.<\/p>\n\n\n\n<p><em>Fonte: Yahoo Not\u00edcias<\/em><\/p>\n","protected":false},"excerpt":{"rendered":"<p>Foi r\u00e1pido o retorno do&nbsp;presidente Jair Bolsonaro (PL)&nbsp;ao local de trabalho.<\/p>\n","protected":false},"author":2,"featured_media":45909,"comment_status":"open","ping_status":"open","sticky":false,"template":"","format":"standard","meta":{"om_disable_all_campaigns":false,"_monsterinsights_skip_tracking":false,"_monsterinsights_sitenote_active":false,"_monsterinsights_sitenote_note":"","_monsterinsights_sitenote_category":0,"footnotes":""},"categories":[34,70,69,21],"tags":[100,71,48,4179,93,75,4178,4180,129,107,4181,132,1395,230,3828,106,203,120,3619,51,1152,109,88,47,111,190],"class_list":["post-45908","post","type-post","status-publish","format-standard","has-post-thumbnail","hentry","category-brasil","category-destaques","category-noticias2","category-politica","tag-adustina","tag-antas","tag-araci","tag-banzae-2","tag-brasil","tag-cicero-dantas","tag-cipo-2","tag-crisopolis-2","tag-euclides-da-cunha","tag-fatima","tag-heliopolis-2","tag-itapicuru","tag-jair-bolsonaro","tag-jeremoabo","tag-noticias","tag-nova-soure","tag-novo-triunfo","tag-olindina","tag-palacio-do-planalto","tag-paripiranga","tag-presidente-da-republica","tag-quijingue","tag-ribeira-do-amparo","tag-ribeira-do-pombal","tag-sitio-do-quinto","tag-tucano"],"aioseo_notices":[],"_links":{"self":[{"href":"https:\/\/www.portalalerta.com.br\/index.php\/wp-json\/wp\/v2\/posts\/45908","targetHints":{"allow":["GET"]}}],"collection":[{"href":"https:\/\/www.portalalerta.com.br\/index.php\/wp-json\/wp\/v2\/posts"}],"about":[{"href":"https:\/\/www.portalalerta.com.br\/index.php\/wp-json\/wp\/v2\/types\/post"}],"author":[{"embeddable":true,"href":"https:\/\/www.portalalerta.com.br\/index.php\/wp-json\/wp\/v2\/users\/2"}],"replies":[{"embeddable":true,"href":"https:\/\/www.portalalerta.com.br\/index.php\/wp-json\/wp\/v2\/comments?post=45908"}],"version-history":[{"count":2,"href":"https:\/\/www.portalalerta.com.br\/index.php\/wp-json\/wp\/v2\/posts\/45908\/revisions"}],"predecessor-version":[{"id":45929,"href":"https:\/\/www.portalalerta.com.br\/index.php\/wp-json\/wp\/v2\/posts\/45908\/revisions\/45929"}],"wp:featuredmedia":[{"embeddable":true,"href":"https:\/\/www.portalalerta.com.br\/index.php\/wp-json\/wp\/v2\/media\/45909"}],"wp:attachment":[{"href":"https:\/\/www.portalalerta.com.br\/index.php\/wp-json\/wp\/v2\/media?parent=45908"}],"wp:term":[{"taxonomy":"category","embeddable":true,"href":"https:\/\/www.portalalerta.com.br\/index.php\/wp-json\/wp\/v2\/categories?post=45908"},{"taxonomy":"post_tag","embeddable":true,"href":"https:\/\/www.portalalerta.com.br\/index.php\/wp-json\/wp\/v2\/tags?post=45908"}],"curies":[{"name":"wp","href":"https:\/\/api.w.org\/{rel}","templated":true}]}}