{"id":45917,"date":"2022-11-24T11:01:00","date_gmt":"2022-11-24T14:01:00","guid":{"rendered":"https:\/\/www.portalalerta.com.br\/?p=45917"},"modified":"2022-11-24T21:30:43","modified_gmt":"2022-11-25T00:30:43","slug":"gerente-do-trafico-e-preso-ao-ser-flagrado-com-arma-de-fogo-em-ribeira-do-amparo-ba","status":"publish","type":"post","link":"https:\/\/www.portalalerta.com.br\/index.php\/2022\/11\/24\/gerente-do-trafico-e-preso-ao-ser-flagrado-com-arma-de-fogo-em-ribeira-do-amparo-ba\/","title":{"rendered":"Gerente do tr\u00e1fico \u00e9 preso ao ser flagrado com arma de fogo em Ribeira do Amparo-BA"},"content":{"rendered":"\n<p>Por volta de 00:00h desta quarta-feira (23), uma a\u00e7\u00e3o conjunta envolvendo policiais militares da 21\u00aa CIPM e CIPE Nordeste, culminou na pris\u00e3o de um homem acusado de gerenciar o tr\u00e1fico de drogas em Ribeira do Amparo e regi\u00e3o.<\/p>\n\n\n\n<!--more-->\n\n\n\n<div class=\"wp-block-image\"><figure class=\"alignleft size-full is-resized\"><img fetchpriority=\"high\" decoding=\"async\" src=\"https:\/\/www.portalalerta.com.br\/wp-content\/uploads\/2022\/03\/Cred-Real.1.jpg\" alt=\"\" class=\"wp-image-41523\" width=\"405\" height=\"324\" srcset=\"https:\/\/www.portalalerta.com.br\/wp-content\/uploads\/2022\/03\/Cred-Real.1.jpg 500w, https:\/\/www.portalalerta.com.br\/wp-content\/uploads\/2022\/03\/Cred-Real.1-300x240.jpg 300w, https:\/\/www.portalalerta.com.br\/wp-content\/uploads\/2022\/03\/Cred-Real.1-183x146.jpg 183w, https:\/\/www.portalalerta.com.br\/wp-content\/uploads\/2022\/03\/Cred-Real.1-50x40.jpg 50w, https:\/\/www.portalalerta.com.br\/wp-content\/uploads\/2022\/03\/Cred-Real.1-94x75.jpg 94w\" sizes=\"(max-width: 405px) 100vw, 405px\" \/><\/figure><\/div>\n\n\n\n<p>J.S.S (Coringa), 28 anos, foi flagrado portando um rev\u00f3lver, e por conta disso, foi preso em flagrante.<\/p>\n\n\n\n<p>Na sequ\u00eancia, o criminoso foi conduzido para a Central de Flagrantes em Euclides da Cunha-BA, onde se encontra custodiado \u00e0 disposi\u00e7\u00e3o da justi\u00e7a.<\/p>\n\n\n\n<p><em>Reda\u00e7\u00e3o: Portal Alerta<\/em><\/p>\n","protected":false},"excerpt":{"rendered":"<p>Por volta de 00:00h desta quarta-feira (23), uma a\u00e7\u00e3o conjunta envolvendo policiais militares da 21\u00aa CIPM e CIPE Nordeste, culminou na pris\u00e3o de um homem acusado de gerenciar o tr\u00e1fico de drogas em Ribeira do Amparo e regi\u00e3o.<\/p>\n","protected":false},"author":2,"featured_media":9497,"comment_status":"open","ping_status":"open","sticky":false,"template":"","format":"standard","meta":{"om_disable_all_campaigns":false,"_monsterinsights_skip_tracking":false,"_monsterinsights_sitenote_active":false,"_monsterinsights_sitenote_note":"","_monsterinsights_sitenote_category":0,"footnotes":""},"categories":[70,69,32,16,22],"tags":[182,167,79,83,77,88,197,76],"class_list":["post-45917","post","type-post","status-publish","format-standard","has-post-thumbnail","hentry","category-destaques","category-noticias2","category-regiao","category-ribeira-do-amparo","category-seguranca","tag-21a-cipm","tag-cipe-nordeste","tag-policia-militar","tag-porte-ilegal-de-arma-de-fogo","tag-preso","tag-ribeira-do-amparo","tag-traficante","tag-trafico-de-drogas"],"aioseo_notices":[],"_links":{"self":[{"href":"https:\/\/www.portalalerta.com.br\/index.php\/wp-json\/wp\/v2\/posts\/45917","targetHints":{"allow":["GET"]}}],"collection":[{"href":"https:\/\/www.portalalerta.com.br\/index.php\/wp-json\/wp\/v2\/posts"}],"about":[{"href":"https:\/\/www.portalalerta.com.br\/index.php\/wp-json\/wp\/v2\/types\/post"}],"author":[{"embeddable":true,"href":"https:\/\/www.portalalerta.com.br\/index.php\/wp-json\/wp\/v2\/users\/2"}],"replies":[{"embeddable":true,"href":"https:\/\/www.portalalerta.com.br\/index.php\/wp-json\/wp\/v2\/comments?post=45917"}],"version-history":[{"count":2,"href":"https:\/\/www.portalalerta.com.br\/index.php\/wp-json\/wp\/v2\/posts\/45917\/revisions"}],"predecessor-version":[{"id":45944,"href":"https:\/\/www.portalalerta.com.br\/index.php\/wp-json\/wp\/v2\/posts\/45917\/revisions\/45944"}],"wp:featuredmedia":[{"embeddable":true,"href":"https:\/\/www.portalalerta.com.br\/index.php\/wp-json\/wp\/v2\/media\/9497"}],"wp:attachment":[{"href":"https:\/\/www.portalalerta.com.br\/index.php\/wp-json\/wp\/v2\/media?parent=45917"}],"wp:term":[{"taxonomy":"category","embeddable":true,"href":"https:\/\/www.portalalerta.com.br\/index.php\/wp-json\/wp\/v2\/categories?post=45917"},{"taxonomy":"post_tag","embeddable":true,"href":"https:\/\/www.portalalerta.com.br\/index.php\/wp-json\/wp\/v2\/tags?post=45917"}],"curies":[{"name":"wp","href":"https:\/\/api.w.org\/{rel}","templated":true}]}}