{"id":45936,"date":"2022-11-24T21:03:43","date_gmt":"2022-11-25T00:03:43","guid":{"rendered":"https:\/\/www.portalalerta.com.br\/?p=45936"},"modified":"2022-11-24T21:03:44","modified_gmt":"2022-11-25T00:03:44","slug":"em-nota-vereador-toninho-confirma-adesao-ao-grupo-da-situacao-onde-assumira-uma-secretaria-municipal-em-ribeira-do-pombal-ba","status":"publish","type":"post","link":"https:\/\/www.portalalerta.com.br\/index.php\/2022\/11\/24\/em-nota-vereador-toninho-confirma-adesao-ao-grupo-da-situacao-onde-assumira-uma-secretaria-municipal-em-ribeira-do-pombal-ba\/","title":{"rendered":"Em Nota, vereador Toninho confirma ades\u00e3o ao grupo da situa\u00e7\u00e3o, onde assumir\u00e1 uma Secretaria Municipal em Ribeira do Pombal-BA"},"content":{"rendered":"\n<p>O vereador Antonio Bernardo Costa Neto (PP), divulgou uma nota em que confirma as especula\u00e7\u00f5es pol\u00edticas durante as \u00faltimas semanas em Ribeira do Pombal-BA.<\/p>\n\n\n\n<!--more-->\n\n\n\n<p>Toninho que era uma das vozes ativas da oposi\u00e7\u00e3o pombalense, afirmou que foi convidado para aderir ao grupo comandado pelo prefeito Eriksson Silva (PSD), e ap\u00f3s a aceita\u00e7\u00e3o assumir\u00e1 a Secretaria de Esporte.<\/p>\n\n\n\n<p>A nota foi divulgada um dia antes, do evento oficial da gest\u00e3o municipal que anunciar\u00e1 mudan\u00e7as no secretariado, al\u00e9m de outros assuntos.<\/p>\n\n\n\n<p>Veja a nota na \u00edntegra:<\/p>\n\n\n\n<p><strong><em>\u201cUM NOVO CICLO SE INICIA!!!<\/em><\/strong><\/p>\n\n\n\n<p><strong><em>Durante 10 anos, fiz meu trabalho de forma significante como vereador, como militante pol\u00edtico, e, principalmente, como l\u00edder da oposi\u00e7\u00e3o na C\u00e2mara de Vereadores em nossa cidade. Atuei firme nas fiscaliza\u00e7\u00f5es do executivo, denunciei, fiz propostas e, acima de tudo, procurei prestar servi\u00e7os para as comunidades e para as pessoas que sempre confiaram no meu trabalho.<\/em><\/strong><\/p>\n\n\n\n<p><strong><em>De 2013 \u00e0 2016, tive papel fundamental na fiscaliza\u00e7\u00e3o e na busca de transpar\u00eancia nas a\u00e7\u00f5es do executivo municipal, al\u00e9m de sempre d\u00e1 assist\u00eancia as comunidades e amigos que fui construindo durante minha vida p\u00fablica e particular.<\/em><\/strong><\/p>\n\n\n\n<p><strong><em>Em meados de 2016, fui convidado pelo l\u00edder da oposi\u00e7\u00e3o para compor a chapa majorit\u00e1ria com o meu amigo Moura, como candidato a prefeito e eu na condi\u00e7\u00e3o de candidato a vice prefeito. Mesmo sendo sabedor de todas as dificuldades daquela elei\u00e7\u00e3o, mas, pensando principalmente no grupo pol\u00edtico, deixei de ser candidato a vereador, diga-se de passagem, com enorme chance de vit\u00f3ria, para compor a chapa de vice, mesmo sabendo que era muito pequeno a perspectiva de vit\u00f3ria.<\/em><\/strong><\/p>\n\n\n\n<p><strong><em>Como o esperado, perdemos a elei\u00e7\u00e3o, contudo, mesmo sem mandato, continuei, mesmo com todas os problemas, nunca deixei de ser um pol\u00edtico participativo em todas as a\u00e7\u00f5es propostas pela oposi\u00e7\u00e3o POMBALENSE.<\/em><\/strong><\/p>\n\n\n\n<p><strong><em>Em 2020, mais uma vez, fui candidato a vereador e obtive 1236 votos pela oposi\u00e7\u00e3o, sendo eleito pelo terceiro mandato, e ainda hoje, sou o vereador mais bem votado do nosso munic\u00edpio, com 2302 votos no ano de 2012.<\/em><\/strong><\/p>\n\n\n\n<p><strong><em>Agora, fui convidado pelo prefeito Erickson Silva, para fazer parte de seu grupo pol\u00edtico, e assumir em poucos dias, a Secretaria de Esportes do Munic\u00edpio.<\/em><\/strong><\/p>\n\n\n\n<p><strong><em>Foi com muita honra e a certeza que irei somar e muito, nesse novo grupo e nesso novo ciclo pol\u00edtico, pois, levaria comigo, a grande ess\u00eancia de minha vida p\u00fablica, que s\u00e3o todos voc\u00eas meus verdadeiros AMIGOS.<\/em><\/strong><\/p>\n\n\n\n<p><strong><em>J\u00e1 visitei e liguei para mais de 300 pessoas e n\u00e3o vou parar de entrar em contato com todos&#8230;e s\u00f3 tenho a agradecer a Deus, por essa d\u00e1diva, pois, mais de 90% das pessoas que mantive contato, seguir\u00e3o juntos nessa nova jornada.<\/em><\/strong><\/p>\n\n\n\n<p><strong><em>Que Deus aben\u00e7oe a todos e muito obrigado de <\/em><\/strong><strong><em>\u2764\ufe0f, por toda essa amizade, pelo respeito, pela confian\u00e7a e principalmente, por fazerem parte de minha vida.<\/em><\/strong><\/p>\n\n\n\n<p><strong><em>Um grande abra\u00e7o a todos!!<\/em><\/strong><\/p>\n\n\n\n<p><strong><em>TONINHO VEREADOR\u201d<\/em><\/strong><\/p>\n\n\n\n<p><em>Reda\u00e7\u00e3o: Portal Alerta<\/em><\/p>\n","protected":false},"excerpt":{"rendered":"<p>O vereador Antonio Bernardo Costa Neto (PP), divulgou uma nota em que confirma as especula\u00e7\u00f5es pol\u00edticas durante as \u00faltimas semanas em Ribeira do Pombal-BA.<\/p>\n","protected":false},"author":2,"featured_media":38360,"comment_status":"open","ping_status":"open","sticky":false,"template":"","format":"standard","meta":{"om_disable_all_campaigns":false,"_monsterinsights_skip_tracking":false,"_monsterinsights_sitenote_active":false,"_monsterinsights_sitenote_note":"","_monsterinsights_sitenote_category":0,"footnotes":""},"categories":[70,69,21,32,3],"tags":[5718,100,71,48,4179,75,4178,4180,129,107,4181,132,230,3828,106,203,120,646,51,1116,109,88,47,111,1654,190,80],"class_list":["post-45936","post","type-post","status-publish","format-standard","has-post-thumbnail","hentry","category-destaques","category-noticias2","category-politica","category-regiao","category-ribeira-do-pombal","tag-adesao","tag-adustina","tag-antas","tag-araci","tag-banzae-2","tag-cicero-dantas","tag-cipo-2","tag-crisopolis-2","tag-euclides-da-cunha","tag-fatima","tag-heliopolis-2","tag-itapicuru","tag-jeremoabo","tag-noticias","tag-nova-soure","tag-novo-triunfo","tag-olindina","tag-oposicao","tag-paripiranga","tag-pp","tag-quijingue","tag-ribeira-do-amparo","tag-ribeira-do-pombal","tag-sitio-do-quinto","tag-situacao","tag-tucano","tag-vereador"],"aioseo_notices":[],"_links":{"self":[{"href":"https:\/\/www.portalalerta.com.br\/index.php\/wp-json\/wp\/v2\/posts\/45936","targetHints":{"allow":["GET"]}}],"collection":[{"href":"https:\/\/www.portalalerta.com.br\/index.php\/wp-json\/wp\/v2\/posts"}],"about":[{"href":"https:\/\/www.portalalerta.com.br\/index.php\/wp-json\/wp\/v2\/types\/post"}],"author":[{"embeddable":true,"href":"https:\/\/www.portalalerta.com.br\/index.php\/wp-json\/wp\/v2\/users\/2"}],"replies":[{"embeddable":true,"href":"https:\/\/www.portalalerta.com.br\/index.php\/wp-json\/wp\/v2\/comments?post=45936"}],"version-history":[{"count":1,"href":"https:\/\/www.portalalerta.com.br\/index.php\/wp-json\/wp\/v2\/posts\/45936\/revisions"}],"predecessor-version":[{"id":45937,"href":"https:\/\/www.portalalerta.com.br\/index.php\/wp-json\/wp\/v2\/posts\/45936\/revisions\/45937"}],"wp:featuredmedia":[{"embeddable":true,"href":"https:\/\/www.portalalerta.com.br\/index.php\/wp-json\/wp\/v2\/media\/38360"}],"wp:attachment":[{"href":"https:\/\/www.portalalerta.com.br\/index.php\/wp-json\/wp\/v2\/media?parent=45936"}],"wp:term":[{"taxonomy":"category","embeddable":true,"href":"https:\/\/www.portalalerta.com.br\/index.php\/wp-json\/wp\/v2\/categories?post=45936"},{"taxonomy":"post_tag","embeddable":true,"href":"https:\/\/www.portalalerta.com.br\/index.php\/wp-json\/wp\/v2\/tags?post=45936"}],"curies":[{"name":"wp","href":"https:\/\/api.w.org\/{rel}","templated":true}]}}