{"id":45938,"date":"2022-11-24T21:15:54","date_gmt":"2022-11-25T00:15:54","guid":{"rendered":"https:\/\/www.portalalerta.com.br\/?p=45938"},"modified":"2022-11-24T21:15:55","modified_gmt":"2022-11-25T00:15:55","slug":"brasil-vence-com-golaco-de-richarlison-veja-como-foram-os-jogos-da-copa-do-mundo-nesta-quinta-feira","status":"publish","type":"post","link":"https:\/\/www.portalalerta.com.br\/index.php\/2022\/11\/24\/brasil-vence-com-golaco-de-richarlison-veja-como-foram-os-jogos-da-copa-do-mundo-nesta-quinta-feira\/","title":{"rendered":"Brasil vence com gola\u00e7o de Richarlison. Veja como foram os jogos da Copa do Mundo nesta quinta-feira"},"content":{"rendered":"\n<p>A\u00a0Sele\u00e7\u00e3o Brasileira\u00a0venceu a\u00a0S\u00e9rvia, por 2 a 0, nesta quinta-feira (24), no est\u00e1dio Lusail, em sua estreia pelo grupo G da\u00a0Copa do Mundo do Catar.<\/p>\n\n\n\n<!--more-->\n\n\n\n<p>Aos 13 minutos, Neymar Jr. teve a primeira boa chance brasileira. Cobrando escanteio, chutou direto no gol. A bola acabou sendo defendida pelo goleiro Milinkovi\u0107-Savi\u0107.<\/p>\n\n\n\n<p>Casemiro arriscou de fora da \u00e1rea, aos 20 minutos, em um chute forte colocado de perna direita. Entretanto, parou no defensor s\u00e9rvio.Os s\u00e9rvios chegaram ao ataque com um cruzamento de Tadi\u0107 para Mitrovi\u0107, que foi interceptado pelo goleiro Alisson, aos 24 minutos.<\/p>\n\n\n\n<p>Em um lan\u00e7amento forte de Thiago Silva para Vin\u00edcius Jr., aos 26 minutos, Milinkovi\u0107-Savi\u0107 chegou antes e impediu o chute do brasileiro. Posteriormente, Raphinha recebeu de Lucas Paquet\u00e1 e chutou cruzado no canto esquerdo. Entretanto, a bola saiu com pouca velocidade e facilitou para a defesa advers\u00e1ria.<\/p>\n\n\n\n<p>Em um \u00f3timo contra-ataque, aos 40 minutos, Vin\u00edcius Jr. ganhou do defensor Milenkovi\u0107, mas foi atrapalhado na hora da finaliza\u00e7\u00e3o e a bola acabou saindo pela linha de fundo.<\/p>\n\n\n\n<h2 class=\"wp-block-heading\"><strong>Segundo tempo<\/strong><\/h2>\n\n\n\n<p>Em uma subida de Neymar Jr., aos 3 minutos da segunda etapa, o meio-campo Gudelj foi advertido com cart\u00e3o amarelo por uma falta dura no jogador do Brasil. Na cobran\u00e7a, o atacante chutou na barreira e a bola saiu pela linha de fundo.<\/p>\n\n\n\n<div class=\"wp-block-image\"><figure class=\"alignleft size-full is-resized\"><img fetchpriority=\"high\" decoding=\"async\" src=\"https:\/\/www.portalalerta.com.br\/wp-content\/uploads\/2021\/04\/ELAB.jpg\" alt=\"\" class=\"wp-image-34795\" width=\"410\" height=\"328\" srcset=\"https:\/\/www.portalalerta.com.br\/wp-content\/uploads\/2021\/04\/ELAB.jpg 1000w, https:\/\/www.portalalerta.com.br\/wp-content\/uploads\/2021\/04\/ELAB-300x240.jpg 300w, https:\/\/www.portalalerta.com.br\/wp-content\/uploads\/2021\/04\/ELAB-768x614.jpg 768w, https:\/\/www.portalalerta.com.br\/wp-content\/uploads\/2021\/04\/ELAB-183x146.jpg 183w, https:\/\/www.portalalerta.com.br\/wp-content\/uploads\/2021\/04\/ELAB-50x40.jpg 50w, https:\/\/www.portalalerta.com.br\/wp-content\/uploads\/2021\/04\/ELAB-94x75.jpg 94w\" sizes=\"(max-width: 410px) 100vw, 410px\" \/><\/figure><\/div>\n\n\n\n<p>Alex Sandro protagonizou a melhor chance at\u00e9 ent\u00e3o, em um forte chute na trave, aos 14 minutos.<\/p>\n\n\n\n<p>Richarlison abriu o placar, aos 17 minutos, aproveitando uma sobra da defesa do goleiro ap\u00f3s chute de Vin\u00edcius Jr, em uma jogada iniciada por Neymar Jr.<\/p>\n\n\n\n<p>Momentos depois, Luki\u0107 tomou cart\u00e3o amarelo por reclamar de uma entrada de Thiago Silva em Tadi\u0107.<\/p>\n\n\n\n<p>Em um gola\u00e7o, Richarlison ampliou o placar, de voleio, depois de dominar o passe de Vin\u00edcius Jr, aos 28 minutos.<\/p>\n\n\n\n<p>Neymar Jr. foi substitu\u00eddo aos 34 minutos, por Antony, e saiu de campo chorando. Logo depois, passou por um tratamento com gelo no tornozelo.<\/p>\n\n\n\n<p>O t\u00e9cnico Tite fez alguns testes: Fred no lugar de Lucas Paquet\u00e1; Rodrygo no lugar de Vin\u00edcius Jr.; e Gabriel Jesus entrou no lugar de Richarlison.<\/p>\n\n\n\n<p>Ap\u00f3s a partida, o autor dos dois gols declarou que espera estar focado para as demais partidas. Com o resultado,\u00a0ele marcou 19 vezes pela sele\u00e7\u00e3o em 37 jogos.<\/p>\n\n\n\n<p><strong><em>\u201cNo intervalo, eu falei que s\u00f3 precisava de uma bola para finalizar\u201d<\/em><\/strong>, explicou Richarlison.<\/p>\n\n\n\n<p><strong><em>\u201cEssa bola chegou. Durante a semana eu falei que era dif\u00edcil furar o bloqueio deles. Estou acostumado com esse tipo de jogo na Inglaterra, onde as equipes jogam um pouco fechadas\u201d<\/em><\/strong>, continuou o atleta que atua no Tottenham.<\/p>\n\n\n\n<p><strong>Su\u00ed\u00e7a vence Camar\u00f5es em jogo do grupo do Brasil<\/strong><\/p>\n\n\n\n<p>Na abertura do grupo do\u00a0Brasil\u00a0na\u00a0Copa do Mundo de 2022, a\u00a0Su\u00ed\u00e7a\u00a0venceu\u00a0Camar\u00f5es\u00a0por 1 a 0, em jogo disputado no Al Janoub Stadium, em Al-Wakrah.<\/p>\n\n\n\n<div class=\"wp-block-image\"><figure class=\"aligncenter size-large\"><img decoding=\"async\" width=\"1024\" height=\"613\" src=\"https:\/\/www.portalalerta.com.br\/wp-content\/uploads\/2022\/11\/Suica-e-Camaroes-2022-1024x613.jpg\" alt=\"\" class=\"wp-image-45941\" srcset=\"https:\/\/www.portalalerta.com.br\/wp-content\/uploads\/2022\/11\/Suica-e-Camaroes-2022-1024x613.jpg 1024w, https:\/\/www.portalalerta.com.br\/wp-content\/uploads\/2022\/11\/Suica-e-Camaroes-2022-401x240.jpg 401w, https:\/\/www.portalalerta.com.br\/wp-content\/uploads\/2022\/11\/Suica-e-Camaroes-2022-768x459.jpg 768w, https:\/\/www.portalalerta.com.br\/wp-content\/uploads\/2022\/11\/Suica-e-Camaroes-2022.jpg 1170w\" sizes=\"(max-width: 1024px) 100vw, 1024px\" \/><\/figure><\/div>\n\n\n\n<p>O atacante Breel Embolo foi o autor do \u00fanico gol da partida, aos 3 minutos do segundo tempo.<\/p>\n\n\n\n<p>A sele\u00e7\u00e3o da Su\u00ed\u00e7a teve dificuldades para criar suas oportunidades durante o primeiro tempo, enquanto Camar\u00f5es utilizou bastante os contra-ataques para levar perigo ao gol de Sommer.<\/p>\n\n\n\n<p>A partida mudou de cara no segundo tempo. Logo aos 3 minutos, Xherdan Shaqiri recebeu pela direita e cruzou para o meio. O atacante Breel Embolo, nascido em Camar\u00f5es e naturalizado su\u00ed\u00e7o, completou para o gol.<\/p>\n\n\n\n<p>A partir da\u00ed, Camar\u00f5es buscou ficar mais com a bola para criar oportunidades de empatar, mas pouco perigo ofereceu para a Su\u00ed\u00e7a, que tamb\u00e9m teve chances de ampliar o marcador. O 1 a 0 persistiu at\u00e9 o final.<\/p>\n\n\n\n<h1 class=\"wp-block-heading\">Uruguai e Coreia do Sul empatam por 0 a 0 em estreia na Copa<\/h1>\n\n\n\n<p>Este \u00e9 o quarto resultado sem gols da competi\u00e7\u00e3o at\u00e9 o momento<\/p>\n\n\n\n<div class=\"wp-block-image\"><figure class=\"aligncenter size-full is-resized\"><img decoding=\"async\" src=\"https:\/\/www.portalalerta.com.br\/wp-content\/uploads\/2022\/11\/Uruguai-e-Coreia-do-Sul-2022.jpg\" alt=\"\" class=\"wp-image-45940\" width=\"425\" height=\"289\" srcset=\"https:\/\/www.portalalerta.com.br\/wp-content\/uploads\/2022\/11\/Uruguai-e-Coreia-do-Sul-2022.jpg 272w, https:\/\/www.portalalerta.com.br\/wp-content\/uploads\/2022\/11\/Uruguai-e-Coreia-do-Sul-2022-220x150.jpg 220w\" sizes=\"(max-width: 425px) 100vw, 425px\" \/><\/figure><\/div>\n\n\n\n<p>Uruguai\u00a0e\u00a0Coreia do Sul\u00a0empataram por 0 a 0 na estreia das sele\u00e7\u00f5es na\u00a0Copa do Mundo do Catar, nesta quinta-feira (24). Este \u00e9 o quarto empate sem gols da competi\u00e7\u00e3o at\u00e9 o momento.<\/p>\n\n\n\n<p>A sele\u00e7\u00e3o sul-coreana come\u00e7ou a partida pressionando o advers\u00e1rio em seu campo de defesa, for\u00e7ando o Uruguai a explorar os contra-ataques.<\/p>\n\n\n\n<p>Ainda na metade do primeiro tempo, os pap\u00e9is se inverteram, e o Uruguai quase abriu o placar ap\u00f3s finaliza\u00e7\u00e3o do meio-campista Valverde dentro da grande \u00e1rea.Aos 33 minutos, o atacante sul-coreano Hwang Eui-Jo recebeu a bola sozinho na grande \u00e1rea uruguaia, mas chutou por cima do gol.<\/p>\n\n\n\n<p>A melhor oportunidade da primeira etapa aconteceu aos 42 minutos, quando o zagueiro uruguaio God\u00edn cabeceou a bola na trave ap\u00f3s cobran\u00e7a de escanteio.<\/p>\n\n\n\n<p>No segundo tempo, as equipes mantiveram o equil\u00edbrio do jogo. Aos 35 minutos, a finaliza\u00e7\u00e3o do atacante uruguaio N\u00fa\u00f1ez quase passou perto do gol advers\u00e1rio.<\/p>\n\n\n\n<p>A poucos minutos do final, Valverde arriscou de fora da \u00e1rea e carimbou a trave.<\/p>\n\n\n\n<p>A Coreia do Sul ainda teve uma \u00faltima chance de inaugurar o marcador. O goleiro uruguaio Rochet saiu mal com os p\u00e9s e entregou a bola no p\u00e9 do atacante Son, que ajeitou e finalizou para fora.<\/p>\n\n\n\n<h2 class=\"wp-block-heading\"><strong>Com gol hist\u00f3rico de Cristiano Ronaldo, Portugal supera Gana por 3 a 2<\/strong><\/h2>\n\n\n\n<p>Contando com o brilho de Cristiano Ronaldo, Portugal superou Gana por 3 a 2, na tarde desta quinta-feira (24), e assumiu a lideran\u00e7a do Grupo H da Copa do Mundo, no qual Coreia do Sul e Uruguai aparecem na segunda posi\u00e7\u00e3o ap\u00f3s empatarem sem gols.<\/p>\n\n\n\n<div class=\"wp-block-image\"><figure class=\"aligncenter size-large\"><img loading=\"lazy\" decoding=\"async\" width=\"1024\" height=\"576\" src=\"https:\/\/www.portalalerta.com.br\/wp-content\/uploads\/2022\/11\/Portugal-e-Ghana-2022-1024x576.jpg\" alt=\"\" class=\"wp-image-45939\" srcset=\"https:\/\/www.portalalerta.com.br\/wp-content\/uploads\/2022\/11\/Portugal-e-Ghana-2022-1024x576.jpg 1024w, https:\/\/www.portalalerta.com.br\/wp-content\/uploads\/2022\/11\/Portugal-e-Ghana-2022-427x240.jpg 427w, https:\/\/www.portalalerta.com.br\/wp-content\/uploads\/2022\/11\/Portugal-e-Ghana-2022-768x432.jpg 768w, https:\/\/www.portalalerta.com.br\/wp-content\/uploads\/2022\/11\/Portugal-e-Ghana-2022-1536x864.jpg 1536w, https:\/\/www.portalalerta.com.br\/wp-content\/uploads\/2022\/11\/Portugal-e-Ghana-2022-390x220.jpg 390w, https:\/\/www.portalalerta.com.br\/wp-content\/uploads\/2022\/11\/Portugal-e-Ghana-2022.jpg 2048w\" sizes=\"(max-width: 1024px) 100vw, 1024px\" \/><\/figure><\/div>\n\n\n\n<p>No papel, Portugal tem um tima\u00e7o. Na realidade, o t\u00e9cnico Fernando Santos (campe\u00e3o da Euro 2016 e da Liga Europa 2019) parece ainda n\u00e3o conseguir extrair o melhor de cada um. Por isso, tanta dificuldade em uma partida em que o time teve mais posse de bola, criou os melhores lances e viu o atacante Cristiano Ronaldo desperdi\u00e7ar duas chances antes mesmo dos 15 minutos do 1\u00ba tempo, um passe no corredor central que ele n\u00e3o dominou corretamente e uma cabe\u00e7ada para fora.<\/p>\n\n\n\n<p>Aos 30 minutos, Cristiano Ronaldo recebeu na frente, o zagueiro de Gana desabou e o \u00e1rbitro marroquino, naturalizado norte-americano, marcou empurr\u00e3o. O camisa 7 ignorou o apito e ainda completou para as redes, mas o jogo estava parado.<\/p>\n\n\n\n<p>De certa forma, a t\u00f4nica do jogo mostrava Gana acuada, sem op\u00e7\u00f5es de sa\u00edda de bola e at\u00e9 confort\u00e1vel em ficar se defendendo, garantindo o 0 a 0 (ali\u00e1s, um resultado muito persistente nesta Copa).<\/p>\n\n\n\n<p>No 2\u00ba tempo, Gana conseguiu se soltar. Aos 9 minutos, num contra-ataque muito r\u00e1pido, Kudus arriscou rasteiro de fora da \u00e1rea e a bola passou rente \u00e0 trave do goleiro Diogo Costa.<\/p>\n\n\n\n<p>Aos 17 minutos, Cristiano Ronaldo se jogou na \u00e1rea de Gana, o \u00e1rbitro marcou p\u00eanalti, mas os jogadores africanos pressionaram para que Ismail Elfath consultasse o VAR (\u00e1rbitro de v\u00eddeo). O juiz deu de ombros para as reclama\u00e7\u00f5es e CR7 foi para a cobran\u00e7a, perfeita, estufando as redes do goleiro Ati. Com este gol, o portugu\u00eas se tornou o primeiro jogador da hist\u00f3ria ao marcar ao menos uma vez em cinco Copas diferentes.<\/p>\n\n\n\n<p>Aos 32 minutos, os portugueses recuperam a bola e tocaram para o garoto Jo\u00e3o F\u00e9lix, atacante do Atl\u00e9tico de Madrid (Espanha), que foi parar diante do goleiro Ati e antes de dar um toquinho para marcar 2 a 1.<\/p>\n\n\n\n<p>Gana perdeu totalmente a concentra\u00e7\u00e3o. Os portugueses roubaram a bola e William Carvalho tocou na \u00e1rea para o reserva Rafael Le\u00e3o. O atacante do Milan (It\u00e1lia) apenas ajeitou o corpo e colocou a bola na chamada bochecha da rede do goleiro Ati: 3 a 1 aos 34 minutos.<\/p>\n\n\n\n<p>Para aumentar o nervosismo, o \u00e1rbitro deu 9 minutos de acr\u00e9scimo e o jogo ficou ainda mais faltoso. Mas o placar permaneceu sem novas altera\u00e7\u00f5es at\u00e9 o fim.<\/p>\n\n\n\n<p>Os lusos venceram no sufoco, mas jogaram toda a press\u00e3o na segunda rodada para o Uruguai, advers\u00e1rio da pr\u00f3xima segunda-feira (28). No mesmo dia, Gana entrar\u00e1 em campo contra a Coreia do Sul precisando vencer a qualquer custo. O Grupo H promete fortes emo\u00e7\u00f5es.<\/p>\n\n\n\n<p><em>Fonte: CNN, Ag\u00eancia Brasil<\/em><\/p>\n","protected":false},"excerpt":{"rendered":"<p>A\u00a0Sele\u00e7\u00e3o Brasileira\u00a0venceu a\u00a0S\u00e9rvia, por 2 a 0, nesta quinta-feira (24), no est\u00e1dio Lusail, em sua estreia pelo grupo G da\u00a0Copa do Mundo do Catar.<\/p>\n","protected":false},"author":2,"featured_media":45942,"comment_status":"open","ping_status":"open","sticky":false,"template":"","format":"standard","meta":{"om_disable_all_campaigns":false,"_monsterinsights_skip_tracking":false,"_monsterinsights_sitenote_active":false,"_monsterinsights_sitenote_note":"","_monsterinsights_sitenote_category":0,"footnotes":""},"categories":[34,70,2,35,69],"tags":[100,71,48,4179,93,5719,75,4178,123,341,4180,96,129,107,97,4142,4181,132,230,339,3828,106,203,120,51,1049,109,88,47,1247,111,1250,190,1275],"class_list":["post-45938","post","type-post","status-publish","format-standard","has-post-thumbnail","hentry","category-brasil","category-destaques","category-esportes","category-mundo","category-noticias2","tag-adustina","tag-antas","tag-araci","tag-banzae-2","tag-brasil","tag-camaroes","tag-cicero-dantas","tag-cipo-2","tag-copa-do-mundo","tag-coreia-do-sul","tag-crisopolis-2","tag-esporte","tag-euclides-da-cunha","tag-fatima","tag-futebol","tag-gana","tag-heliopolis-2","tag-itapicuru","tag-jeremoabo","tag-mundo","tag-noticias","tag-nova-soure","tag-novo-triunfo","tag-olindina","tag-paripiranga","tag-portugal","tag-quijingue","tag-ribeira-do-amparo","tag-ribeira-do-pombal","tag-servia","tag-sitio-do-quinto","tag-suica","tag-tucano","tag-uruguai"],"aioseo_notices":[],"_links":{"self":[{"href":"https:\/\/www.portalalerta.com.br\/index.php\/wp-json\/wp\/v2\/posts\/45938","targetHints":{"allow":["GET"]}}],"collection":[{"href":"https:\/\/www.portalalerta.com.br\/index.php\/wp-json\/wp\/v2\/posts"}],"about":[{"href":"https:\/\/www.portalalerta.com.br\/index.php\/wp-json\/wp\/v2\/types\/post"}],"author":[{"embeddable":true,"href":"https:\/\/www.portalalerta.com.br\/index.php\/wp-json\/wp\/v2\/users\/2"}],"replies":[{"embeddable":true,"href":"https:\/\/www.portalalerta.com.br\/index.php\/wp-json\/wp\/v2\/comments?post=45938"}],"version-history":[{"count":1,"href":"https:\/\/www.portalalerta.com.br\/index.php\/wp-json\/wp\/v2\/posts\/45938\/revisions"}],"predecessor-version":[{"id":45943,"href":"https:\/\/www.portalalerta.com.br\/index.php\/wp-json\/wp\/v2\/posts\/45938\/revisions\/45943"}],"wp:featuredmedia":[{"embeddable":true,"href":"https:\/\/www.portalalerta.com.br\/index.php\/wp-json\/wp\/v2\/media\/45942"}],"wp:attachment":[{"href":"https:\/\/www.portalalerta.com.br\/index.php\/wp-json\/wp\/v2\/media?parent=45938"}],"wp:term":[{"taxonomy":"category","embeddable":true,"href":"https:\/\/www.portalalerta.com.br\/index.php\/wp-json\/wp\/v2\/categories?post=45938"},{"taxonomy":"post_tag","embeddable":true,"href":"https:\/\/www.portalalerta.com.br\/index.php\/wp-json\/wp\/v2\/tags?post=45938"}],"curies":[{"name":"wp","href":"https:\/\/api.w.org\/{rel}","templated":true}]}}