{"id":45948,"date":"2022-11-26T16:03:26","date_gmt":"2022-11-26T19:03:26","guid":{"rendered":"https:\/\/www.portalalerta.com.br\/?p=45948"},"modified":"2022-11-26T17:08:27","modified_gmt":"2022-11-26T20:08:27","slug":"bolsonaro-faz-primeira-viagem-apos-a-derrota-para-lula-nas-eleicoes","status":"publish","type":"post","link":"https:\/\/www.portalalerta.com.br\/index.php\/2022\/11\/26\/bolsonaro-faz-primeira-viagem-apos-a-derrota-para-lula-nas-eleicoes\/","title":{"rendered":"Bolsonaro faz primeira viagem ap\u00f3s a derrota para Lula nas elei\u00e7\u00f5es"},"content":{"rendered":"\n<p>O presidente Jair Bolsonaro (PL) chegou ao munic\u00edpio de Resende, no Rio de Janeiro, na manh\u00e3 deste s\u00e1bado (26) para participar da formatura de cadetes da Academia Militar das Agulhas Negras (Aman).<\/p>\n\n\n\n<!--more-->\n\n\n\n<p>A ida do chefe do Executivo ao evento \u00e9 sua primeira viagem oficial desde a derrota nas urnas para Luiz In\u00e1cio Lula da Silva (PT), no final de outubro.<\/p>\n\n\n\n<div class=\"wp-block-image\"><figure class=\"alignleft size-full is-resized\"><img fetchpriority=\"high\" decoding=\"async\" src=\"https:\/\/www.portalalerta.com.br\/wp-content\/uploads\/2022\/11\/auto-escola-copa-do-mundo.jpeg\" alt=\"\" class=\"wp-image-45949\" width=\"358\" height=\"360\" srcset=\"https:\/\/www.portalalerta.com.br\/wp-content\/uploads\/2022\/11\/auto-escola-copa-do-mundo.jpeg 639w, https:\/\/www.portalalerta.com.br\/wp-content\/uploads\/2022\/11\/auto-escola-copa-do-mundo-239x240.jpeg 239w\" sizes=\"(max-width: 358px) 100vw, 358px\" \/><\/figure><\/div>\n\n\n\n<p>Na noite da \u00faltima sexta-feira (25), antes de viajar, Bolsonaro passou a noite na Escola de Especialista de Aeron\u00e1utica (EEAR), em Guaratinguet\u00e1, em S\u00e3o Paulo. Ele chegou \u00e0 Aman pouco antes da 11h.<\/p>\n\n\n\n<p>A \u00faltima agenda oficial do presidente no Pal\u00e1cio do Planalto foi uma reuni\u00e3o com o ministro da Economia, Paulo Guedes, no dia 31 de outubro, depois do segundo turno das elei\u00e7\u00f5es.<\/p>\n\n\n\n<p>O vice-presidente, Hamilton Mour\u00e3o, e o ministro da Defesa Paulo S\u00e9rgio Nogueira de Oliveira tamb\u00e9m est\u00e3o na Aman.<\/p>\n\n\n\n<p>A previs\u00e3o \u00e9 de que Bolsonaro deixe Resende \u00e0s 13h30 para voltar a Bras\u00edlia.<\/p>\n\n\n\n<p><strong>Bolsonaro &#8220;est\u00e1 tranquilo&#8221;<\/strong><\/p>\n\n\n\n<p>O deputado federal Ricardo Barros (PP-PR), l\u00edder do governo na C\u00e2mara dos Deputados, encontrou o presidente Jair Bolsonaro (PL) na \u00faltima sexta-feira (25), no Pal\u00e1cio da Alvorada.<\/p>\n\n\n\n<p>Segundo o parlamentar, o encontro foi dedicado a falar sobre o momento pol\u00edtico, al\u00e9m de ser uma conversa &#8220;de amigos&#8221;.<\/p>\n\n\n\n<p><strong><em>\u201cFui l\u00e1 trocar ideias, para falar do momento que estamos vivendo no Parlamento, das articula\u00e7\u00f5es. Foi uma conversa de amigos e de pol\u00edtica. A \u00faltima vez que conversei com ele foi no dia em que fez declara\u00e7\u00e3o para a imprensa [em 1\u00ba de novembro]\u201d<\/em><\/strong>, disse Barros ao site Poder 360.<\/p>\n\n\n\n<p>De acordo com o deputado, Bolsonaro aparenta estar tranquilo. Na \u00faltima quarta-feira (23), o mandat\u00e1rio finalmente decidiu retornar ao Pal\u00e1cio do Planalto, sede do Governo Federal, onde n\u00e3o colocava os p\u00e9s desde o dia 3 de novembro.<\/p>\n\n\n\n<p><em>Fonte: Yahoo Not\u00edcias<\/em><\/p>\n\n\n\n<p><em>Com informa\u00e7\u00f5es do g1<\/em><\/p>\n","protected":false},"excerpt":{"rendered":"<p>O presidente Jair Bolsonaro (PL) chegou ao munic\u00edpio de Resende, no Rio de Janeiro, na manh\u00e3 deste s\u00e1bado (26) para participar da formatura de cadetes da Academia Militar das Agulhas Negras (Aman).<\/p>\n","protected":false},"author":2,"featured_media":45960,"comment_status":"open","ping_status":"open","sticky":false,"template":"","format":"standard","meta":{"om_disable_all_campaigns":false,"_monsterinsights_skip_tracking":false,"_monsterinsights_sitenote_active":false,"_monsterinsights_sitenote_note":"","_monsterinsights_sitenote_category":0,"footnotes":""},"categories":[34,70,69,21],"tags":[100,71,48,4179,93,75,4178,4180,129,107,4181,132,1395,230,3828,106,203,120,51,1152,109,5720,88,47,300,111,190,1720],"class_list":["post-45948","post","type-post","status-publish","format-standard","has-post-thumbnail","hentry","category-brasil","category-destaques","category-noticias2","category-politica","tag-adustina","tag-antas","tag-araci","tag-banzae-2","tag-brasil","tag-cicero-dantas","tag-cipo-2","tag-crisopolis-2","tag-euclides-da-cunha","tag-fatima","tag-heliopolis-2","tag-itapicuru","tag-jair-bolsonaro","tag-jeremoabo","tag-noticias","tag-nova-soure","tag-novo-triunfo","tag-olindina","tag-paripiranga","tag-presidente-da-republica","tag-quijingue","tag-resende","tag-ribeira-do-amparo","tag-ribeira-do-pombal","tag-rio-de-janeiro","tag-sitio-do-quinto","tag-tucano","tag-viagem"],"aioseo_notices":[],"_links":{"self":[{"href":"https:\/\/www.portalalerta.com.br\/index.php\/wp-json\/wp\/v2\/posts\/45948","targetHints":{"allow":["GET"]}}],"collection":[{"href":"https:\/\/www.portalalerta.com.br\/index.php\/wp-json\/wp\/v2\/posts"}],"about":[{"href":"https:\/\/www.portalalerta.com.br\/index.php\/wp-json\/wp\/v2\/types\/post"}],"author":[{"embeddable":true,"href":"https:\/\/www.portalalerta.com.br\/index.php\/wp-json\/wp\/v2\/users\/2"}],"replies":[{"embeddable":true,"href":"https:\/\/www.portalalerta.com.br\/index.php\/wp-json\/wp\/v2\/comments?post=45948"}],"version-history":[{"count":1,"href":"https:\/\/www.portalalerta.com.br\/index.php\/wp-json\/wp\/v2\/posts\/45948\/revisions"}],"predecessor-version":[{"id":45950,"href":"https:\/\/www.portalalerta.com.br\/index.php\/wp-json\/wp\/v2\/posts\/45948\/revisions\/45950"}],"wp:featuredmedia":[{"embeddable":true,"href":"https:\/\/www.portalalerta.com.br\/index.php\/wp-json\/wp\/v2\/media\/45960"}],"wp:attachment":[{"href":"https:\/\/www.portalalerta.com.br\/index.php\/wp-json\/wp\/v2\/media?parent=45948"}],"wp:term":[{"taxonomy":"category","embeddable":true,"href":"https:\/\/www.portalalerta.com.br\/index.php\/wp-json\/wp\/v2\/categories?post=45948"},{"taxonomy":"post_tag","embeddable":true,"href":"https:\/\/www.portalalerta.com.br\/index.php\/wp-json\/wp\/v2\/tags?post=45948"}],"curies":[{"name":"wp","href":"https:\/\/api.w.org\/{rel}","templated":true}]}}