{"id":45954,"date":"2022-11-26T16:50:03","date_gmt":"2022-11-26T19:50:03","guid":{"rendered":"https:\/\/www.portalalerta.com.br\/?p=45954"},"modified":"2022-11-26T16:50:05","modified_gmt":"2022-11-26T19:50:05","slug":"corpos-de-vitimas-de-ataque-a-escolas-no-espirito-santo-sao-sepultados","status":"publish","type":"post","link":"https:\/\/www.portalalerta.com.br\/index.php\/2022\/11\/26\/corpos-de-vitimas-de-ataque-a-escolas-no-espirito-santo-sao-sepultados\/","title":{"rendered":"Corpos de v\u00edtimas de ataque a escolas no Espirito Santo s\u00e3o sepultados"},"content":{"rendered":"\n<p>Tr\u00eas pessoas morreram no atentado e outras 13 ficaram feridas<\/p>\n\n\n\n<!--more-->\n\n\n\n<p>Os corpos dos mortos no ataque a tiros a duas escolas em Aracruz , no Esp\u00edrito Santo, foram velados na manh\u00e3 deste s\u00e1bado (26) e sepultados no in\u00edcio da tarde.\u00a0<\/p>\n\n\n\n<p>O corpo da estudante Selena Zagrillo, de 12 anos, foi sepultado durante a madrugada e o vel\u00f3rio ocorreu antes das 13h na cidade de Ibira\u00e7u, munic\u00edpio vizinho de Aracru, onde o crime aconteceu.<\/p>\n\n\n\n<p>O corpo da professora Maria da Penha Pereira de Melo Banhos, de 48 anos, conhecida como &#8220;Peinha&#8221;, foi levado para ser velado na capela mortu\u00e1ria do bairro Jardins, em Aracruz. O sepultamento ocorreu as 14h, mas a fam\u00edlia n\u00e3o informou o local do sepultamento.&nbsp;J\u00e1 a fam\u00edlia da professora Cybelle Passos Bezerra, de 45 anos, preferiu n\u00e3o realizar o vel\u00f3rio no estado, j\u00e1 que a v\u00edtima \u00e9 natural de Pernambuco. O corpo dela foi cremado na Serra, na Grande Vit\u00f3ria, e as cinzas levadas para Pernambuco.<\/p>\n\n\n\n<p>O ataque foi na manh\u00e3 de sexta-feira (25). Os disparos aconteceram por volta das 9h30 na Escola Estadual Primo Bitti e em uma escola particular que fica na mesma via, em Praia de Coqueiral, a 22 km do centro do munic\u00edpio. Aracruz, onde o ataque aconteceu, fica a 85 km ao norte da capital. O assassino respons\u00e1vel pelos ataques foi apreendido durante a tarde. Tr\u00eas pessoas morreram e 13 ficaram feridas.<\/p>\n\n\n\n<p>De acordo com informa\u00e7\u00f5es do G1, at\u00e9 o \u00faltimo boletim divulgado pela Secretaria de Sa\u00fade, publicado na manh\u00e3 deste s\u00e1bado, seis v\u00edtimas seguiam hospitalizadas, sendo elas quatro mulheres e duas crian\u00e7as, essas \u00faltimas em estado grave.<\/p>\n\n\n\n<p><em>Fonte: Metro1<\/em><\/p>\n","protected":false},"excerpt":{"rendered":"<p>Tr\u00eas pessoas morreram no atentado e outras 13 ficaram feridas<\/p>\n","protected":false},"author":2,"featured_media":45955,"comment_status":"open","ping_status":"open","sticky":false,"template":"","format":"standard","meta":{"om_disable_all_campaigns":false,"_monsterinsights_skip_tracking":false,"_monsterinsights_sitenote_active":false,"_monsterinsights_sitenote_note":"","_monsterinsights_sitenote_category":0,"footnotes":""},"categories":[34,70,69,22],"tags":[100,71,48,226,4179,93,75,4178,4180,560,1349,129,107,393,4181,132,230,608,3828,106,203,120,51,109,88,47,111,190],"class_list":["post-45954","post","type-post","status-publish","format-standard","has-post-thumbnail","hentry","category-brasil","category-destaques","category-noticias2","category-seguranca","tag-adustina","tag-antas","tag-araci","tag-ataque","tag-banzae-2","tag-brasil","tag-cicero-dantas","tag-cipo-2","tag-crisopolis-2","tag-escolas","tag-espirito-santo","tag-euclides-da-cunha","tag-fatima","tag-feridos","tag-heliopolis-2","tag-itapicuru","tag-jeremoabo","tag-mortos","tag-noticias","tag-nova-soure","tag-novo-triunfo","tag-olindina","tag-paripiranga","tag-quijingue","tag-ribeira-do-amparo","tag-ribeira-do-pombal","tag-sitio-do-quinto","tag-tucano"],"aioseo_notices":[],"_links":{"self":[{"href":"https:\/\/www.portalalerta.com.br\/index.php\/wp-json\/wp\/v2\/posts\/45954","targetHints":{"allow":["GET"]}}],"collection":[{"href":"https:\/\/www.portalalerta.com.br\/index.php\/wp-json\/wp\/v2\/posts"}],"about":[{"href":"https:\/\/www.portalalerta.com.br\/index.php\/wp-json\/wp\/v2\/types\/post"}],"author":[{"embeddable":true,"href":"https:\/\/www.portalalerta.com.br\/index.php\/wp-json\/wp\/v2\/users\/2"}],"replies":[{"embeddable":true,"href":"https:\/\/www.portalalerta.com.br\/index.php\/wp-json\/wp\/v2\/comments?post=45954"}],"version-history":[{"count":1,"href":"https:\/\/www.portalalerta.com.br\/index.php\/wp-json\/wp\/v2\/posts\/45954\/revisions"}],"predecessor-version":[{"id":45956,"href":"https:\/\/www.portalalerta.com.br\/index.php\/wp-json\/wp\/v2\/posts\/45954\/revisions\/45956"}],"wp:featuredmedia":[{"embeddable":true,"href":"https:\/\/www.portalalerta.com.br\/index.php\/wp-json\/wp\/v2\/media\/45955"}],"wp:attachment":[{"href":"https:\/\/www.portalalerta.com.br\/index.php\/wp-json\/wp\/v2\/media?parent=45954"}],"wp:term":[{"taxonomy":"category","embeddable":true,"href":"https:\/\/www.portalalerta.com.br\/index.php\/wp-json\/wp\/v2\/categories?post=45954"},{"taxonomy":"post_tag","embeddable":true,"href":"https:\/\/www.portalalerta.com.br\/index.php\/wp-json\/wp\/v2\/tags?post=45954"}],"curies":[{"name":"wp","href":"https:\/\/api.w.org\/{rel}","templated":true}]}}